{"id":6328,"date":"2021-06-01T13:00:01","date_gmt":"2021-06-01T11:00:01","guid":{"rendered":"https:\/\/agora.xtec.cat\/ceiptorresjonama\/?p=6328"},"modified":"2021-07-27T11:04:16","modified_gmt":"2021-07-27T09:04:16","slug":"premis-xxvi-concurs-artistic-i-literari-amics-de-la-unesco","status":"publish","type":"post","link":"https:\/\/agora.xtec.cat\/ceiptorresjonama\/general\/premis-xxvi-concurs-artistic-i-literari-amics-de-la-unesco\/","title":{"rendered":"PREMIS XXVI CONCURS ART\u00cdSTIC I LITERARI AMICS DE LA UNESCO"},"content":{"rendered":"<p>Enguany els nens i nenes de 3r hem participat al XXVI CONCURS ART\u00cdSTIC I LITERARI que organitzen els AMICS DE LA UNESCO de Girona i estem molt contents perqu\u00e8 hem guanyat alguns premis. Els guanyadors han estat els seg\u00fcents:<\/p>\n<p>CARTA MANUSCRITA:<\/p>\n<p>Bruna Boada, Martina Cano i Jan Alsina<\/p>\n<p>DIBUIX:<\/p>\n<p>Adri\u00e0 Hern\u00e0ndez, 1r premi<\/p>\n<p>Jan Alsina, finalista<\/p>\n<p style=\"text-align: center;\">( feu clic a la foto per accedir a l&#8217;\u00e0lbum)<\/p>\n<p><a href=\"https:\/\/photos.app.goo.gl\/Wg8BppHtMdStNdgWA\"><img loading=\"lazy\" decoding=\"async\" class=\"alignleft size-full wp-image-6330\" src=\"https:\/\/agora.xtec.cat\/ceiptorresjonama\/wp-content\/uploads\/usu279\/2021\/06\/ca890dd9-7dfa-40de-b888-236a0d03255e.jpg\" alt=\"\" width=\"2048\" height=\"946\" srcset=\"https:\/\/agora.xtec.cat\/ceiptorresjonama\/wp-content\/uploads\/usu279\/2021\/06\/ca890dd9-7dfa-40de-b888-236a0d03255e.jpg 2048w, https:\/\/agora.xtec.cat\/ceiptorresjonama\/wp-content\/uploads\/usu279\/2021\/06\/ca890dd9-7dfa-40de-b888-236a0d03255e-300x139.jpg 300w, https:\/\/agora.xtec.cat\/ceiptorresjonama\/wp-content\/uploads\/usu279\/2021\/06\/ca890dd9-7dfa-40de-b888-236a0d03255e-768x355.jpg 768w, https:\/\/agora.xtec.cat\/ceiptorresjonama\/wp-content\/uploads\/usu279\/2021\/06\/ca890dd9-7dfa-40de-b888-236a0d03255e-1024x473.jpg 1024w\" sizes=\"auto, (max-width: 2048px) 100vw, 2048px\" \/><\/a><\/p>\n","protected":false},"excerpt":{"rendered":"<p>Enguany els nens i nenes de 3r hem participat al XXVI CONCURS ART\u00cdSTIC I LITERARI que organitzen els AMICS DE LA UNESCO de Girona i estem molt contents perqu\u00e8 hem guanyat alguns premis. Els guanyadors han estat els seg\u00fcents:<br \/>\nCARTA MANUSCRITA:<br \/>\nBruna Boada, Martina Cano i Jan&hellip;  <a href=\"https:\/\/agora.xtec.cat\/ceiptorresjonama\/general\/premis-xxvi-concurs-artistic-i-literari-amics-de-la-unesco\/\" title=\"Read PREMIS XXVI CONCURS ART\u00cdSTIC I LITERARI AMICS DE LA UNESCO\">Llegeix m\u00e9s\u00bb<\/a><\/p>\n","protected":false},"author":4,"featured_media":6334,"comment_status":"closed","ping_status":"closed","sticky":false,"template":"","format":"standard","meta":{"_bbp_topic_count":0,"_bbp_reply_count":0,"_bbp_total_topic_count":0,"_bbp_total_reply_count":0,"_bbp_voice_count":0,"_bbp_anonymous_reply_count":0,"_bbp_topic_count_hidden":0,"_bbp_reply_count_hidden":0,"_bbp_forum_subforum_count":0,"footnotes":""},"categories":[12,1],"tags":[],"class_list":["post-6328","post","type-post","status-publish","format-standard","has-post-thumbnail","hentry","category-5e","category-general"],"post_mailing_queue_ids":[],"_links":{"self":[{"href":"https:\/\/agora.xtec.cat\/ceiptorresjonama\/wp-json\/wp\/v2\/posts\/6328","targetHints":{"allow":["GET"]}}],"collection":[{"href":"https:\/\/agora.xtec.cat\/ceiptorresjonama\/wp-json\/wp\/v2\/posts"}],"about":[{"href":"https:\/\/agora.xtec.cat\/ceiptorresjonama\/wp-json\/wp\/v2\/types\/post"}],"author":[{"embeddable":true,"href":"https:\/\/agora.xtec.cat\/ceiptorresjonama\/wp-json\/wp\/v2\/users\/4"}],"replies":[{"embeddable":true,"href":"https:\/\/agora.xtec.cat\/ceiptorresjonama\/wp-json\/wp\/v2\/comments?post=6328"}],"version-history":[{"count":3,"href":"https:\/\/agora.xtec.cat\/ceiptorresjonama\/wp-json\/wp\/v2\/posts\/6328\/revisions"}],"predecessor-version":[{"id":6449,"href":"https:\/\/agora.xtec.cat\/ceiptorresjonama\/wp-json\/wp\/v2\/posts\/6328\/revisions\/6449"}],"wp:featuredmedia":[{"embeddable":true,"href":"https:\/\/agora.xtec.cat\/ceiptorresjonama\/wp-json\/wp\/v2\/media\/6334"}],"wp:attachment":[{"href":"https:\/\/agora.xtec.cat\/ceiptorresjonama\/wp-json\/wp\/v2\/media?parent=6328"}],"wp:term":[{"taxonomy":"category","embeddable":true,"href":"https:\/\/agora.xtec.cat\/ceiptorresjonama\/wp-json\/wp\/v2\/categories?post=6328"},{"taxonomy":"post_tag","embeddable":true,"href":"https:\/\/agora.xtec.cat\/ceiptorresjonama\/wp-json\/wp\/v2\/tags?post=6328"}],"curies":[{"name":"wp","href":"https:\/\/api.w.org\/{rel}","templated":true}]}}