{"id":6324,"date":"2021-06-02T13:00:51","date_gmt":"2021-06-02T11:00:51","guid":{"rendered":"https:\/\/agora.xtec.cat\/ceiptorresjonama\/?p=6324"},"modified":"2021-07-27T11:04:52","modified_gmt":"2021-07-27T09:04:52","slug":"visita-a-lajuntament-de-mont-ras","status":"publish","type":"post","link":"https:\/\/agora.xtec.cat\/ceiptorresjonama\/general\/visita-a-lajuntament-de-mont-ras\/","title":{"rendered":"Visita a l&#8217;Ajuntament de Mont-ras"},"content":{"rendered":"<p style=\"text-align: justify;\">Les nenes i els nens de 3r estem estudiant el poble, l&#8217;ajuntament i els serveis municipals i el passat dimecres 26 de maig vam anar a visitar a l&#8217;Ajuntament de Mont-ras. Primer de tot vam poder fer unes preguntes que hav\u00edem preparat a l&#8217;alcaldessa Vanessa Peir\u00f3. Despr\u00e9s l&#8217;alcaldessa ens va ensenyar totes les depend\u00e8ncies de l&#8217;ajuntament i fins i tot vam poder seure a la sala de plens. Ens va agradar molt poder con\u00e8ixer les persones que hi treballen, visitar l&#8217;arxiu i agafar la vara d&#8217;alcalde. Ara sabem que l&#8217;ajuntament \u00e9s la casa de tots i totes!<\/p>\n<p style=\"text-align: center;\">(podeu accedir a l&#8217;\u00e0lbum fent clic a la foto)<\/p>\n<p><a href=\"https:\/\/photos.app.goo.gl\/bPa8vz3uhGzcy2dy6\"><img loading=\"lazy\" decoding=\"async\" class=\"size-full wp-image-6325 aligncenter\" src=\"https:\/\/agora.xtec.cat\/ceiptorresjonama\/wp-content\/uploads\/usu279\/2021\/05\/IMG_6747.jpg\" alt=\"\" width=\"640\" height=\"480\" srcset=\"https:\/\/agora.xtec.cat\/ceiptorresjonama\/wp-content\/uploads\/usu279\/2021\/05\/IMG_6747.jpg 640w, https:\/\/agora.xtec.cat\/ceiptorresjonama\/wp-content\/uploads\/usu279\/2021\/05\/IMG_6747-300x225.jpg 300w, https:\/\/agora.xtec.cat\/ceiptorresjonama\/wp-content\/uploads\/usu279\/2021\/05\/IMG_6747-200x150.jpg 200w\" sizes=\"auto, (max-width: 640px) 100vw, 640px\" \/><\/a><\/p>\n","protected":false},"excerpt":{"rendered":"<p>Les nenes i els nens de 3r estem estudiant el poble, l&#8217;ajuntament i els serveis municipals i el passat dimecres 26 de maig vam anar a visitar a l&#8217;Ajuntament de Mont-ras. Primer de tot vam poder fer unes preguntes que hav\u00edem preparat a l&#8217;alcaldessa Vanessa&hellip;  <a href=\"https:\/\/agora.xtec.cat\/ceiptorresjonama\/general\/visita-a-lajuntament-de-mont-ras\/\" title=\"Read Visita a l&#8217;Ajuntament de Mont-ras\">Llegeix m\u00e9s\u00bb<\/a><\/p>\n","protected":false},"author":4,"featured_media":6325,"comment_status":"closed","ping_status":"closed","sticky":false,"template":"","format":"standard","meta":{"_bbp_topic_count":0,"_bbp_reply_count":0,"_bbp_total_topic_count":0,"_bbp_total_reply_count":0,"_bbp_voice_count":0,"_bbp_anonymous_reply_count":0,"_bbp_topic_count_hidden":0,"_bbp_reply_count_hidden":0,"_bbp_forum_subforum_count":0,"footnotes":""},"categories":[12,1],"tags":[],"class_list":["post-6324","post","type-post","status-publish","format-standard","has-post-thumbnail","hentry","category-5e","category-general"],"post_mailing_queue_ids":[],"_links":{"self":[{"href":"https:\/\/agora.xtec.cat\/ceiptorresjonama\/wp-json\/wp\/v2\/posts\/6324","targetHints":{"allow":["GET"]}}],"collection":[{"href":"https:\/\/agora.xtec.cat\/ceiptorresjonama\/wp-json\/wp\/v2\/posts"}],"about":[{"href":"https:\/\/agora.xtec.cat\/ceiptorresjonama\/wp-json\/wp\/v2\/types\/post"}],"author":[{"embeddable":true,"href":"https:\/\/agora.xtec.cat\/ceiptorresjonama\/wp-json\/wp\/v2\/users\/4"}],"replies":[{"embeddable":true,"href":"https:\/\/agora.xtec.cat\/ceiptorresjonama\/wp-json\/wp\/v2\/comments?post=6324"}],"version-history":[{"count":3,"href":"https:\/\/agora.xtec.cat\/ceiptorresjonama\/wp-json\/wp\/v2\/posts\/6324\/revisions"}],"predecessor-version":[{"id":6450,"href":"https:\/\/agora.xtec.cat\/ceiptorresjonama\/wp-json\/wp\/v2\/posts\/6324\/revisions\/6450"}],"wp:featuredmedia":[{"embeddable":true,"href":"https:\/\/agora.xtec.cat\/ceiptorresjonama\/wp-json\/wp\/v2\/media\/6325"}],"wp:attachment":[{"href":"https:\/\/agora.xtec.cat\/ceiptorresjonama\/wp-json\/wp\/v2\/media?parent=6324"}],"wp:term":[{"taxonomy":"category","embeddable":true,"href":"https:\/\/agora.xtec.cat\/ceiptorresjonama\/wp-json\/wp\/v2\/categories?post=6324"},{"taxonomy":"post_tag","embeddable":true,"href":"https:\/\/agora.xtec.cat\/ceiptorresjonama\/wp-json\/wp\/v2\/tags?post=6324"}],"curies":[{"name":"wp","href":"https:\/\/api.w.org\/{rel}","templated":true}]}}