{"id":625,"date":"2016-06-30T11:52:01","date_gmt":"2016-06-30T10:52:01","guid":{"rendered":"https:\/\/torresjonama.wordpress.com\/?p=625"},"modified":"2016-06-30T11:52:01","modified_gmt":"2016-06-30T10:52:01","slug":"festa-final-de-curs","status":"publish","type":"post","link":"https:\/\/agora.xtec.cat\/ceiptorresjonama\/uncategorized\/festa-final-de-curs\/","title":{"rendered":"Festa final de curs"},"content":{"rendered":"<p style=\"text-align:justify;\">Benvolgudes fam\u00edlies,<\/p>\n<p style=\"text-align:justify;\">Volem compartir amb vosaltres algunes fotografies dels jocs d&#8217;aigua de l&#8217;\u00faltim dia. Tamb\u00e9 compartim un v\u00eddeo on la M. \u00c0ngels, com a directora i en nom de tota l&#8217;escola, acomiada els alumnes de sis\u00e8, just abans de la realitzaci\u00f3 d&#8217;un ball que ells mateixos havien preparat. Aprofitem per a desitjar un molt bon estiu a tothom.<\/p>\n<p><a href=\"https:\/\/picasaweb.google.com\/103279565880635005062\/6301929343422999009\"><img loading=\"lazy\" decoding=\"async\" class=\"alignnone size-full wp-image-630\" src=\"https:\/\/agora.xtec.cat\/ceiptorresjonama\/wp-content\/uploads\/usu279\/2016\/06\/cc3b2pia-de-img_4303.jpg\" alt=\"C\u00f2pia de IMG_4303\" width=\"1600\" height=\"1200\" srcset=\"https:\/\/agora.xtec.cat\/ceiptorresjonama\/wp-content\/uploads\/usu279\/2016\/06\/cc3b2pia-de-img_4303.jpg 1600w, https:\/\/agora.xtec.cat\/ceiptorresjonama\/wp-content\/uploads\/usu279\/2016\/06\/cc3b2pia-de-img_4303-300x225.jpg 300w, https:\/\/agora.xtec.cat\/ceiptorresjonama\/wp-content\/uploads\/usu279\/2016\/06\/cc3b2pia-de-img_4303-768x576.jpg 768w, https:\/\/agora.xtec.cat\/ceiptorresjonama\/wp-content\/uploads\/usu279\/2016\/06\/cc3b2pia-de-img_4303-1024x768.jpg 1024w, https:\/\/agora.xtec.cat\/ceiptorresjonama\/wp-content\/uploads\/usu279\/2016\/06\/cc3b2pia-de-img_4303-200x150.jpg 200w\" sizes=\"auto, (max-width: 1600px) 100vw, 1600px\" \/><\/a><\/p>\n<p>[youtube https:\/\/www.youtube.com\/watch?v=bhKrEaNLvHM]<\/p>\n","protected":false},"excerpt":{"rendered":"<p>Benvolgudes fam\u00edlies,<br \/>\nVolem compartir amb vosaltres algunes fotografies dels jocs d&#8217;aigua de l&#8217;\u00faltim dia. Tamb\u00e9 compartim un v\u00eddeo on la M. \u00c0ngels, com a directora i en nom de tota l&#8217;escola, acomiada els alumnes de sis\u00e8, just abans de la realitzaci\u00f3 d&#8217;un ball que ells mateixos&hellip;  <a href=\"https:\/\/agora.xtec.cat\/ceiptorresjonama\/uncategorized\/festa-final-de-curs\/\" title=\"Read Festa final de curs\">Llegeix m\u00e9s\u00bb<\/a><\/p>\n","protected":false},"author":1,"featured_media":0,"comment_status":"closed","ping_status":"closed","sticky":false,"template":"","format":"standard","meta":{"_bbp_topic_count":0,"_bbp_reply_count":0,"_bbp_total_topic_count":0,"_bbp_total_reply_count":0,"_bbp_voice_count":0,"_bbp_anonymous_reply_count":0,"_bbp_topic_count_hidden":0,"_bbp_reply_count_hidden":0,"_bbp_forum_subforum_count":0,"footnotes":""},"categories":[60],"tags":[],"class_list":["post-625","post","type-post","status-publish","format-standard","hentry","category-uncategorized"],"post_mailing_queue_ids":[],"_links":{"self":[{"href":"https:\/\/agora.xtec.cat\/ceiptorresjonama\/wp-json\/wp\/v2\/posts\/625","targetHints":{"allow":["GET"]}}],"collection":[{"href":"https:\/\/agora.xtec.cat\/ceiptorresjonama\/wp-json\/wp\/v2\/posts"}],"about":[{"href":"https:\/\/agora.xtec.cat\/ceiptorresjonama\/wp-json\/wp\/v2\/types\/post"}],"author":[{"embeddable":true,"href":"https:\/\/agora.xtec.cat\/ceiptorresjonama\/wp-json\/wp\/v2\/users\/1"}],"replies":[{"embeddable":true,"href":"https:\/\/agora.xtec.cat\/ceiptorresjonama\/wp-json\/wp\/v2\/comments?post=625"}],"version-history":[{"count":0,"href":"https:\/\/agora.xtec.cat\/ceiptorresjonama\/wp-json\/wp\/v2\/posts\/625\/revisions"}],"wp:attachment":[{"href":"https:\/\/agora.xtec.cat\/ceiptorresjonama\/wp-json\/wp\/v2\/media?parent=625"}],"wp:term":[{"taxonomy":"category","embeddable":true,"href":"https:\/\/agora.xtec.cat\/ceiptorresjonama\/wp-json\/wp\/v2\/categories?post=625"},{"taxonomy":"post_tag","embeddable":true,"href":"https:\/\/agora.xtec.cat\/ceiptorresjonama\/wp-json\/wp\/v2\/tags?post=625"}],"curies":[{"name":"wp","href":"https:\/\/api.w.org\/{rel}","templated":true}]}}