{"id":6158,"date":"2020-09-27T17:53:02","date_gmt":"2020-09-27T15:53:02","guid":{"rendered":"https:\/\/agora.xtec.cat\/ceiptorresjonama\/?p=6158"},"modified":"2020-09-27T17:53:57","modified_gmt":"2020-09-27T15:53:57","slug":"lenric-recull-un-premi","status":"publish","type":"post","link":"https:\/\/agora.xtec.cat\/ceiptorresjonama\/general\/lenric-recull-un-premi\/","title":{"rendered":"L&#8217;Enric recull un premi"},"content":{"rendered":"<p>El curs passat unes quantes classes de l&#8217;escola van participar al concurs que organitzen els amics de la UNESCO.<\/p>\n<p>Dijous passat l&#8217;Enric Verg\u00e9s Bruguera, acompanyat dels seus pares i de la directora de l&#8217;escola, va recollir el seu premi de la modalitat &#8220;carta escrita a m\u00e0&#8221; i tamb\u00e9 va recollir els premis de dos alumnes que l&#8217;any passat feien 6\u00e8 l&#8217;Arnau Salgas Andreu i la Mariona Mart\u00ednez Pont, que no van poder assistir a l&#8217;acte; el seus premis tamb\u00e9 s\u00f3n de la modalitat &#8220;carta escrita a m\u00e0&#8221;. Enhorabona a tots els premiats i paticipants.<\/p>\n<table>\n<tbody>\n<tr>\n<td><a href=\"https:\/\/agora.xtec.cat\/ceiptorresjonama\/wp-content\/uploads\/usu279\/2020\/09\/5b228e3a-6101-43e1-8209-cb714c5173ba.jpg\"><img loading=\"lazy\" decoding=\"async\" class=\"aligncenter size-medium wp-image-6159\" src=\"https:\/\/agora.xtec.cat\/ceiptorresjonama\/wp-content\/uploads\/usu279\/2020\/09\/5b228e3a-6101-43e1-8209-cb714c5173ba-225x300.jpg\" alt=\"\" width=\"225\" height=\"300\" srcset=\"https:\/\/agora.xtec.cat\/ceiptorresjonama\/wp-content\/uploads\/usu279\/2020\/09\/5b228e3a-6101-43e1-8209-cb714c5173ba-225x300.jpg 225w, https:\/\/agora.xtec.cat\/ceiptorresjonama\/wp-content\/uploads\/usu279\/2020\/09\/5b228e3a-6101-43e1-8209-cb714c5173ba-768x1024.jpg 768w, https:\/\/agora.xtec.cat\/ceiptorresjonama\/wp-content\/uploads\/usu279\/2020\/09\/5b228e3a-6101-43e1-8209-cb714c5173ba.jpg 1200w\" sizes=\"auto, (max-width: 225px) 100vw, 225px\" \/><\/a><\/td>\n<td><a href=\"https:\/\/agora.xtec.cat\/ceiptorresjonama\/wp-content\/uploads\/usu279\/2020\/09\/011094ef-df44-468a-b24c-ab25d14cb589.jpg\"><img loading=\"lazy\" decoding=\"async\" class=\"aligncenter size-medium wp-image-6160\" src=\"https:\/\/agora.xtec.cat\/ceiptorresjonama\/wp-content\/uploads\/usu279\/2020\/09\/011094ef-df44-468a-b24c-ab25d14cb589-225x300.jpg\" alt=\"\" width=\"225\" height=\"300\" srcset=\"https:\/\/agora.xtec.cat\/ceiptorresjonama\/wp-content\/uploads\/usu279\/2020\/09\/011094ef-df44-468a-b24c-ab25d14cb589-225x300.jpg 225w, https:\/\/agora.xtec.cat\/ceiptorresjonama\/wp-content\/uploads\/usu279\/2020\/09\/011094ef-df44-468a-b24c-ab25d14cb589-768x1024.jpg 768w, https:\/\/agora.xtec.cat\/ceiptorresjonama\/wp-content\/uploads\/usu279\/2020\/09\/011094ef-df44-468a-b24c-ab25d14cb589.jpg 1200w\" sizes=\"auto, (max-width: 225px) 100vw, 225px\" \/><\/a><\/td>\n<td style=\"text-align: center\"><a href=\"https:\/\/agora.xtec.cat\/ceiptorresjonama\/wp-content\/uploads\/usu279\/2020\/09\/e2b76c8d-c65c-438c-ae67-9f807e5cab77.jpg\"><img loading=\"lazy\" decoding=\"async\" class=\"aligncenter size-medium wp-image-6161\" src=\"https:\/\/agora.xtec.cat\/ceiptorresjonama\/wp-content\/uploads\/usu279\/2020\/09\/e2b76c8d-c65c-438c-ae67-9f807e5cab77-225x300.jpg\" alt=\"\" width=\"225\" height=\"300\" srcset=\"https:\/\/agora.xtec.cat\/ceiptorresjonama\/wp-content\/uploads\/usu279\/2020\/09\/e2b76c8d-c65c-438c-ae67-9f807e5cab77-225x300.jpg 225w, https:\/\/agora.xtec.cat\/ceiptorresjonama\/wp-content\/uploads\/usu279\/2020\/09\/e2b76c8d-c65c-438c-ae67-9f807e5cab77-768x1024.jpg 768w, https:\/\/agora.xtec.cat\/ceiptorresjonama\/wp-content\/uploads\/usu279\/2020\/09\/e2b76c8d-c65c-438c-ae67-9f807e5cab77.jpg 1200w\" sizes=\"auto, (max-width: 225px) 100vw, 225px\" \/><\/a><\/td>\n<\/tr>\n<\/tbody>\n<\/table>\n<p>&nbsp;<\/p>\n","protected":false},"excerpt":{"rendered":"<p>El curs passat unes quantes classes de l&#8217;escola van participar al concurs que organitzen els amics de la UNESCO.<br \/>\nDijous passat l&#8217;Enric Verg\u00e9s Bruguera, acompanyat dels seus pares i de la directora de l&#8217;escola, va recollir el seu premi de la modalitat &#8220;carta escrita a m\u00e0&#8221;&hellip;  <a href=\"https:\/\/agora.xtec.cat\/ceiptorresjonama\/general\/lenric-recull-un-premi\/\" title=\"Read L&#8217;Enric recull un premi\">Llegeix m\u00e9s\u00bb<\/a><\/p>\n","protected":false},"author":4,"featured_media":0,"comment_status":"open","ping_status":"closed","sticky":false,"template":"","format":"standard","meta":{"_bbp_topic_count":0,"_bbp_reply_count":0,"_bbp_total_topic_count":0,"_bbp_total_reply_count":0,"_bbp_voice_count":0,"_bbp_anonymous_reply_count":0,"_bbp_topic_count_hidden":0,"_bbp_reply_count_hidden":0,"_bbp_forum_subforum_count":0,"footnotes":""},"categories":[1],"tags":[],"class_list":["post-6158","post","type-post","status-publish","format-standard","hentry","category-general"],"post_mailing_queue_ids":[],"_links":{"self":[{"href":"https:\/\/agora.xtec.cat\/ceiptorresjonama\/wp-json\/wp\/v2\/posts\/6158","targetHints":{"allow":["GET"]}}],"collection":[{"href":"https:\/\/agora.xtec.cat\/ceiptorresjonama\/wp-json\/wp\/v2\/posts"}],"about":[{"href":"https:\/\/agora.xtec.cat\/ceiptorresjonama\/wp-json\/wp\/v2\/types\/post"}],"author":[{"embeddable":true,"href":"https:\/\/agora.xtec.cat\/ceiptorresjonama\/wp-json\/wp\/v2\/users\/4"}],"replies":[{"embeddable":true,"href":"https:\/\/agora.xtec.cat\/ceiptorresjonama\/wp-json\/wp\/v2\/comments?post=6158"}],"version-history":[{"count":4,"href":"https:\/\/agora.xtec.cat\/ceiptorresjonama\/wp-json\/wp\/v2\/posts\/6158\/revisions"}],"predecessor-version":[{"id":6167,"href":"https:\/\/agora.xtec.cat\/ceiptorresjonama\/wp-json\/wp\/v2\/posts\/6158\/revisions\/6167"}],"wp:attachment":[{"href":"https:\/\/agora.xtec.cat\/ceiptorresjonama\/wp-json\/wp\/v2\/media?parent=6158"}],"wp:term":[{"taxonomy":"category","embeddable":true,"href":"https:\/\/agora.xtec.cat\/ceiptorresjonama\/wp-json\/wp\/v2\/categories?post=6158"},{"taxonomy":"post_tag","embeddable":true,"href":"https:\/\/agora.xtec.cat\/ceiptorresjonama\/wp-json\/wp\/v2\/tags?post=6158"}],"curies":[{"name":"wp","href":"https:\/\/api.w.org\/{rel}","templated":true}]}}