{"id":605,"date":"2016-06-10T11:07:41","date_gmt":"2016-06-10T10:07:41","guid":{"rendered":"https:\/\/torresjonama.wordpress.com\/?p=605"},"modified":"2016-06-10T11:07:41","modified_gmt":"2016-06-10T10:07:41","slug":"pluja-de-sons","status":"publish","type":"post","link":"https:\/\/agora.xtec.cat\/ceiptorresjonama\/uncategorized\/pluja-de-sons\/","title":{"rendered":"Pluja de sons"},"content":{"rendered":"<p style=\"text-align:justify;\">Benvolgudes fam\u00edlies,<\/p>\n<p style=\"text-align:justify;\">Aquest divendres al mat\u00ed, tots els alumnes de l&#8217;escola han cantat la can\u00e7\u00f3 &#8220;Pluja de sons&#8221;, en reivindicaci\u00f3 de la import\u00e0ncia de la m\u00fasica a les escoles. Aquesta &#8220;cantata&#8221; s&#8217;ha dut a terme en diversos centres d&#8217;arreu a la mateixa hora, i ha estat promoguda pel Camp d&#8217;Aprenentatge Pau Casals. Tal com expliquen al CdA Pau Casals: &#8220;<em>La nostra intenci\u00f3 \u00e9s explicar novament al m\u00f3n, que estimem la m\u00fasica, que \u00e9s indispensable pel nostre dia a dia, que ens acompanya en molts moments importants de la vida i volem que\u00a0continu\u00ef sent indispensable en l\u2019educaci\u00f3 dels nostres infants<\/em>&#8220;.<\/p>\n<p>[youtube https:\/\/www.youtube.com\/watch?v=IJE7_rqRIqw]<\/p>\n","protected":false},"excerpt":{"rendered":"<p>Benvolgudes fam\u00edlies,<br \/>\nAquest divendres al mat\u00ed, tots els alumnes de l&#8217;escola han cantat la can\u00e7\u00f3 &#8220;Pluja de sons&#8221;, en reivindicaci\u00f3 de la import\u00e0ncia de la m\u00fasica a les escoles. Aquesta &#8220;cantata&#8221; s&#8217;ha dut a terme en diversos centres d&#8217;arreu a la mateixa hora, i ha estat&hellip;  <a href=\"https:\/\/agora.xtec.cat\/ceiptorresjonama\/uncategorized\/pluja-de-sons\/\" title=\"Read Pluja de sons\">Llegeix m\u00e9s\u00bb<\/a><\/p>\n","protected":false},"author":1,"featured_media":0,"comment_status":"closed","ping_status":"closed","sticky":false,"template":"","format":"standard","meta":{"_bbp_topic_count":0,"_bbp_reply_count":0,"_bbp_total_topic_count":0,"_bbp_total_reply_count":0,"_bbp_voice_count":0,"_bbp_anonymous_reply_count":0,"_bbp_topic_count_hidden":0,"_bbp_reply_count_hidden":0,"_bbp_forum_subforum_count":0,"footnotes":""},"categories":[60],"tags":[],"class_list":["post-605","post","type-post","status-publish","format-standard","hentry","category-uncategorized"],"post_mailing_queue_ids":[],"_links":{"self":[{"href":"https:\/\/agora.xtec.cat\/ceiptorresjonama\/wp-json\/wp\/v2\/posts\/605","targetHints":{"allow":["GET"]}}],"collection":[{"href":"https:\/\/agora.xtec.cat\/ceiptorresjonama\/wp-json\/wp\/v2\/posts"}],"about":[{"href":"https:\/\/agora.xtec.cat\/ceiptorresjonama\/wp-json\/wp\/v2\/types\/post"}],"author":[{"embeddable":true,"href":"https:\/\/agora.xtec.cat\/ceiptorresjonama\/wp-json\/wp\/v2\/users\/1"}],"replies":[{"embeddable":true,"href":"https:\/\/agora.xtec.cat\/ceiptorresjonama\/wp-json\/wp\/v2\/comments?post=605"}],"version-history":[{"count":0,"href":"https:\/\/agora.xtec.cat\/ceiptorresjonama\/wp-json\/wp\/v2\/posts\/605\/revisions"}],"wp:attachment":[{"href":"https:\/\/agora.xtec.cat\/ceiptorresjonama\/wp-json\/wp\/v2\/media?parent=605"}],"wp:term":[{"taxonomy":"category","embeddable":true,"href":"https:\/\/agora.xtec.cat\/ceiptorresjonama\/wp-json\/wp\/v2\/categories?post=605"},{"taxonomy":"post_tag","embeddable":true,"href":"https:\/\/agora.xtec.cat\/ceiptorresjonama\/wp-json\/wp\/v2\/tags?post=605"}],"curies":[{"name":"wp","href":"https:\/\/api.w.org\/{rel}","templated":true}]}}