{"id":5927,"date":"2020-06-14T20:14:36","date_gmt":"2020-06-14T18:14:36","guid":{"rendered":"https:\/\/agora.xtec.cat\/ceiptorresjonama\/?p=5927"},"modified":"2020-06-14T20:14:36","modified_gmt":"2020-06-14T18:14:36","slug":"tasques-infantil-15-19-de-juny","status":"publish","type":"post","link":"https:\/\/agora.xtec.cat\/ceiptorresjonama\/infantil\/i5\/tasques-infantil-15-19-de-juny\/","title":{"rendered":"Tasques Infantil 15-19 de juny"},"content":{"rendered":"<table style=\"height: 257px;\">\n<tbody>\n<tr style=\"height: 261px;\">\n<td style=\"width: 448px; height: 138px;\" colspan=\"2\">\n<h1 style=\"text-align: center;\"><span style=\"color: #0000ff;\"><strong>Setmana 15-19 de juny<\/strong><\/span><strong><a href=\"https:\/\/agora.xtec.cat\/ceiptorresjonama\/wp-content\/uploads\/usu279\/2020\/04\/Dll.jpg\"><img loading=\"lazy\" decoding=\"async\" class=\"aligncenter size-medium wp-image-3120\" src=\"https:\/\/agora.xtec.cat\/ceiptorresjonama\/wp-content\/uploads\/usu279\/2020\/04\/Dll-300x80.jpg\" alt=\"\" width=\"300\" height=\"80\" srcset=\"https:\/\/agora.xtec.cat\/ceiptorresjonama\/wp-content\/uploads\/usu279\/2020\/04\/Dll-300x80.jpg 300w, https:\/\/agora.xtec.cat\/ceiptorresjonama\/wp-content\/uploads\/usu279\/2020\/04\/Dll.jpg 482w\" sizes=\"auto, (max-width: 300px) 100vw, 300px\" \/><\/a><\/strong><\/h1>\n<\/td>\n<\/tr>\n<tr style=\"height: 98px;\">\n<td style=\"width: 120.8px; height: 98px;\"><strong><u>Activitats d&#8217;aprenentatge<\/u><\/strong><\/p>\n<p>&nbsp;<\/td>\n<td style=\"width: 325.6px; height: 98px;\">Hola nenes i nens!<\/p>\n<p>Ja hem arribat a la darrera setmana del curs.<\/p>\n<p>Si vols descobrir el que et proposem clica el dibuix!<\/p>\n<p><a href=\"https:\/\/agora.xtec.cat\/ceiptorresjonama\/wp-content\/uploads\/usu279\/2020\/06\/final-curs.pdf\" target=\"_blank\" rel=\"noopener noreferrer\"><img loading=\"lazy\" decoding=\"async\" class=\"aligncenter wp-image-5976\" src=\"https:\/\/agora.xtec.cat\/ceiptorresjonama\/wp-content\/uploads\/usu279\/2020\/06\/ilustracion-paisaje-primaveral_23-2147538606-300x300.jpg\" alt=\"\" width=\"300\" height=\"300\" srcset=\"https:\/\/agora.xtec.cat\/ceiptorresjonama\/wp-content\/uploads\/usu279\/2020\/06\/ilustracion-paisaje-primaveral_23-2147538606-300x300.jpg 300w, https:\/\/agora.xtec.cat\/ceiptorresjonama\/wp-content\/uploads\/usu279\/2020\/06\/ilustracion-paisaje-primaveral_23-2147538606-150x150.jpg 150w, https:\/\/agora.xtec.cat\/ceiptorresjonama\/wp-content\/uploads\/usu279\/2020\/06\/ilustracion-paisaje-primaveral_23-2147538606.jpg 458w\" sizes=\"auto, (max-width: 300px) 100vw, 300px\" \/><\/a><\/p>\n<p>&nbsp;<\/p>\n<p>Ha estat un final de trimestre ben diferent. Ens sembla que un final de conte (escola) aix\u00ed ens l&#8217;imagin\u00e0vem ben poc. Per\u00f2 el que s\u00ed que podem fer \u00e9s endolcir-lo tan com podem. Pensem que aquesta activitat ens hi pot ajudar.<\/p>\n<p><a href=\"https:\/\/agora.xtec.cat\/ceiptorresjonama\/wp-content\/uploads\/usu279\/2020\/06\/gelats_Irisz-Agocs.jpg\" target=\"_blank\" rel=\"noopener noreferrer\"><img loading=\"lazy\" decoding=\"async\" class=\"aligncenter size-medium wp-image-5980\" src=\"https:\/\/agora.xtec.cat\/ceiptorresjonama\/wp-content\/uploads\/usu279\/2020\/06\/gelats_Irisz-Agocs-300x295.jpg\" alt=\"\" width=\"300\" height=\"295\" srcset=\"https:\/\/agora.xtec.cat\/ceiptorresjonama\/wp-content\/uploads\/usu279\/2020\/06\/gelats_Irisz-Agocs-300x295.jpg 300w, https:\/\/agora.xtec.cat\/ceiptorresjonama\/wp-content\/uploads\/usu279\/2020\/06\/gelats_Irisz-Agocs.jpg 465w\" sizes=\"auto, (max-width: 300px) 100vw, 300px\" \/><\/a><\/p>\n<p>Bon estiu fam\u00edlia i els millors desitjos!<\/p>\n<p>Gr\u00e0cies per tot i fins el setembre.<\/p>\n<p>Salut i una llaaaargaaa abra\u00e7ada.<\/p>\n<p>(tan llarga com un dia sense pa)<\/td>\n<\/tr>\n<tr style=\"height: 33px;\">\n<td style=\"width: 120.8px; height: 21px;\"><em>Retorn tasques<\/em><\/td>\n<td style=\"width: 325.6px; height: 21px;\">Whatsapp o <a href=\"mailto:mbaque@xtec.cat\">mbaque@xtec.cat<\/a><\/p>\n<p>Whatsapp o <a href=\"mailto:pors@xtec.cat\" target=\"_blank\" rel=\"noopener noreferrer\">pors@xtec.cat<\/a><\/p>\n<p><a href=\"mailto:gfeliu2@xtec.cat\">gfeliu2@xtec.cat<\/a><\/td>\n<\/tr>\n<\/tbody>\n<\/table>\n","protected":false},"excerpt":{"rendered":"<p>Setmana 15-19 de juny<a href=\"https:\/\/agora.xtec.cat\/ceiptorresjonama\/wp-content\/uploads\/usu279\/2020\/04\/Dll.jpg\"><\/a><\/p>\n<p>Activitats d&#8217;aprenentatge<br \/>\n&nbsp;<br \/>\nHola nenes i nens!<br \/>\nJa hem arribat a la darrera setmana del curs.<br \/>\nSi vols descobrir el que et proposem clica el dibuix!<br \/>\n<a href=\"https:\/\/agora.xtec.cat\/ceiptorresjonama\/wp-content\/uploads\/usu279\/2020\/06\/final-curs.pdf\" target=\"_blank\" rel=\"noopener noreferrer\"><\/a><br \/>\n&nbsp;<br \/>\nHa estat un final de trimestre ben diferent. Ens sembla que un final de conte (escola)&hellip;  <a href=\"https:\/\/agora.xtec.cat\/ceiptorresjonama\/infantil\/i5\/tasques-infantil-15-19-de-juny\/\" title=\"Read Tasques Infantil 15-19 de juny\">Llegeix m\u00e9s\u00bb<\/a><\/p>\n","protected":false},"author":4,"featured_media":3120,"comment_status":"closed","ping_status":"closed","sticky":false,"template":"","format":"standard","meta":{"_bbp_topic_count":0,"_bbp_reply_count":0,"_bbp_total_topic_count":0,"_bbp_total_reply_count":0,"_bbp_voice_count":0,"_bbp_anonymous_reply_count":0,"_bbp_topic_count_hidden":0,"_bbp_reply_count_hidden":0,"_bbp_forum_subforum_count":0,"footnotes":""},"categories":[8,9,3],"tags":[],"class_list":["post-5927","post","type-post","status-publish","format-standard","has-post-thumbnail","hentry","category-1r","category-2n","category-i5"],"post_mailing_queue_ids":[],"_links":{"self":[{"href":"https:\/\/agora.xtec.cat\/ceiptorresjonama\/wp-json\/wp\/v2\/posts\/5927","targetHints":{"allow":["GET"]}}],"collection":[{"href":"https:\/\/agora.xtec.cat\/ceiptorresjonama\/wp-json\/wp\/v2\/posts"}],"about":[{"href":"https:\/\/agora.xtec.cat\/ceiptorresjonama\/wp-json\/wp\/v2\/types\/post"}],"author":[{"embeddable":true,"href":"https:\/\/agora.xtec.cat\/ceiptorresjonama\/wp-json\/wp\/v2\/users\/4"}],"replies":[{"embeddable":true,"href":"https:\/\/agora.xtec.cat\/ceiptorresjonama\/wp-json\/wp\/v2\/comments?post=5927"}],"version-history":[{"count":3,"href":"https:\/\/agora.xtec.cat\/ceiptorresjonama\/wp-json\/wp\/v2\/posts\/5927\/revisions"}],"predecessor-version":[{"id":5990,"href":"https:\/\/agora.xtec.cat\/ceiptorresjonama\/wp-json\/wp\/v2\/posts\/5927\/revisions\/5990"}],"wp:featuredmedia":[{"embeddable":true,"href":"https:\/\/agora.xtec.cat\/ceiptorresjonama\/wp-json\/wp\/v2\/media\/3120"}],"wp:attachment":[{"href":"https:\/\/agora.xtec.cat\/ceiptorresjonama\/wp-json\/wp\/v2\/media?parent=5927"}],"wp:term":[{"taxonomy":"category","embeddable":true,"href":"https:\/\/agora.xtec.cat\/ceiptorresjonama\/wp-json\/wp\/v2\/categories?post=5927"},{"taxonomy":"post_tag","embeddable":true,"href":"https:\/\/agora.xtec.cat\/ceiptorresjonama\/wp-json\/wp\/v2\/tags?post=5927"}],"curies":[{"name":"wp","href":"https:\/\/api.w.org\/{rel}","templated":true}]}}