{"id":5735,"date":"2020-06-07T19:29:15","date_gmt":"2020-06-07T17:29:15","guid":{"rendered":"https:\/\/agora.xtec.cat\/ceiptorresjonama\/?p=5735"},"modified":"2020-06-07T19:32:29","modified_gmt":"2020-06-07T17:32:29","slug":"educacio-infantil-8-12-de-juny","status":"publish","type":"post","link":"https:\/\/agora.xtec.cat\/ceiptorresjonama\/infantil\/i5\/educacio-infantil-8-12-de-juny\/","title":{"rendered":"Educaci\u00f3 Infantil, 8-12 de juny"},"content":{"rendered":"<p>&nbsp;<\/p>\n<table style=\"height: 391px;width: 455px\">\n<tbody>\n<tr style=\"height: 261px\">\n<td style=\"width: 449px;height: 138px\" colspan=\"2\">\n<h1 style=\"text-align: center\"><span style=\"color: #0000ff\"><strong>Setmana 8-12 de juny<\/strong><\/span><\/h1>\n<p>&nbsp;<\/p>\n<h3 style=\"text-align: center\"><strong><a href=\"https:\/\/agora.xtec.cat\/ceiptorresjonama\/wp-content\/uploads\/usu279\/2020\/04\/Dll.jpg\"><img loading=\"lazy\" decoding=\"async\" class=\"aligncenter size-medium wp-image-3120\" src=\"https:\/\/agora.xtec.cat\/ceiptorresjonama\/wp-content\/uploads\/usu279\/2020\/04\/Dll-300x80.jpg\" alt=\"\" width=\"300\" height=\"80\" srcset=\"https:\/\/agora.xtec.cat\/ceiptorresjonama\/wp-content\/uploads\/usu279\/2020\/04\/Dll-300x80.jpg 300w, https:\/\/agora.xtec.cat\/ceiptorresjonama\/wp-content\/uploads\/usu279\/2020\/04\/Dll.jpg 482w\" sizes=\"auto, (max-width: 300px) 100vw, 300px\" \/><\/a><\/strong><\/h3>\n<h1><\/h1>\n<\/td>\n<\/tr>\n<tr style=\"height: 98px\">\n<td style=\"width: 121px;height: 98px\"><strong><u>Activitats d&#8217;aprenentatge<\/u><\/strong><\/p>\n<p>&nbsp;<\/td>\n<td style=\"width: 326px;height: 98px\">Hola fam\u00edlies!!<\/p>\n<p>Esperem que estigueu b\u00e9! Continuem amb les feinetes estiuenques i aquesta setmana us proposem les seg\u00fcents activitats:<\/p>\n<p>-Vols fer un mar en calma?<\/p>\n<p>(clica la imatge:)<\/p>\n<p><a href=\"https:\/\/agora.xtec.cat\/ceiptorresjonama\/wp-content\/uploads\/usu279\/2020\/06\/el-pot-de-la-calma-1.pdf\" target=\"_blank\" rel=\"noopener noreferrer\"><img loading=\"lazy\" decoding=\"async\" class=\"wp-image-5826 alignleft\" src=\"https:\/\/agora.xtec.cat\/ceiptorresjonama\/wp-content\/uploads\/usu279\/2020\/06\/imagen-11-300x242.png\" alt=\"\" width=\"203\" height=\"164\" srcset=\"https:\/\/agora.xtec.cat\/ceiptorresjonama\/wp-content\/uploads\/usu279\/2020\/06\/imagen-11-300x242.png 300w, https:\/\/agora.xtec.cat\/ceiptorresjonama\/wp-content\/uploads\/usu279\/2020\/06\/imagen-11-768x621.png 768w, https:\/\/agora.xtec.cat\/ceiptorresjonama\/wp-content\/uploads\/usu279\/2020\/06\/imagen-11.png 787w\" sizes=\"auto, (max-width: 203px) 100vw, 203px\" \/><\/a><\/p>\n<p>&nbsp;<\/p>\n<p>&nbsp;<\/p>\n<p>&nbsp;<\/p>\n<p>&nbsp;<\/p>\n<p>&nbsp;<\/p>\n<p>I mira el v\u00eddeo:)<\/p>\n<p><iframe loading=\"lazy\" src=\"\/\/www.youtube.com\/embed\/vyxtFIbc7Pw\" width=\"300\" height=\"168\"><\/iframe><\/p>\n<p>T&#8217;ha sortit genial!!!<\/p>\n<p>-Et ve de gust fer un collaret? Pots fer-ho amb el material que tinguis a casa. Mira, mira&#8230;<\/p>\n<p><iframe loading=\"lazy\" src=\"\/\/www.youtube.com\/embed\/7Shykl-N4ls\" width=\"300\" height=\"168\"><\/iframe><\/p>\n<p>-Vols escoltar un conte? Aqu\u00ed en tens un sobre un dof\u00ed molt bonic!<\/p>\n<p><iframe loading=\"lazy\" src=\"\/\/www.youtube.com\/embed\/vyLp2iUgd4Q\" width=\"300\" height=\"168\"><\/iframe><\/p>\n<p>-Vols fer una llimonada refrescant? \u00c9s molt f\u00e0cil mira el v\u00eddeo i amb ajuda de la mama o el papa la podr\u00e0s fer.<\/p>\n<p><iframe loading=\"lazy\" src=\"\/\/www.youtube.com\/embed\/-rV7LYszotk\" width=\"300\" height=\"168\"><\/iframe><\/p>\n<p>Esperem que h\u00e0giu gaudit fent-les!<\/p>\n<p>Petons refrescants!!<\/td>\n<\/tr>\n<tr style=\"height: 33px\">\n<td style=\"width: 121px;height: 21px\"><em>Retorn tasques<\/em><\/td>\n<td style=\"width: 326px;height: 21px\">Whatsapp o <a href=\"mailto:mbaque@xtec.cat\">mbaque@xtec.cat<\/a><\/p>\n<p>Whatsapp o <a href=\"mailto:pors@xtec.cat\" target=\"_blank\" rel=\"noopener noreferrer\">pors<span class=\"\">@xtec.cat<\/span><\/a><\/p>\n<p><a href=\"mailto:gfeliu2@xtec.cat\">gfeliu2@xtec.cat<\/a><\/td>\n<\/tr>\n<tr>\n<td style=\"width: 121px\"><strong>Angl\u00e8s<em><br \/>\n<\/em><\/strong><\/td>\n<td style=\"width: 326px\"><strong><span style=\"color: #ff00ff\">Juguem tots al joc de les cartes:<\/span><\/strong><\/p>\n<p><iframe loading=\"lazy\" src=\"\/\/www.youtube.com\/embed\/4igBBD5fDBs\" width=\"250\" height=\"140\"><\/iframe><\/p>\n<p><a href=\"https:\/\/agora.xtec.cat\/ceiptorresjonama\/wp-content\/uploads\/usu279\/2020\/06\/ENGLISH-ACTIVITY-5-infantil.pdf\" target=\"_blank\" rel=\"noopener noreferrer\">ENGLISH ACTIVITY 5<\/a> (pdf)<\/td>\n<\/tr>\n<tr>\n<td style=\"width: 121px\"><em>Retorn tasques<\/em><\/td>\n<td style=\"width: 326px\"><a href=\"mailto:csoler32@xtec.cat\" target=\"_blank\" rel=\"noopener noreferrer\">csoler32@xtec.cat<\/a><\/td>\n<\/tr>\n<tr style=\"height: 98px\">\n<td style=\"width: 121px;height: 98px\"><strong>Psicomotricitat<\/strong><\/td>\n<td style=\"width: 326px;height: 98px\">\n<p style=\"text-align: justify\"><strong>Us he preparat un v\u00eddeo per desitjar-vos bones vacances!! Clica sobre la imatge, passa el ratol\u00ed per la part inferior del requadre i toca les 2 fletxes per fer-ho gran. Despr\u00e9s toca el play del v\u00eddeo!!!<\/strong><\/p>\n<p><strong>Els alumnes de P3:<\/strong><\/p>\n<div style=\"width: 100%\">\n<div style=\"padding-bottom: 56.25%;padding-top: 0;height: 0\"><iframe loading=\"lazy\" src=\"https:\/\/view.genial.ly\/5ed4bff008b6410db828631b\" width=\"250px\" height=\"200px\" frameborder=\"0\"><span data-mce-type=\"bookmark\" style=\"width: 0px;overflow: hidden;line-height: 0\" class=\"mce_SELRES_start\">\ufeff<\/span><\/iframe><\/div>\n<\/div>\n<p>&nbsp;<\/p>\n<p>&nbsp;<\/p>\n<p><strong>Els alumnes de P4:<\/strong><\/p>\n<div style=\"width: 100%\">\n<div style=\"padding-bottom: 56.25%;padding-top: 0;height: 0\"><iframe loading=\"lazy\" src=\"https:\/\/view.genial.ly\/5ed69b7123f1c90d960984cd\" width=\"250px\" height=\"200px\" frameborder=\"0\"><\/iframe><\/div>\n<\/div>\n<p>&nbsp;<\/p>\n<p>&nbsp;<\/p>\n<p><strong>Els alumnes de P5:<\/strong><\/p>\n<div style=\"width: 100%\">\n<div style=\"padding-bottom: 56.25%;padding-top: 0;height: 0\"><iframe loading=\"lazy\" src=\"https:\/\/view.genial.ly\/5ed7537823f1c90d96098bdf\" width=\"250px\" height=\"200px\" frameborder=\"0\"><\/iframe><\/div>\n<\/div>\n<p>&nbsp;<\/td>\n<\/tr>\n<tr style=\"height: 33px\">\n<td style=\"width: 121px;height: 36px\"><em>Retorn tasques<\/em><\/td>\n<td style=\"width: 326px;height: 36px\"><a href=\"mailto:jullastr@xtec.cat\" target=\"_blank\" rel=\"noopener noreferrer\">jullastr<span class=\"\">@xtec.cat<\/span><\/a><\/td>\n<\/tr>\n<\/tbody>\n<\/table>\n","protected":false},"excerpt":{"rendered":"<p>&nbsp;<\/p>\n<p>Setmana 8-12 de juny<br \/>\n&nbsp;<br \/>\n<a href=\"https:\/\/agora.xtec.cat\/ceiptorresjonama\/wp-content\/uploads\/usu279\/2020\/04\/Dll.jpg\"><\/a><\/p>\n<p>Activitats d&#8217;aprenentatge<br \/>\n&nbsp;<br \/>\nHola fam\u00edlies!!<br \/>\nEsperem que estigueu b\u00e9! Continuem amb les feinetes estiuenques i aquesta setmana us proposem les seg\u00fcents activitats:<br \/>\n-Vols fer un mar en calma?<br \/>\n(clica la imatge:)<br \/>\n<a href=\"https:\/\/agora.xtec.cat\/ceiptorresjonama\/wp-content\/uploads\/usu279\/2020\/06\/el-pot-de-la-calma-1.pdf\" target=\"_blank\" rel=\"noopener noreferrer\"><\/a><br \/>\n&nbsp;<br \/>\n&nbsp;<br \/>\n&nbsp;<br \/>\n&nbsp;<br \/>\n&nbsp;<br \/>\nI mira el v\u00eddeo:)<\/p>\n<p>T&#8217;ha sortit genial!!!<br \/>\n-Et ve de gust fer un collaret?&hellip;  <a href=\"https:\/\/agora.xtec.cat\/ceiptorresjonama\/infantil\/i5\/educacio-infantil-8-12-de-juny\/\" title=\"Read Educaci\u00f3 Infantil, 8-12 de juny\">Llegeix m\u00e9s\u00bb<\/a><\/p>\n","protected":false},"author":4,"featured_media":3120,"comment_status":"closed","ping_status":"closed","sticky":false,"template":"","format":"standard","meta":{"_bbp_topic_count":0,"_bbp_reply_count":0,"_bbp_total_topic_count":0,"_bbp_total_reply_count":0,"_bbp_voice_count":0,"_bbp_anonymous_reply_count":0,"_bbp_topic_count_hidden":0,"_bbp_reply_count_hidden":0,"_bbp_forum_subforum_count":0,"footnotes":""},"categories":[8,9,3],"tags":[],"class_list":["post-5735","post","type-post","status-publish","format-standard","has-post-thumbnail","hentry","category-1r","category-2n","category-i5"],"post_mailing_queue_ids":[],"_links":{"self":[{"href":"https:\/\/agora.xtec.cat\/ceiptorresjonama\/wp-json\/wp\/v2\/posts\/5735","targetHints":{"allow":["GET"]}}],"collection":[{"href":"https:\/\/agora.xtec.cat\/ceiptorresjonama\/wp-json\/wp\/v2\/posts"}],"about":[{"href":"https:\/\/agora.xtec.cat\/ceiptorresjonama\/wp-json\/wp\/v2\/types\/post"}],"author":[{"embeddable":true,"href":"https:\/\/agora.xtec.cat\/ceiptorresjonama\/wp-json\/wp\/v2\/users\/4"}],"replies":[{"embeddable":true,"href":"https:\/\/agora.xtec.cat\/ceiptorresjonama\/wp-json\/wp\/v2\/comments?post=5735"}],"version-history":[{"count":4,"href":"https:\/\/agora.xtec.cat\/ceiptorresjonama\/wp-json\/wp\/v2\/posts\/5735\/revisions"}],"predecessor-version":[{"id":5926,"href":"https:\/\/agora.xtec.cat\/ceiptorresjonama\/wp-json\/wp\/v2\/posts\/5735\/revisions\/5926"}],"wp:featuredmedia":[{"embeddable":true,"href":"https:\/\/agora.xtec.cat\/ceiptorresjonama\/wp-json\/wp\/v2\/media\/3120"}],"wp:attachment":[{"href":"https:\/\/agora.xtec.cat\/ceiptorresjonama\/wp-json\/wp\/v2\/media?parent=5735"}],"wp:term":[{"taxonomy":"category","embeddable":true,"href":"https:\/\/agora.xtec.cat\/ceiptorresjonama\/wp-json\/wp\/v2\/categories?post=5735"},{"taxonomy":"post_tag","embeddable":true,"href":"https:\/\/agora.xtec.cat\/ceiptorresjonama\/wp-json\/wp\/v2\/tags?post=5735"}],"curies":[{"name":"wp","href":"https:\/\/api.w.org\/{rel}","templated":true}]}}