{"id":5528,"date":"2020-05-31T20:13:55","date_gmt":"2020-05-31T18:13:55","guid":{"rendered":"https:\/\/agora.xtec.cat\/ceiptorresjonama\/?p=5528"},"modified":"2020-05-31T20:13:55","modified_gmt":"2020-05-31T18:13:55","slug":"tasques-4t-1-5-de-juny","status":"publish","type":"post","link":"https:\/\/agora.xtec.cat\/ceiptorresjonama\/primaria\/6e\/tasques-4t-1-5-de-juny\/","title":{"rendered":"Tasques 4t, 1-5 de juny"},"content":{"rendered":"<table>\n<tbody>\n<tr style=\"height: 218px;\">\n<td style=\"height: 218px; width: 461.2px;\" colspan=\"2\">\n<h1 style=\"text-align: center;\"><span style=\"color: #0000ff;\"><strong>Setmana 1-5 de juny<\/strong><\/span><\/h1>\n<p><a href=\"https:\/\/agora.xtec.cat\/ceiptorresjonama\/wp-content\/uploads\/usu279\/2020\/04\/Dll.jpg\"><img loading=\"lazy\" decoding=\"async\" class=\"aligncenter size-medium wp-image-3120\" src=\"https:\/\/agora.xtec.cat\/ceiptorresjonama\/wp-content\/uploads\/usu279\/2020\/04\/Dll-300x80.jpg\" alt=\"\" width=\"300\" height=\"80\" srcset=\"https:\/\/agora.xtec.cat\/ceiptorresjonama\/wp-content\/uploads\/usu279\/2020\/04\/Dll-300x80.jpg 300w, https:\/\/agora.xtec.cat\/ceiptorresjonama\/wp-content\/uploads\/usu279\/2020\/04\/Dll.jpg 482w\" sizes=\"auto, (max-width: 300px) 100vw, 300px\" \/><\/a><\/td>\n<\/tr>\n<tr style=\"height: 119px;\">\n<td style=\"height: 119px; width: 104.8px;\"><strong><u>\u00c0mbit ling\u00fc\u00edstic<\/u><\/strong><\/p>\n<p>Catal\u00e0<\/td>\n<td style=\"height: 119px; width: 354.4px; text-align: center;\"><span style=\"color: #339966;\"><strong>DESCRIPCI\u00d3 POEMA OBJECTE<\/strong><\/span><\/p>\n<p><a href=\"https:\/\/agora.xtec.cat\/ceiptorresjonama\/wp-content\/uploads\/usu279\/2020\/05\/Descripci\u00f3-de-lobra-joan-mir\u00f3.pdf\" target=\"_blank\" rel=\"noopener noreferrer\">Descripci\u00f3 de l&#8217;obra joan mir\u00f3<\/a> <span style=\"color: #00ccff;\">PDF<\/span><\/td>\n<\/tr>\n<tr style=\"height: 33px;\">\n<td style=\"height: 33px; width: 104.8px;\"><em>Retorn tasques<\/em><\/td>\n<td style=\"height: 33px; width: 354.4px;\"><a href=\"mailto:lfabreg4@xtec.cat\">lfabreg4<span class=\"\">@xtec.cat<\/span><\/a>\u00a0 \u00a0a l&#8217;assumpte del correu poseu-hi <strong>SETMANA 8 CATAL\u00c0 + ( el vostre nom)<\/strong>.<\/td>\n<\/tr>\n<tr style=\"height: 119px;\">\n<td style=\"height: 75px; width: 104.8px;\"><strong><u>\u00c0mbit ling\u00fc\u00edstic<\/u><\/strong><\/p>\n<p>Castell\u00e0<\/td>\n<td style=\"height: 75px; width: 354.4px;\">(word) <a href=\"https:\/\/agora.xtec.cat\/ceiptorresjonama\/wp-content\/uploads\/usu279\/2020\/05\/SEMANA-8-TAREA-DE-LENGUA-CASTELLANA.doc\" target=\"_blank\" rel=\"noopener noreferrer\">SEMANA 8 TAREA DE LENGUA CASTELLANA<\/a><\/p>\n<p>(pdf) <a href=\"https:\/\/agora.xtec.cat\/ceiptorresjonama\/wp-content\/uploads\/usu279\/2020\/05\/SEMANA-8-TAREA-DE-LENGUA-CASTELLANA-1.pdf\" target=\"_blank\" rel=\"noopener noreferrer\">SEMANA-8-TAREA-DE-LENGUA-CASTELLANA <\/a><\/p>\n<p><span style=\"color: #008000;\">Superzorro. \u00daltimos cap\u00edtulos<\/span><\/td>\n<\/tr>\n<tr style=\"height: 33px;\">\n<td style=\"height: 33px; width: 104.8px;\"><em>Retorn tasques<\/em><\/td>\n<td style=\"height: 33px; width: 354.4px;\"><a href=\"mailto:sroura2@xtec.cat\">sroura2@xtec.cat<\/a> a l&#8217;assumpte del correu poseu-hi <strong>SETMANA 8 CASTELL\u00c0 + ( el vostre nom)<\/strong>.<\/td>\n<\/tr>\n<tr style=\"height: 220px;\">\n<td style=\"height: 31px; width: 104.8px;\"><strong><u>\u00c0mbit matem\u00e0tic<\/u><\/strong><\/td>\n<td style=\"height: 31px; width: 354.4px;\">Us adjunto les activitats en format PDF i WORD. \u00c9s preferible que m\u2019envieu la resposta en WORD. Si no us \u00e9s posible, ho podeu fer en una\u00a0<strong>LLIBRETA<\/strong>\u00a0i fer una fotografia i adjuntar-la al correu de resposta.<\/p>\n<p style=\"text-align: center;\"><strong><span style=\"color: #ff6600;\">1 QUIL\u00d2METRE<\/span><\/strong><\/p>\n<p style=\"text-align: center;\"><a href=\"https:\/\/agora.xtec.cat\/ceiptorresjonama\/wp-content\/uploads\/usu279\/2020\/05\/1-QUIL\u00d2METRE.docx\" target=\"_blank\" rel=\"noopener noreferrer\">1 QUIL\u00d2METRE <\/a><span style=\"color: #00ccff;\">word<\/span><\/p>\n<p style=\"text-align: center;\"><a href=\"https:\/\/agora.xtec.cat\/ceiptorresjonama\/wp-content\/uploads\/usu279\/2020\/05\/1-QUIL\u00d2METRE.pdf\" target=\"_blank\" rel=\"noopener noreferrer\">1 QUIL\u00d2METRE pdf<\/a><\/p>\n<\/td>\n<\/tr>\n<tr style=\"height: 33px;\">\n<td style=\"height: 33px; width: 104.8px;\"><em>Retorn tasques<\/em><\/td>\n<td style=\"height: 33px; width: 354.4px;\"><a href=\"mailto:lfabreg4@xtec.cat\">lfabreg4<span class=\"\">@xtec.cat<\/span><\/a>\u00a0 \u00a0a l&#8217;assumpte del correu poseu-hi <strong>SETMANA 8 MATEM\u00c0TIQUES + ( el vostre nom)<\/strong>.<\/td>\n<\/tr>\n<tr style=\"height: 57px;\">\n<td style=\"height: 57px; width: 104.8px;\"><strong><u>Medi social<br \/>\n<\/u><\/strong><\/td>\n<td style=\"height: 57px; width: 354.4px;\">\n<p style=\"text-align: center;\">Us adjunto les activitats en format PDF i WORD. \u00c9s preferible que m\u2019envieu la resposta en WORD. Si no us \u00e9s posible, ho podeu fer en una\u00a0<strong>LLIBRETA<\/strong>\u00a0i fer una fotografia i adjuntar-la al correu de resposta.<\/p>\n<p style=\"text-align: center;\"><a href=\"https:\/\/agora.xtec.cat\/ceiptorresjonama\/wp-content\/uploads\/usu279\/2020\/05\/FITXA-T\u00c8CNICA-DEL-QUADRE.docx\" target=\"_blank\" rel=\"noopener noreferrer\">FITXA T\u00c8CNICA DEL QUA<span style=\"color: #00ccff;\">DRE<\/span><\/a><span style=\"color: #00ccff;\"> WORD<\/span><\/p>\n<p style=\"text-align: center;\"><a href=\"https:\/\/agora.xtec.cat\/ceiptorresjonama\/wp-content\/uploads\/usu279\/2020\/05\/FITXA-T\u00c8CNICA-DEL-QUADRE.pdf\" target=\"_blank\" rel=\"noopener noreferrer\">FITXA T\u00c8CNICA DEL QUADRE<\/a><span style=\"color: #00ccff;\"> PDF<\/span><\/p>\n<\/td>\n<\/tr>\n<tr style=\"height: 33px;\">\n<td style=\"height: 33px; width: 104.8px;\"><em>Retorn tasques<\/em><\/td>\n<td style=\"height: 33px; width: 354.4px;\"><a href=\"mailto:lfabreg4@xtec.cat\"><span class=\"\">lfabreg4@xtec.cat<\/span><\/a> a l&#8217;assumpte del correu poseu-hi <strong>SETMANA 8 MEDI SOCIAL + ( el vostre nom)<\/strong>.<\/td>\n<\/tr>\n<tr style=\"height: 97px;\">\n<td style=\"height: 97px; width: 104.8px;\"><strong><u>\u00c0mbit art\u00edstic <\/u><\/strong><\/p>\n<p>Pl\u00e0stica<\/td>\n<td style=\"height: 97px; width: 354.4px;\">\n<p style=\"text-align: center;\"><strong><span style=\"color: #ff00ff;\">EL CHALLENGE DE L&#8217;ART de 4t<\/span><\/strong><\/p>\n<p>Recrear quadres famosos s&#8217;ha convertit en tend\u00e8ncia durant aquest confinament. Mireu els seg\u00fcents v\u00eddeos:<\/p>\n<p><a href=\"https:\/\/www.ccma.cat\/tv3\/super3\/infok\/un-challenge-amb-art\/video\/6037312\/\" target=\"_blank\" rel=\"noopener noreferrer\">https:\/\/www.ccma.cat\/tv3\/super3\/infok\/un-challenge-amb-art\/video\/6037312\/<\/a><\/p>\n<p><a href=\"https:\/\/www.ccma.cat\/tv3\/super3\/els-challenges-de-linfok\/mes-art-challenge\/coleccio\/15330\/6037445\/\" target=\"_blank\" rel=\"noopener noreferrer\">https:\/\/www.ccma.cat\/tv3\/super3\/els-challenges-de-linfok\/mes-art-challenge\/coleccio\/15330\/6037445\/\u00a0<\/a><\/p>\n<p>Despr\u00e9s obriu el document i trieu quin quadre voleu imitar. M\u2019heu d&#8217;enviar una foto de la vostra recreaci\u00f3 per correu electr\u00f2nic.<\/p>\n<p><a href=\"https:\/\/agora.xtec.cat\/ceiptorresjonama\/wp-content\/uploads\/usu279\/2020\/05\/QUADRES-CHALLENGE.pdf\">QUADRES CHALLENGE<\/a> <span style=\"color: #00ccff;\">pdf<\/span><\/td>\n<\/tr>\n<tr style=\"height: 33px;\">\n<td style=\"height: 33px; width: 104.8px;\"><em>Retorn tasques<\/em><\/td>\n<td style=\"height: 33px; width: 354.4px;\"><a href=\"mailto:lfabreg4@xtec.cat\">lfabreg4<span class=\"\">@xtec.cat<\/span><\/a>\u00a0 \u00a0a l&#8217;assumpte del correu poseu-hi <strong>SETMANA 8 PL\u00c0STICA + ( el vostre nom)<\/strong>.<\/td>\n<\/tr>\n<tr style=\"height: 57px;\">\n<td style=\"height: 57px; width: 104.8px;\"><strong><u>\u00c0mbit ed. F\u00edsica<\/u><\/strong><\/p>\n<p>&nbsp;<\/td>\n<td style=\"height: 57px; width: 354.4px;\">\n<h5>Fem ioga.<\/h5>\n<p>Aquestes setmanes ja aprofitem per a sortir a passejar i a jugar al carrer. A casa descansem i coneixem el nostre cos. Bra\u00e7os, cames, esquena&#8230;<\/p>\n<p>Us deixo una activitat que podeu fer tants cops com vulgueu a la setmana. Ens serveix per a relaxar-nos i a m\u00e9s treballem l&#8217;equilibri i la coordinaci\u00f3.<\/p>\n<p><iframe loading=\"lazy\" src=\"\/\/www.youtube.com\/embed\/ke8zmwlXFmk\" width=\"300\" height=\"168\" data-mce-fragment=\"1\"><\/iframe><\/p>\n<ul>\n<li>Heu segut capa\u00e7os de superar tots els exercicis?<\/li>\n<li>Quin us ha costat d&#8217;aconseguir?<\/li>\n<li>En coneixeu algun de nou?<\/li>\n<\/ul>\n<p>Podeu enviar-me una foto i un missatge perqu\u00e8 ho pugui saber.<\/td>\n<\/tr>\n<tr style=\"height: 33px;\">\n<td style=\"height: 33px; width: 104.8px;\"><em>Retorn tasques<\/em><\/td>\n<td style=\"height: 33px; width: 354.4px;\"><a href=\"mailto:aarenos@xtec.cat\">aarenos<span class=\"\">@xtec.cat<\/span><\/a> a l&#8217;assumpte del correu <strong>SETMANA 8 + ( el vostre nom)<\/strong>.<\/td>\n<\/tr>\n<\/tbody>\n<\/table>\n","protected":false},"excerpt":{"rendered":"<p>Setmana 1-5 de juny<br \/>\n<a href=\"https:\/\/agora.xtec.cat\/ceiptorresjonama\/wp-content\/uploads\/usu279\/2020\/04\/Dll.jpg\"><\/a><\/p>\n<p>\u00c0mbit ling\u00fc\u00edstic<br \/>\nCatal\u00e0<br \/>\nDESCRIPCI\u00d3 POEMA OBJECTE<br \/>\n<a href=\"https:\/\/agora.xtec.cat\/ceiptorresjonama\/wp-content\/uploads\/usu279\/2020\/05\/Descripci\u00f3-de-lobra-joan-mir\u00f3.pdf\" target=\"_blank\" rel=\"noopener noreferrer\">Descripci\u00f3 de l&#8217;obra joan mir\u00f3<\/a> PDF<\/p>\n<p>Retorn tasques<br \/>\n<a href=\"mailto:lfabreg4@xtec.cat\">lfabreg4@xtec.cat<\/a>\u00a0 \u00a0a l&#8217;assumpte del correu poseu-hi SETMANA 8 CATAL\u00c0 + ( el vostre nom).<\/p>\n<p>\u00c0mbit ling\u00fc\u00edstic<br \/>\nCastell\u00e0<br \/>\n(word) <a href=\"https:\/\/agora.xtec.cat\/ceiptorresjonama\/wp-content\/uploads\/usu279\/2020\/05\/SEMANA-8-TAREA-DE-LENGUA-CASTELLANA.doc\" target=\"_blank\" rel=\"noopener noreferrer\">SEMANA 8 TAREA DE LENGUA CASTELLANA<\/a><br \/>\n(pdf) <a href=\"https:\/\/agora.xtec.cat\/ceiptorresjonama\/wp-content\/uploads\/usu279\/2020\/05\/SEMANA-8-TAREA-DE-LENGUA-CASTELLANA-1.pdf\"&hellip;  <a href=\"https:\/\/agora.xtec.cat\/ceiptorresjonama\/primaria\/6e\/tasques-4t-1-5-de-juny\/\" title=\"Read Tasques 4t, 1-5 de juny\">Llegeix m\u00e9s\u00bb<\/a><\/p>\n","protected":false},"author":4,"featured_media":3120,"comment_status":"closed","ping_status":"closed","sticky":false,"template":"","format":"standard","meta":{"_bbp_topic_count":0,"_bbp_reply_count":0,"_bbp_total_topic_count":0,"_bbp_total_reply_count":0,"_bbp_voice_count":0,"_bbp_anonymous_reply_count":0,"_bbp_topic_count_hidden":0,"_bbp_reply_count_hidden":0,"_bbp_forum_subforum_count":0,"footnotes":""},"categories":[13],"tags":[],"class_list":["post-5528","post","type-post","status-publish","format-standard","has-post-thumbnail","hentry","category-6e"],"post_mailing_queue_ids":[],"_links":{"self":[{"href":"https:\/\/agora.xtec.cat\/ceiptorresjonama\/wp-json\/wp\/v2\/posts\/5528","targetHints":{"allow":["GET"]}}],"collection":[{"href":"https:\/\/agora.xtec.cat\/ceiptorresjonama\/wp-json\/wp\/v2\/posts"}],"about":[{"href":"https:\/\/agora.xtec.cat\/ceiptorresjonama\/wp-json\/wp\/v2\/types\/post"}],"author":[{"embeddable":true,"href":"https:\/\/agora.xtec.cat\/ceiptorresjonama\/wp-json\/wp\/v2\/users\/4"}],"replies":[{"embeddable":true,"href":"https:\/\/agora.xtec.cat\/ceiptorresjonama\/wp-json\/wp\/v2\/comments?post=5528"}],"version-history":[{"count":3,"href":"https:\/\/agora.xtec.cat\/ceiptorresjonama\/wp-json\/wp\/v2\/posts\/5528\/revisions"}],"predecessor-version":[{"id":5730,"href":"https:\/\/agora.xtec.cat\/ceiptorresjonama\/wp-json\/wp\/v2\/posts\/5528\/revisions\/5730"}],"wp:featuredmedia":[{"embeddable":true,"href":"https:\/\/agora.xtec.cat\/ceiptorresjonama\/wp-json\/wp\/v2\/media\/3120"}],"wp:attachment":[{"href":"https:\/\/agora.xtec.cat\/ceiptorresjonama\/wp-json\/wp\/v2\/media?parent=5528"}],"wp:term":[{"taxonomy":"category","embeddable":true,"href":"https:\/\/agora.xtec.cat\/ceiptorresjonama\/wp-json\/wp\/v2\/categories?post=5528"},{"taxonomy":"post_tag","embeddable":true,"href":"https:\/\/agora.xtec.cat\/ceiptorresjonama\/wp-json\/wp\/v2\/tags?post=5528"}],"curies":[{"name":"wp","href":"https:\/\/api.w.org\/{rel}","templated":true}]}}