{"id":548,"date":"2016-04-25T11:17:32","date_gmt":"2016-04-25T10:17:32","guid":{"rendered":"https:\/\/torresjonama.wordpress.com\/?p=526"},"modified":"2016-04-25T11:17:32","modified_gmt":"2016-04-25T10:17:32","slug":"celebrem-els-tercers-jocs-florals","status":"publish","type":"post","link":"https:\/\/agora.xtec.cat\/ceiptorresjonama\/uncategorized\/celebrem-els-tercers-jocs-florals\/","title":{"rendered":"Celebrem els tercers Jocs Florals"},"content":{"rendered":"<p style=\"text-align:justify;\">Benvolgudes fam\u00edlies,<\/p>\n<p style=\"text-align:justify;\">El divendres passat, dia 22 d&#8217;abril, vam celebrar el Sant Jordi a l&#8217;escola duent a terme diverses activitats al llarg del dia, tal com \u00e9s habitual. A la tarda, despr\u00e9s de la lectura i explicaci\u00f3 de contes per part d&#8217;alguns familiars, vam celebrar conjuntament els tercers Jocs Florals de l&#8217;escola.<\/p>\n<p style=\"text-align:justify;\">Agra\u00efm i felicitem tots els alumnes pels seus escrits individuals o col\u00b7lectius, i per haver participat en el concurs enguany.<\/p>\n<p style=\"text-align:justify;\">Els <strong>finalistes<\/strong> en les diverses categories varen ser els seg\u00fcents:<\/p>\n<p style=\"text-align:justify;\"><strong>Categoria A<\/strong><\/p>\n<p style=\"text-align:justify;\">-&#8220;L&#8217;arribada de Sant Jordi&#8221; &#8211; Pau Semi i Gala Osorio (1r)<\/p>\n<p style=\"text-align:justify;\">-&#8220;Rima de la fruita&#8221;- Abdehrraman i Oriol Moreno (1r)<\/p>\n<p style=\"text-align:justify;\">-&#8220;La primavera&#8221;- Martina P\u00e9rez (2n A)<\/p>\n<p style=\"text-align:justify;\">-&#8220;La primavera ja ha arribat&#8221;- Pau Fust\u00e9 i Marina Decianu (2n A)<\/p>\n<p style=\"text-align:justify;\">-&#8220;El pr\u00edncep aventurer&#8221;- Belal Laassal, Aitor Merino, Corin Morales i Olga Garcia. (2n B)<\/p>\n<p style=\"text-align:justify;\">-&#8220;El dinosaure que tenia set&#8221; &#8211; Martina Guillen i Izan Ventura (2n B).<\/p>\n<p style=\"text-align:justify;\"><strong>Categoria B<\/strong><\/p>\n<p style=\"text-align:justify;\">-&#8220;Ruc el poruc&#8221;- Martina Escolar (5\u00e8)<\/p>\n<p style=\"text-align:justify;\">-&#8220;La princesa valenta&#8221; &#8211; J\u00falia Pedrique (5\u00e8)<\/p>\n<p style=\"text-align:justify;\">-&#8220;Escoltisme&#8221; &#8211; Virg\u00ednia G\u00f3mez (6\u00e8)<\/p>\n<p style=\"text-align:justify;\">-&#8220;Els ratolins no s\u00f3n del tot beneits&#8221; &#8211; Laura Qui\u00f1onero (6\u00e8)<\/p>\n<p style=\"text-align:justify;\">I, finalment, els <strong>guanyadors <\/strong>de cada grup varen ser els seg\u00fcents:<\/p>\n<p style=\"text-align:justify;\"><strong>Categoria A<\/strong><\/p>\n<ul>\n<li style=\"text-align:justify;\">&#8220;La primavera ja ha arribat&#8221; &#8211; Pau Fuster i Marina Decianu (2n A)<\/li>\n<\/ul>\n<p><strong>Categoria B<\/strong><\/p>\n<ul>\n<li>&#8220;Els ocells&#8221; &#8211; Mireia Pont (3r)<\/li>\n<\/ul>\n<p><strong>Categoria C<\/strong><\/p>\n<ul>\n<li>&#8220;La princesa valenta&#8221; &#8211; J\u00falia Pedrique (5\u00e8)<\/li>\n<\/ul>\n<p style=\"text-align:justify;\">Enhorabona a tots i a totes!<\/p>\n<p style=\"text-align:justify;\">Compartim amb vosaltres les fotografies d&#8217;aquests tercers Jocs Florals (probablement n&#8217;hi afegirem alguna m\u00e9s). Cliqueu la imatge per accedir a l&#8217;\u00e0lbum sencer.<\/p>\n<p style=\"text-align:justify;\"><a href=\"https:\/\/picasaweb.google.com\/103279565880635005062\/6277428634265556705\"><img loading=\"lazy\" decoding=\"async\" class=\"alignnone size-full wp-image-534\" src=\"https:\/\/agora.xtec.cat\/ceiptorresjonama\/wp-content\/uploads\/usu279\/2016\/04\/img_1760.jpg\" alt=\"IMG_1760\" width=\"1600\" height=\"1200\" \/><\/a><\/p>\n","protected":false},"excerpt":{"rendered":"<p>Benvolgudes fam\u00edlies,<br \/>\nEl divendres passat, dia 22 d&#8217;abril, vam celebrar el Sant Jordi a l&#8217;escola duent a terme diverses activitats al llarg del dia, tal com \u00e9s habitual. A la tarda, despr\u00e9s de la lectura i explicaci\u00f3 de contes per part d&#8217;alguns familiars, vam celebrar conjuntament&hellip;  <a href=\"https:\/\/agora.xtec.cat\/ceiptorresjonama\/uncategorized\/celebrem-els-tercers-jocs-florals\/\" title=\"Read Celebrem els tercers Jocs Florals\">Llegeix m\u00e9s\u00bb<\/a><\/p>\n","protected":false},"author":1,"featured_media":0,"comment_status":"closed","ping_status":"closed","sticky":false,"template":"","format":"standard","meta":{"_bbp_topic_count":0,"_bbp_reply_count":0,"_bbp_total_topic_count":0,"_bbp_total_reply_count":0,"_bbp_voice_count":0,"_bbp_anonymous_reply_count":0,"_bbp_topic_count_hidden":0,"_bbp_reply_count_hidden":0,"_bbp_forum_subforum_count":0,"footnotes":""},"categories":[60],"tags":[],"class_list":["post-548","post","type-post","status-publish","format-standard","hentry","category-uncategorized"],"post_mailing_queue_ids":[],"_links":{"self":[{"href":"https:\/\/agora.xtec.cat\/ceiptorresjonama\/wp-json\/wp\/v2\/posts\/548","targetHints":{"allow":["GET"]}}],"collection":[{"href":"https:\/\/agora.xtec.cat\/ceiptorresjonama\/wp-json\/wp\/v2\/posts"}],"about":[{"href":"https:\/\/agora.xtec.cat\/ceiptorresjonama\/wp-json\/wp\/v2\/types\/post"}],"author":[{"embeddable":true,"href":"https:\/\/agora.xtec.cat\/ceiptorresjonama\/wp-json\/wp\/v2\/users\/1"}],"replies":[{"embeddable":true,"href":"https:\/\/agora.xtec.cat\/ceiptorresjonama\/wp-json\/wp\/v2\/comments?post=548"}],"version-history":[{"count":0,"href":"https:\/\/agora.xtec.cat\/ceiptorresjonama\/wp-json\/wp\/v2\/posts\/548\/revisions"}],"wp:attachment":[{"href":"https:\/\/agora.xtec.cat\/ceiptorresjonama\/wp-json\/wp\/v2\/media?parent=548"}],"wp:term":[{"taxonomy":"category","embeddable":true,"href":"https:\/\/agora.xtec.cat\/ceiptorresjonama\/wp-json\/wp\/v2\/categories?post=548"},{"taxonomy":"post_tag","embeddable":true,"href":"https:\/\/agora.xtec.cat\/ceiptorresjonama\/wp-json\/wp\/v2\/tags?post=548"}],"curies":[{"name":"wp","href":"https:\/\/api.w.org\/{rel}","templated":true}]}}