{"id":546,"date":"2016-02-01T14:13:09","date_gmt":"2016-02-01T13:13:09","guid":{"rendered":"https:\/\/torresjonama.wordpress.com\/?p=499"},"modified":"2016-02-01T14:13:09","modified_gmt":"2016-02-01T13:13:09","slug":"ha-arribat-el-rei-carnestoltes","status":"publish","type":"post","link":"https:\/\/agora.xtec.cat\/ceiptorresjonama\/uncategorized\/ha-arribat-el-rei-carnestoltes\/","title":{"rendered":"Ha arribat el Rei Carnestoltes!"},"content":{"rendered":"<p style=\"text-align:justify;\">Benvolgudes fam\u00edlies,<\/p>\n<p style=\"text-align:justify;\">Aquest mat\u00ed ha arribat el Rei Carnestoltes a l&#8217;escola i, amb ell, el Carnaval i la disbauxa. Hem acabat ballant danses gr\u00e0cies a en Josep i la Marta (la monitora de sardanes) que ens han anat guiant. Els nens de Cicle Mitj\u00e0 ens han comunicat les consignes que ens ha portat pels dies que segueixen. S\u00f3n les seg\u00fcents:<\/p>\n<ul>\n<li style=\"text-align:justify;\">Dem\u00e0 dimarts dia 2: tots vestits amb pijama!<\/li>\n<li style=\"text-align:justify;\">Dimecres dia 3: els nens han d&#8217;anar d&#8217;\u00e0vies i les nenes d&#8217;avis.<\/li>\n<li style=\"text-align:justify;\">Dijous dia 4: de pallassos, amb un mitj\u00f3 per fora del pantal\u00f3 (un de cada color), nas de pallasso (o pintat) i un barret.<\/li>\n<\/ul>\n<p style=\"text-align:justify;\">Us recordem que el dijous \u00e9s &#8220;dijous gras&#8221;. Ho celebrarem com sempre. Caldr\u00e0 portar berenar (entrep\u00e0 de truita, botifarra o b\u00e9 coca de llardons) i aigua.<\/p>\n<p style=\"text-align:justify;\">Si cliqueu sobra la fotografia accedireu a l&#8217;\u00e0lbum de fotografies d&#8217;aquest mat\u00ed:<\/p>\n<p style=\"text-align:justify;\"><a href=\"https:\/\/picasaweb.google.com\/103279565880635005062\/ReiCarnestoltes\"><img loading=\"lazy\" decoding=\"async\" class=\" size-full wp-image-520 aligncenter\" src=\"https:\/\/agora.xtec.cat\/ceiptorresjonama\/wp-content\/uploads\/usu279\/2016\/02\/fullsizerender.jpg\" alt=\"FullSizeRender\" width=\"2448\" height=\"3264\" \/><\/a><\/p>\n","protected":false},"excerpt":{"rendered":"<p>Benvolgudes fam\u00edlies,<br \/>\nAquest mat\u00ed ha arribat el Rei Carnestoltes a l&#8217;escola i, amb ell, el Carnaval i la disbauxa. Hem acabat ballant danses gr\u00e0cies a en Josep i la Marta (la monitora de sardanes) que ens han anat guiant. Els nens de Cicle Mitj\u00e0 ens han&hellip;  <a href=\"https:\/\/agora.xtec.cat\/ceiptorresjonama\/uncategorized\/ha-arribat-el-rei-carnestoltes\/\" title=\"Read Ha arribat el Rei Carnestoltes!\">Llegeix m\u00e9s\u00bb<\/a><\/p>\n","protected":false},"author":1,"featured_media":0,"comment_status":"closed","ping_status":"closed","sticky":false,"template":"","format":"standard","meta":{"_bbp_topic_count":0,"_bbp_reply_count":0,"_bbp_total_topic_count":0,"_bbp_total_reply_count":0,"_bbp_voice_count":0,"_bbp_anonymous_reply_count":0,"_bbp_topic_count_hidden":0,"_bbp_reply_count_hidden":0,"_bbp_forum_subforum_count":0,"footnotes":""},"categories":[60],"tags":[],"class_list":["post-546","post","type-post","status-publish","format-standard","hentry","category-uncategorized"],"post_mailing_queue_ids":[],"_links":{"self":[{"href":"https:\/\/agora.xtec.cat\/ceiptorresjonama\/wp-json\/wp\/v2\/posts\/546","targetHints":{"allow":["GET"]}}],"collection":[{"href":"https:\/\/agora.xtec.cat\/ceiptorresjonama\/wp-json\/wp\/v2\/posts"}],"about":[{"href":"https:\/\/agora.xtec.cat\/ceiptorresjonama\/wp-json\/wp\/v2\/types\/post"}],"author":[{"embeddable":true,"href":"https:\/\/agora.xtec.cat\/ceiptorresjonama\/wp-json\/wp\/v2\/users\/1"}],"replies":[{"embeddable":true,"href":"https:\/\/agora.xtec.cat\/ceiptorresjonama\/wp-json\/wp\/v2\/comments?post=546"}],"version-history":[{"count":0,"href":"https:\/\/agora.xtec.cat\/ceiptorresjonama\/wp-json\/wp\/v2\/posts\/546\/revisions"}],"wp:attachment":[{"href":"https:\/\/agora.xtec.cat\/ceiptorresjonama\/wp-json\/wp\/v2\/media?parent=546"}],"wp:term":[{"taxonomy":"category","embeddable":true,"href":"https:\/\/agora.xtec.cat\/ceiptorresjonama\/wp-json\/wp\/v2\/categories?post=546"},{"taxonomy":"post_tag","embeddable":true,"href":"https:\/\/agora.xtec.cat\/ceiptorresjonama\/wp-json\/wp\/v2\/tags?post=546"}],"curies":[{"name":"wp","href":"https:\/\/api.w.org\/{rel}","templated":true}]}}