{"id":538,"date":"2015-11-27T12:08:31","date_gmt":"2015-11-27T11:08:31","guid":{"rendered":"https:\/\/torresjonama.wordpress.com\/?p=481"},"modified":"2015-11-27T12:08:31","modified_gmt":"2015-11-27T11:08:31","slug":"setmana-de-leix-la-pesca","status":"publish","type":"post","link":"https:\/\/agora.xtec.cat\/ceiptorresjonama\/uncategorized\/setmana-de-leix-la-pesca\/","title":{"rendered":"Setmana de l&#8217;Eix: La Pesca"},"content":{"rendered":"<p style=\"text-align:justify;\">Benvolgudes fam\u00edlies,<\/p>\n<p style=\"text-align:justify;\">La setmana passada, com ja sabeu, vam treballar i aprendre moltes coses sobre la pesca al Mediterrani i, concretament, a la Costa Brava:<\/p>\n<p style=\"text-align:justify;\">Una mica d&#8217;hist\u00f2ria (els m\u00e9s grans hi van aprofundir molt), els tipus d&#8217;embarcacions i tipus de pesca que hi ha, les parts d\u2019una barca, els peixos i esp\u00e8cies m\u00e9s comunes i altres aspectes tamb\u00e9 importants com s\u00f3n: la comercialitzaci\u00f3 del peix i el seu consum (com fer-lo de manera responsable i sostenible). Perqu\u00e8 una de les coses que vam comprendre m\u00e9s que mai \u00e9s que els mars i els oceans no s\u00f3n fonts\u00a0de recursos il\u00b7limitats, i que cal cuidar-los i preservar-los sempre.<\/p>\n<p style=\"text-align:justify;\">Per\u00f2 sabeu qu\u00e8 m\u00e9s vam fer? Vam fer la dissecci\u00f3 d\u2019un peix per con\u00e8ixer-ne m\u00e9s b\u00e9 les parts i, fins i tot, vam fer el tastet d\u2019anxova amb pa per esmorzar!<\/p>\n<p style=\"text-align:justify;\">Per altra banda, vam comptar amb les xerrades de tres persones: l&#8217;avi de la Cl\u00e0udia de 1r, pescador de tota la vida que ens va mostrar com ho ha fet sempre, l&#8217;Islce Mart\u00ednez,\u00a0tamb\u00e9 pescador experimentat, que ens va ensenyar la canya i els peixos que pesca (i que allibera posteriorment) i, finalment, l\u2019Eva Lobo, una bi\u00f2loga que ens va mostrar i explicar les t\u00e8cniques m\u00e9s artesanals.<\/p>\n<p style=\"text-align:justify;\">Volem compartir amb vosaltres l\u2019\u00e0lbum de fotos d\u2019aquesta setmana. (N\u2019hi anirem afegint m\u00e9s a mesura que les anem descarregant):<\/p>\n<p style=\"text-align:center;\"><a href=\"https:\/\/picasaweb.google.com\/103279565880635005062\/EixLaPesca\" rel=\"attachment wp-att-482\"><img loading=\"lazy\" decoding=\"async\" class=\"alignnone size-medium wp-image-482\" src=\"https:\/\/agora.xtec.cat\/ceiptorresjonama\/wp-content\/uploads\/usu279\/2015\/11\/barca.jpg?w=225\" alt=\"barca\" width=\"225\" height=\"300\" \/><\/a><\/p>\n","protected":false},"excerpt":{"rendered":"<p>Benvolgudes fam\u00edlies,<br \/>\nLa setmana passada, com ja sabeu, vam treballar i aprendre moltes coses sobre la pesca al Mediterrani i, concretament, a la Costa Brava:<br \/>\nUna mica d&#8217;hist\u00f2ria (els m\u00e9s grans hi van aprofundir molt), els tipus d&#8217;embarcacions i tipus de pesca que hi ha, les parts&hellip;  <a href=\"https:\/\/agora.xtec.cat\/ceiptorresjonama\/uncategorized\/setmana-de-leix-la-pesca\/\" title=\"Read Setmana de l&#8217;Eix: La Pesca\">Llegeix m\u00e9s\u00bb<\/a><\/p>\n","protected":false},"author":1,"featured_media":0,"comment_status":"closed","ping_status":"closed","sticky":false,"template":"","format":"standard","meta":{"_bbp_topic_count":0,"_bbp_reply_count":0,"_bbp_total_topic_count":0,"_bbp_total_reply_count":0,"_bbp_voice_count":0,"_bbp_anonymous_reply_count":0,"_bbp_topic_count_hidden":0,"_bbp_reply_count_hidden":0,"_bbp_forum_subforum_count":0,"footnotes":""},"categories":[60],"tags":[],"class_list":["post-538","post","type-post","status-publish","format-standard","hentry","category-uncategorized"],"post_mailing_queue_ids":[],"_links":{"self":[{"href":"https:\/\/agora.xtec.cat\/ceiptorresjonama\/wp-json\/wp\/v2\/posts\/538","targetHints":{"allow":["GET"]}}],"collection":[{"href":"https:\/\/agora.xtec.cat\/ceiptorresjonama\/wp-json\/wp\/v2\/posts"}],"about":[{"href":"https:\/\/agora.xtec.cat\/ceiptorresjonama\/wp-json\/wp\/v2\/types\/post"}],"author":[{"embeddable":true,"href":"https:\/\/agora.xtec.cat\/ceiptorresjonama\/wp-json\/wp\/v2\/users\/1"}],"replies":[{"embeddable":true,"href":"https:\/\/agora.xtec.cat\/ceiptorresjonama\/wp-json\/wp\/v2\/comments?post=538"}],"version-history":[{"count":0,"href":"https:\/\/agora.xtec.cat\/ceiptorresjonama\/wp-json\/wp\/v2\/posts\/538\/revisions"}],"wp:attachment":[{"href":"https:\/\/agora.xtec.cat\/ceiptorresjonama\/wp-json\/wp\/v2\/media?parent=538"}],"wp:term":[{"taxonomy":"category","embeddable":true,"href":"https:\/\/agora.xtec.cat\/ceiptorresjonama\/wp-json\/wp\/v2\/categories?post=538"},{"taxonomy":"post_tag","embeddable":true,"href":"https:\/\/agora.xtec.cat\/ceiptorresjonama\/wp-json\/wp\/v2\/tags?post=538"}],"curies":[{"name":"wp","href":"https:\/\/api.w.org\/{rel}","templated":true}]}}