{"id":537,"date":"2015-11-21T21:55:14","date_gmt":"2015-11-21T20:55:14","guid":{"rendered":"https:\/\/torresjonama.wordpress.com\/?p=475"},"modified":"2015-11-21T21:55:14","modified_gmt":"2015-11-21T20:55:14","slug":"el-gran-recapte-daliments","status":"publish","type":"post","link":"https:\/\/agora.xtec.cat\/ceiptorresjonama\/uncategorized\/el-gran-recapte-daliments\/","title":{"rendered":"El Gran Recapte d&#8217;Aliments"},"content":{"rendered":"<p style=\"text-align:justify;\">Benvolgudes fam\u00edlies,<\/p>\n<p style=\"text-align:justify;\">Ja us hem fet arribar la circular, per\u00f2 vol\u00edem recordar-vos que aquesta setmana que ve (la darrera d&#8217;aquest mes de novembre) es dur\u00e0 a terme la campanya de recollida d&#8217;aliments (El Gran Recapte d&#8217;Aliments de Catalunya).<\/p>\n<p style=\"text-align:justify;\">La nostra escola hi participa i, des del Banc d&#8217;Aliments, ens han demanat que recollim especialment <strong>conserves de peix amb oli: tonyina i sardines<\/strong>. Sovint, les fam\u00edlies m\u00e9s necessitades tenen molta dificultat per menjar peix, i aquestes conserves s\u00f3n l&#8217;\u00fanic que, en aquest sentit, poden menjar. A cada aula hi haur\u00e0 una caixa per a facilitar la recollida. Ens ho vindran a buscar tot el dia 30.<\/p>\n<p style=\"text-align:justify;\">Us animem a participar-hi, i aprofitem el recordatori per agrair-vos la vostra col\u00b7laboraci\u00f3 de manera anticipada.<\/p>\n<p style=\"text-align:justify;\">Equip docent<\/p>\n","protected":false},"excerpt":{"rendered":"<p>Benvolgudes fam\u00edlies,<br \/>\nJa us hem fet arribar la circular, per\u00f2 vol\u00edem recordar-vos que aquesta setmana que ve (la darrera d&#8217;aquest mes de novembre) es dur\u00e0 a terme la campanya de recollida d&#8217;aliments (El Gran Recapte d&#8217;Aliments de Catalunya).<br \/>\nLa nostra escola hi participa i, des del Banc&hellip;  <a href=\"https:\/\/agora.xtec.cat\/ceiptorresjonama\/uncategorized\/el-gran-recapte-daliments\/\" title=\"Read El Gran Recapte d&#8217;Aliments\">Llegeix m\u00e9s\u00bb<\/a><\/p>\n","protected":false},"author":1,"featured_media":0,"comment_status":"closed","ping_status":"closed","sticky":false,"template":"","format":"standard","meta":{"_bbp_topic_count":0,"_bbp_reply_count":0,"_bbp_total_topic_count":0,"_bbp_total_reply_count":0,"_bbp_voice_count":0,"_bbp_anonymous_reply_count":0,"_bbp_topic_count_hidden":0,"_bbp_reply_count_hidden":0,"_bbp_forum_subforum_count":0,"footnotes":""},"categories":[60],"tags":[],"class_list":["post-537","post","type-post","status-publish","format-standard","hentry","category-uncategorized"],"post_mailing_queue_ids":[],"_links":{"self":[{"href":"https:\/\/agora.xtec.cat\/ceiptorresjonama\/wp-json\/wp\/v2\/posts\/537","targetHints":{"allow":["GET"]}}],"collection":[{"href":"https:\/\/agora.xtec.cat\/ceiptorresjonama\/wp-json\/wp\/v2\/posts"}],"about":[{"href":"https:\/\/agora.xtec.cat\/ceiptorresjonama\/wp-json\/wp\/v2\/types\/post"}],"author":[{"embeddable":true,"href":"https:\/\/agora.xtec.cat\/ceiptorresjonama\/wp-json\/wp\/v2\/users\/1"}],"replies":[{"embeddable":true,"href":"https:\/\/agora.xtec.cat\/ceiptorresjonama\/wp-json\/wp\/v2\/comments?post=537"}],"version-history":[{"count":0,"href":"https:\/\/agora.xtec.cat\/ceiptorresjonama\/wp-json\/wp\/v2\/posts\/537\/revisions"}],"wp:attachment":[{"href":"https:\/\/agora.xtec.cat\/ceiptorresjonama\/wp-json\/wp\/v2\/media?parent=537"}],"wp:term":[{"taxonomy":"category","embeddable":true,"href":"https:\/\/agora.xtec.cat\/ceiptorresjonama\/wp-json\/wp\/v2\/categories?post=537"},{"taxonomy":"post_tag","embeddable":true,"href":"https:\/\/agora.xtec.cat\/ceiptorresjonama\/wp-json\/wp\/v2\/tags?post=537"}],"curies":[{"name":"wp","href":"https:\/\/api.w.org\/{rel}","templated":true}]}}