{"id":533,"date":"2015-11-06T15:34:43","date_gmt":"2015-11-06T14:34:43","guid":{"rendered":"https:\/\/torresjonama.wordpress.com\/?p=469"},"modified":"2015-11-06T15:34:43","modified_gmt":"2015-11-06T14:34:43","slug":"premis-xxie-concurs-de-dibuix-ornitologic-del-baix-emporda","status":"publish","type":"post","link":"https:\/\/agora.xtec.cat\/ceiptorresjonama\/uncategorized\/premis-xxie-concurs-de-dibuix-ornitologic-del-baix-emporda\/","title":{"rendered":"Premis XXI\u00e8 Concurs de dibuix ornitol\u00f2gic del Baix Empord\u00e0"},"content":{"rendered":"<p style=\"text-align:justify;\">Els alumnes de prim\u00e0ria de l\u2019escola van participar al XXI\u00e8 Concurs de dibuix ornitol\u00f2gic del Baix Empord\u00e0 que es va celebrar aquest passat cap de setmana a Palafrugell.<br \/>\nLa Martina P\u00e9rez Hern\u00e1ndez de 2n i la Laura Qui\u00f1onero Garcia de 6\u00e8 van obtenir el 1r premi de les seves categories.<br \/>\nL\u2019exposici\u00f3 de dibuixos de tots els nens i nenes va ser molt llu\u00efda.<br \/>\nFelicitats !!<\/p>\n<figure class=\"figure wp-caption alignnone\"><a href=\"https:\/\/agora.xtec.cat\/ceiptorresjonama\/wp-content\/uploads\/usu279\/2015\/11\/pb010131.jpg\"><img loading=\"lazy\" decoding=\"async\" class=\"size-medium wp-image-470\" src=\"https:\/\/agora.xtec.cat\/ceiptorresjonama\/wp-content\/uploads\/usu279\/2015\/11\/pb010131.jpg?w=225\" alt=\"OLYMPUS DIGITAL CAMERA\" width=\"225\" height=\"300\" \/><\/a><figcaption class=\"wp-caption-text\">Les guanyadores del 1r premi<\/figcaption><\/figure>\n<figure class=\"figure wp-caption alignnone\"><a href=\"https:\/\/agora.xtec.cat\/ceiptorresjonama\/wp-content\/uploads\/usu279\/2015\/11\/pb010137.jpg\"><img loading=\"lazy\" decoding=\"async\" class=\"size-medium wp-image-471\" src=\"https:\/\/agora.xtec.cat\/ceiptorresjonama\/wp-content\/uploads\/usu279\/2015\/11\/pb010137.jpg?w=300\" alt=\"OLYMPUS DIGITAL CAMERA\" width=\"300\" height=\"225\" \/><\/a><figcaption class=\"wp-caption-text\">Laura Qui\u00f1onero<\/figcaption><\/figure>\n<figure class=\"figure wp-caption alignnone\"><a href=\"https:\/\/agora.xtec.cat\/ceiptorresjonama\/wp-content\/uploads\/usu279\/2015\/11\/pb010138.jpg\"><img loading=\"lazy\" decoding=\"async\" class=\"size-medium wp-image-472\" src=\"https:\/\/agora.xtec.cat\/ceiptorresjonama\/wp-content\/uploads\/usu279\/2015\/11\/pb010138.jpg?w=300\" alt=\"OLYMPUS DIGITAL CAMERA\" width=\"300\" height=\"225\" \/><\/a><figcaption class=\"wp-caption-text\">Martina P\u00e9rez<\/figcaption><\/figure>\n<p><strong>\u00a0<\/strong><\/p>\n","protected":false},"excerpt":{"rendered":"<p>Els alumnes de prim\u00e0ria de l\u2019escola van participar al XXI\u00e8 Concurs de dibuix ornitol\u00f2gic del Baix Empord\u00e0 que es va celebrar aquest passat cap de setmana a Palafrugell.<br \/>\nLa Martina P\u00e9rez Hern\u00e1ndez de 2n i la Laura Qui\u00f1onero Garcia de 6\u00e8 van obtenir el 1r premi&hellip;  <a href=\"https:\/\/agora.xtec.cat\/ceiptorresjonama\/uncategorized\/premis-xxie-concurs-de-dibuix-ornitologic-del-baix-emporda\/\" title=\"Read Premis XXI\u00e8 Concurs de dibuix ornitol\u00f2gic del Baix Empord\u00e0\">Llegeix m\u00e9s\u00bb<\/a><\/p>\n","protected":false},"author":1,"featured_media":0,"comment_status":"closed","ping_status":"closed","sticky":false,"template":"","format":"standard","meta":{"_bbp_topic_count":0,"_bbp_reply_count":0,"_bbp_total_topic_count":0,"_bbp_total_reply_count":0,"_bbp_voice_count":0,"_bbp_anonymous_reply_count":0,"_bbp_topic_count_hidden":0,"_bbp_reply_count_hidden":0,"_bbp_forum_subforum_count":0,"footnotes":""},"categories":[60],"tags":[],"class_list":["post-533","post","type-post","status-publish","format-standard","hentry","category-uncategorized"],"post_mailing_queue_ids":[],"_links":{"self":[{"href":"https:\/\/agora.xtec.cat\/ceiptorresjonama\/wp-json\/wp\/v2\/posts\/533","targetHints":{"allow":["GET"]}}],"collection":[{"href":"https:\/\/agora.xtec.cat\/ceiptorresjonama\/wp-json\/wp\/v2\/posts"}],"about":[{"href":"https:\/\/agora.xtec.cat\/ceiptorresjonama\/wp-json\/wp\/v2\/types\/post"}],"author":[{"embeddable":true,"href":"https:\/\/agora.xtec.cat\/ceiptorresjonama\/wp-json\/wp\/v2\/users\/1"}],"replies":[{"embeddable":true,"href":"https:\/\/agora.xtec.cat\/ceiptorresjonama\/wp-json\/wp\/v2\/comments?post=533"}],"version-history":[{"count":0,"href":"https:\/\/agora.xtec.cat\/ceiptorresjonama\/wp-json\/wp\/v2\/posts\/533\/revisions"}],"wp:attachment":[{"href":"https:\/\/agora.xtec.cat\/ceiptorresjonama\/wp-json\/wp\/v2\/media?parent=533"}],"wp:term":[{"taxonomy":"category","embeddable":true,"href":"https:\/\/agora.xtec.cat\/ceiptorresjonama\/wp-json\/wp\/v2\/categories?post=533"},{"taxonomy":"post_tag","embeddable":true,"href":"https:\/\/agora.xtec.cat\/ceiptorresjonama\/wp-json\/wp\/v2\/tags?post=533"}],"curies":[{"name":"wp","href":"https:\/\/api.w.org\/{rel}","templated":true}]}}