{"id":531,"date":"2015-11-05T16:24:43","date_gmt":"2015-11-05T15:24:43","guid":{"rendered":"https:\/\/torresjonama.wordpress.com\/?p=462"},"modified":"2015-11-05T16:24:43","modified_gmt":"2015-11-05T15:24:43","slug":"la-castanyada-i-el-halloween","status":"publish","type":"post","link":"https:\/\/agora.xtec.cat\/ceiptorresjonama\/uncategorized\/la-castanyada-i-el-halloween\/","title":{"rendered":"La Castanyada i el Halloween"},"content":{"rendered":"<p style=\"text-align:justify;\">La setmana passada, com \u00e9s habitual, vam celebrar la Castanyada i el Halloween. Divendres vam menjar castanyes i vam celebrar-ho m\u00e9s \u201ca la catalana\u201d, per\u00f2 el dia anterior, dijous, els alumnes de cinqu\u00e8 van entrar a cada classe (ben disfressats) per explicar en qu\u00e8 consisteix el \u201cTrick or Treat\u201d dels pa\u00efsos anglosaxons, tot convidant als alumnes de cada grup a fer \u201cun truc o un tracte\u201d (tot en angl\u00e8s). No \u00e9s la nostra tradici\u00f3, per\u00f2 hem de recon\u00e8ixer que els alumnes queden ben sorpresos i que els agrada molt.<\/p>\n<p style=\"text-align:justify;\">Els passadissos han quedat ben guarnits amb els bolets i els m\u00f2bils de n\u00favols de pluja i paraig\u00fces que han preparat els alumnes de Cicle Inicial (encarregats \u201coficials\u201d de decorar l\u2019escola de \u201ctardor\u201d). Els altres\u00a0grups i mestres tamb\u00e9 hi han contribu\u00eft, amb coses, com per exemple: un rac\u00f3 de lectura amb contes de tardor i la Castanyada, treballs de pl\u00e0stica\u2026<\/p>\n<p style=\"text-align:justify;\">Volem compartir amb vosaltres les fotografies de diversos moments, aix\u00ed com tamb\u00e9 les d&#8217;aquesta\u00a0decoraci\u00f3 que comentem. Esperem que us agradin:<\/p>\n<p style=\"text-align:center;\"><a href=\"https:\/\/picasaweb.google.com\/103279565880635005062\/LaCastanyadaIElHalloween?authkey=Gv1sRgCOCW2M7Uk5XrmwE\"><img loading=\"lazy\" decoding=\"async\" class=\"alignnone size-medium wp-image-463\" src=\"https:\/\/agora.xtec.cat\/ceiptorresjonama\/wp-content\/uploads\/usu279\/2015\/11\/img_4943.jpg?w=225\" alt=\"IMG_4943\" width=\"225\" height=\"300\" \/><\/a><\/p>\n","protected":false},"excerpt":{"rendered":"<p>La setmana passada, com \u00e9s habitual, vam celebrar la Castanyada i el Halloween. Divendres vam menjar castanyes i vam celebrar-ho m\u00e9s \u201ca la catalana\u201d, per\u00f2 el dia anterior, dijous, els alumnes de cinqu\u00e8 van entrar a cada classe (ben disfressats) per explicar en qu\u00e8 consisteix&hellip;  <a href=\"https:\/\/agora.xtec.cat\/ceiptorresjonama\/uncategorized\/la-castanyada-i-el-halloween\/\" title=\"Read La Castanyada i el Halloween\">Llegeix m\u00e9s\u00bb<\/a><\/p>\n","protected":false},"author":1,"featured_media":0,"comment_status":"closed","ping_status":"closed","sticky":false,"template":"","format":"standard","meta":{"_bbp_topic_count":0,"_bbp_reply_count":0,"_bbp_total_topic_count":0,"_bbp_total_reply_count":0,"_bbp_voice_count":0,"_bbp_anonymous_reply_count":0,"_bbp_topic_count_hidden":0,"_bbp_reply_count_hidden":0,"_bbp_forum_subforum_count":0,"footnotes":""},"categories":[60],"tags":[],"class_list":["post-531","post","type-post","status-publish","format-standard","hentry","category-uncategorized"],"post_mailing_queue_ids":[],"_links":{"self":[{"href":"https:\/\/agora.xtec.cat\/ceiptorresjonama\/wp-json\/wp\/v2\/posts\/531","targetHints":{"allow":["GET"]}}],"collection":[{"href":"https:\/\/agora.xtec.cat\/ceiptorresjonama\/wp-json\/wp\/v2\/posts"}],"about":[{"href":"https:\/\/agora.xtec.cat\/ceiptorresjonama\/wp-json\/wp\/v2\/types\/post"}],"author":[{"embeddable":true,"href":"https:\/\/agora.xtec.cat\/ceiptorresjonama\/wp-json\/wp\/v2\/users\/1"}],"replies":[{"embeddable":true,"href":"https:\/\/agora.xtec.cat\/ceiptorresjonama\/wp-json\/wp\/v2\/comments?post=531"}],"version-history":[{"count":0,"href":"https:\/\/agora.xtec.cat\/ceiptorresjonama\/wp-json\/wp\/v2\/posts\/531\/revisions"}],"wp:attachment":[{"href":"https:\/\/agora.xtec.cat\/ceiptorresjonama\/wp-json\/wp\/v2\/media?parent=531"}],"wp:term":[{"taxonomy":"category","embeddable":true,"href":"https:\/\/agora.xtec.cat\/ceiptorresjonama\/wp-json\/wp\/v2\/categories?post=531"},{"taxonomy":"post_tag","embeddable":true,"href":"https:\/\/agora.xtec.cat\/ceiptorresjonama\/wp-json\/wp\/v2\/tags?post=531"}],"curies":[{"name":"wp","href":"https:\/\/api.w.org\/{rel}","templated":true}]}}