{"id":5267,"date":"2020-05-24T19:53:13","date_gmt":"2020-05-24T17:53:13","guid":{"rendered":"https:\/\/agora.xtec.cat\/ceiptorresjonama\/?p=5267"},"modified":"2020-05-24T19:53:13","modified_gmt":"2020-05-24T17:53:13","slug":"tasques-p5-25-29-maig","status":"publish","type":"post","link":"https:\/\/agora.xtec.cat\/ceiptorresjonama\/primaria\/2n\/tasques-p5-25-29-maig\/","title":{"rendered":"Tasques P5 25-29 maig"},"content":{"rendered":"<p>&nbsp;<\/p>\n<table style=\"width: 468px; height: 3916px;\">\n<tbody>\n<tr style=\"height: 157px;\">\n<td style=\"width: 462px; height: 157px;\" colspan=\"2\">\n<h3>Setmana 25-29 de maig<strong><br \/>\n<\/strong><\/h3>\n<h3><strong><a href=\"https:\/\/agora.xtec.cat\/ceiptorresjonama\/wp-content\/uploads\/usu279\/2020\/04\/Dll.jpg\"><img loading=\"lazy\" decoding=\"async\" class=\"aligncenter size-medium wp-image-3120\" src=\"https:\/\/agora.xtec.cat\/ceiptorresjonama\/wp-content\/uploads\/usu279\/2020\/04\/Dll-300x80.jpg\" alt=\"\" width=\"300\" height=\"80\" srcset=\"https:\/\/agora.xtec.cat\/ceiptorresjonama\/wp-content\/uploads\/usu279\/2020\/04\/Dll-300x80.jpg 300w, https:\/\/agora.xtec.cat\/ceiptorresjonama\/wp-content\/uploads\/usu279\/2020\/04\/Dll.jpg 482w\" sizes=\"auto, (max-width: 300px) 100vw, 300px\" \/><\/a><\/strong><\/h3>\n<\/td>\n<\/tr>\n<tr style=\"height: 3249px;\">\n<td style=\"width: 123px; height: 3249px;\"><strong>Activitats <\/strong><\/p>\n<p><strong>d&#8217;aprenentatge<\/strong><\/td>\n<td style=\"width: 337px; height: 3249px;\"><iframe loading=\"lazy\" src=\"\/\/www.youtube.com\/embed\/_TP-QsTfALg\" width=\"300\" height=\"168\"><\/iframe><\/p>\n<p>A punt per continuar practicant la lletra d&#8217;impremta?<\/p>\n<p>La fitxa:<\/p>\n<p><a href=\"https:\/\/agora.xtec.cat\/ceiptorresjonama\/wp-content\/uploads\/usu279\/2020\/05\/p-b-ok.pdf\" target=\"_blank\" rel=\"noopener noreferrer\"><img loading=\"lazy\" decoding=\"async\" class=\"aligncenter wp-image-5369\" src=\"https:\/\/agora.xtec.cat\/ceiptorresjonama\/wp-content\/uploads\/usu279\/2020\/05\/plou-i-fa-sol-can-1-728-300x225.jpg\" alt=\"\" width=\"220\" height=\"165\" srcset=\"https:\/\/agora.xtec.cat\/ceiptorresjonama\/wp-content\/uploads\/usu279\/2020\/05\/plou-i-fa-sol-can-1-728-300x225.jpg 300w, https:\/\/agora.xtec.cat\/ceiptorresjonama\/wp-content\/uploads\/usu279\/2020\/05\/plou-i-fa-sol-can-1-728-200x150.jpg 200w, https:\/\/agora.xtec.cat\/ceiptorresjonama\/wp-content\/uploads\/usu279\/2020\/05\/plou-i-fa-sol-can-1-728.jpg 574w\" sizes=\"auto, (max-width: 220px) 100vw, 220px\" \/><\/a><\/p>\n<p>La can\u00e7\u00f3:<\/p>\n<p><iframe loading=\"lazy\" src=\"\/\/www.youtube.com\/embed\/4z37gGPqtzc\" width=\"300\" height=\"168\"><\/iframe><\/p>\n<p>La fitxa:<a href=\"https:\/\/agora.xtec.cat\/ceiptorresjonama\/wp-content\/uploads\/usu279\/2020\/05\/lletra-mnhr.pdf\" target=\"_blank\" rel=\"noopener noreferrer\"><img loading=\"lazy\" decoding=\"async\" class=\"aligncenter wp-image-5361\" src=\"https:\/\/agora.xtec.cat\/ceiptorresjonama\/wp-content\/uploads\/usu279\/2020\/05\/escena-puente-madera_1308-24926-300x180.jpg\" alt=\"\" width=\"223\" height=\"134\" srcset=\"https:\/\/agora.xtec.cat\/ceiptorresjonama\/wp-content\/uploads\/usu279\/2020\/05\/escena-puente-madera_1308-24926-300x180.jpg 300w, https:\/\/agora.xtec.cat\/ceiptorresjonama\/wp-content\/uploads\/usu279\/2020\/05\/escena-puente-madera_1308-24926.jpg 626w\" sizes=\"auto, (max-width: 223px) 100vw, 223px\" \/><\/a><\/p>\n<p>El curt:<\/p>\n<p><iframe loading=\"lazy\" src=\"\/\/www.youtube.com\/embed\/owM3Pf1tufU\" width=\"300\" height=\"168\"><\/iframe>La fitxa:<\/p>\n<p><a href=\"https:\/\/agora.xtec.cat\/ceiptorresjonama\/wp-content\/uploads\/usu279\/2020\/05\/sz.pdf\" target=\"_blank\" rel=\"noopener noreferrer\"><img loading=\"lazy\" decoding=\"async\" class=\"aligncenter wp-image-5366\" src=\"https:\/\/agora.xtec.cat\/ceiptorresjonama\/wp-content\/uploads\/usu279\/2020\/05\/La-Dansa-de-les-Abelles-copia-300x155.png\" alt=\"\" width=\"215\" height=\"111\" srcset=\"https:\/\/agora.xtec.cat\/ceiptorresjonama\/wp-content\/uploads\/usu279\/2020\/05\/La-Dansa-de-les-Abelles-copia-300x155.png 300w, https:\/\/agora.xtec.cat\/ceiptorresjonama\/wp-content\/uploads\/usu279\/2020\/05\/La-Dansa-de-les-Abelles-copia.png 582w\" sizes=\"auto, (max-width: 215px) 100vw, 215px\" \/><\/a><\/p>\n<p>La can\u00e7\u00f3:<\/p>\n<p><iframe loading=\"lazy\" src=\"\/\/www.youtube.com\/embed\/JeZ4jT3XC58\" width=\"300\" height=\"168\"><\/iframe>La fitxa:<\/p>\n<p><a href=\"https:\/\/agora.xtec.cat\/ceiptorresjonama\/wp-content\/uploads\/usu279\/2020\/05\/f-k-x.pdf\" target=\"_blank\" rel=\"noopener noreferrer\"><img loading=\"lazy\" decoding=\"async\" class=\"aligncenter wp-image-5356\" src=\"https:\/\/agora.xtec.cat\/ceiptorresjonama\/wp-content\/uploads\/usu279\/2020\/05\/89830450_207544176973897_1122682681380461535_n-260x300.jpg\" alt=\"\" width=\"159\" height=\"184\" srcset=\"https:\/\/agora.xtec.cat\/ceiptorresjonama\/wp-content\/uploads\/usu279\/2020\/05\/89830450_207544176973897_1122682681380461535_n-260x300.jpg 260w, https:\/\/agora.xtec.cat\/ceiptorresjonama\/wp-content\/uploads\/usu279\/2020\/05\/89830450_207544176973897_1122682681380461535_n-768x887.jpg 768w, https:\/\/agora.xtec.cat\/ceiptorresjonama\/wp-content\/uploads\/usu279\/2020\/05\/89830450_207544176973897_1122682681380461535_n-886x1024.jpg 886w, https:\/\/agora.xtec.cat\/ceiptorresjonama\/wp-content\/uploads\/usu279\/2020\/05\/89830450_207544176973897_1122682681380461535_n.jpg 1080w\" sizes=\"auto, (max-width: 159px) 100vw, 159px\" \/><\/a>La can\u00e7\u00f3:<\/p>\n<p><iframe loading=\"lazy\" src=\"\/\/www.youtube.com\/embed\/O2QsUewF-Ow\" width=\"300\" height=\"168\"><\/iframe><\/p>\n<p>&nbsp;<\/p>\n<p>I ara et proposa el sac del joc de les paraules!<\/p>\n<p><a href=\"https:\/\/agora.xtec.cat\/ceiptorresjonama\/wp-content\/uploads\/usu279\/2020\/05\/bossa-per-el-pa-en-tela-de-farcell-100-coto-mesures-53x35-cm-1.jpg\"><img loading=\"lazy\" decoding=\"async\" class=\"aligncenter wp-image-5358\" src=\"https:\/\/agora.xtec.cat\/ceiptorresjonama\/wp-content\/uploads\/usu279\/2020\/05\/bossa-per-el-pa-en-tela-de-farcell-100-coto-mesures-53x35-cm-1-254x300.jpg\" alt=\"\" width=\"135\" height=\"159\" srcset=\"https:\/\/agora.xtec.cat\/ceiptorresjonama\/wp-content\/uploads\/usu279\/2020\/05\/bossa-per-el-pa-en-tela-de-farcell-100-coto-mesures-53x35-cm-1-254x300.jpg 254w, https:\/\/agora.xtec.cat\/ceiptorresjonama\/wp-content\/uploads\/usu279\/2020\/05\/bossa-per-el-pa-en-tela-de-farcell-100-coto-mesures-53x35-cm-1-768x907.jpg 768w, https:\/\/agora.xtec.cat\/ceiptorresjonama\/wp-content\/uploads\/usu279\/2020\/05\/bossa-per-el-pa-en-tela-de-farcell-100-coto-mesures-53x35-cm-1.jpg 800w\" sizes=\"auto, (max-width: 135px) 100vw, 135px\" \/><\/a><\/p>\n<p>Joc 1 (clica el dibuix)<\/p>\n<p><a href=\"https:\/\/agora.xtec.cat\/ceiptorresjonama\/wp-content\/uploads\/usu279\/2020\/05\/JOCS-DE-LLENGUA-10.pdf\" target=\"_blank\" rel=\"noopener noreferrer\"><img loading=\"lazy\" decoding=\"async\" class=\"aligncenter wp-image-5357\" src=\"https:\/\/agora.xtec.cat\/ceiptorresjonama\/wp-content\/uploads\/usu279\/2020\/05\/Bicicleta-para-ni\u00f1o-de-8-a\u00f1os-verde-700x490-300x210.jpg\" alt=\"\" width=\"171\" height=\"120\" srcset=\"https:\/\/agora.xtec.cat\/ceiptorresjonama\/wp-content\/uploads\/usu279\/2020\/05\/Bicicleta-para-ni\u00f1o-de-8-a\u00f1os-verde-700x490-300x210.jpg 300w, https:\/\/agora.xtec.cat\/ceiptorresjonama\/wp-content\/uploads\/usu279\/2020\/05\/Bicicleta-para-ni\u00f1o-de-8-a\u00f1os-verde-700x490.jpg 700w\" sizes=\"auto, (max-width: 171px) 100vw, 171px\" \/><\/a><\/p>\n<p>Joc 2 (clica el dibuix)<a href=\"https:\/\/agora.xtec.cat\/ceiptorresjonama\/wp-content\/uploads\/usu279\/2020\/05\/JOCS-DE-LLENGUA-1.pdf\" target=\"_blank\" rel=\"noopener noreferrer\"><img loading=\"lazy\" decoding=\"async\" class=\"aligncenter wp-image-5359\" src=\"https:\/\/agora.xtec.cat\/ceiptorresjonama\/wp-content\/uploads\/usu279\/2020\/05\/Diapositiva3-300x208.jpg\" alt=\"\" width=\"207\" height=\"143\" srcset=\"https:\/\/agora.xtec.cat\/ceiptorresjonama\/wp-content\/uploads\/usu279\/2020\/05\/Diapositiva3-300x208.jpg 300w, https:\/\/agora.xtec.cat\/ceiptorresjonama\/wp-content\/uploads\/usu279\/2020\/05\/Diapositiva3.jpg 400w\" sizes=\"auto, (max-width: 207px) 100vw, 207px\" \/><\/a><\/p>\n<p>Joc 3 (clica el dibuix)<a href=\"https:\/\/agora.xtec.cat\/ceiptorresjonama\/wp-content\/uploads\/usu279\/2020\/05\/JOCS-DE-LLENGUA-17.pdf\" target=\"_blank\" rel=\"noopener noreferrer\"><img loading=\"lazy\" decoding=\"async\" class=\"aligncenter wp-image-5360\" src=\"https:\/\/agora.xtec.cat\/ceiptorresjonama\/wp-content\/uploads\/usu279\/2020\/05\/endevinalles-140924090057-phpapp01-thumbnail-4-300x225.jpg\" alt=\"\" width=\"191\" height=\"143\" srcset=\"https:\/\/agora.xtec.cat\/ceiptorresjonama\/wp-content\/uploads\/usu279\/2020\/05\/endevinalles-140924090057-phpapp01-thumbnail-4-300x225.jpg 300w, https:\/\/agora.xtec.cat\/ceiptorresjonama\/wp-content\/uploads\/usu279\/2020\/05\/endevinalles-140924090057-phpapp01-thumbnail-4.jpg 768w, https:\/\/agora.xtec.cat\/ceiptorresjonama\/wp-content\/uploads\/usu279\/2020\/05\/endevinalles-140924090057-phpapp01-thumbnail-4-200x150.jpg 200w\" sizes=\"auto, (max-width: 191px) 100vw, 191px\" \/><\/a><\/p>\n<p>I sorpresa i els contes per tel\u00e8fon. Tens ganes de veure com ens han quedat? Doncs som-hi!<\/p>\n<p>Conte 1:<\/p>\n<p><a href=\"https:\/\/agora.xtec.cat\/ceiptorresjonama\/wp-content\/uploads\/usu279\/2020\/05\/contes-per-tel\u00e8fon-11.pdf\" target=\"_blank\" rel=\"noopener noreferrer\"><img loading=\"lazy\" decoding=\"async\" class=\"aligncenter wp-image-5382\" src=\"https:\/\/agora.xtec.cat\/ceiptorresjonama\/wp-content\/uploads\/usu279\/2020\/05\/dibuix-telefo-n-300x222.jpg\" alt=\"\" width=\"196\" height=\"145\" srcset=\"https:\/\/agora.xtec.cat\/ceiptorresjonama\/wp-content\/uploads\/usu279\/2020\/05\/dibuix-telefo-n-300x222.jpg 300w, https:\/\/agora.xtec.cat\/ceiptorresjonama\/wp-content\/uploads\/usu279\/2020\/05\/dibuix-telefo-n.jpg 518w\" sizes=\"auto, (max-width: 196px) 100vw, 196px\" \/><\/a><\/p>\n<p>Conte 2:<a href=\"https:\/\/agora.xtec.cat\/ceiptorresjonama\/wp-content\/uploads\/usu279\/2020\/05\/contes-per-tel\u00e8fon-2.pdf\" target=\"_blank\" rel=\"noopener noreferrer\"><img loading=\"lazy\" decoding=\"async\" class=\"aligncenter wp-image-5382\" src=\"https:\/\/agora.xtec.cat\/ceiptorresjonama\/wp-content\/uploads\/usu279\/2020\/05\/dibuix-telefo-n-300x222.jpg\" alt=\"\" width=\"185\" height=\"137\" srcset=\"https:\/\/agora.xtec.cat\/ceiptorresjonama\/wp-content\/uploads\/usu279\/2020\/05\/dibuix-telefo-n-300x222.jpg 300w, https:\/\/agora.xtec.cat\/ceiptorresjonama\/wp-content\/uploads\/usu279\/2020\/05\/dibuix-telefo-n.jpg 518w\" sizes=\"auto, (max-width: 185px) 100vw, 185px\" \/><\/a><\/p>\n<p>I finalment un conte molt i molt xulo que us ha preparat la Martina. Disfruteu-lo!<\/p>\n<p><iframe loading=\"lazy\" src=\"\/\/www.youtube.com\/embed\/P6sGCQsN-3g\" width=\"200\" height=\"112\"><\/iframe><\/td>\n<\/tr>\n<tr style=\"height: 31px;\">\n<td style=\"width: 123px; height: 31px;\"><em>Retorn tasques<\/em><\/td>\n<td style=\"width: 337px; height: 31px;\">Whatsapp\u00a0 \u00a0 o<a href=\"mailto:gfeliu2@xtec.cat\" target=\"_blank\" rel=\"noopener noreferrer\"> \u00a0gfeliu2@xtec.cat<\/a><\/td>\n<\/tr>\n<tr>\n<td style=\"width: 123px;\"><strong>Angl\u00e8s<\/strong><\/td>\n<td style=\"width: 337px;\">&nbsp;<\/p>\n<p><a href=\"https:\/\/agora.xtec.cat\/ceiptorresjonama\/wp-content\/uploads\/usu279\/2020\/05\/ANGL\u00c8S-SETMANA-7-P5.pdf\" target=\"_blank\" rel=\"noopener noreferrer\">HIST\u00d2RIA I CAN\u00c7\u00d3 ANGL\u00c8S \u00a0 \u00a0<\/a>??<\/td>\n<\/tr>\n<tr>\n<td style=\"width: 123px;\"><em>Retorn tasques<\/em><\/td>\n<td style=\"width: 337px;\"><a href=\"mailto:csoler32@xtec.cat\" target=\"_blank\" rel=\"noopener noreferrer\">csoler32@xtec.cat<\/a><\/td>\n<\/tr>\n<tr style=\"height: 416px;\">\n<td style=\"width: 123px; height: 416px;\"><strong>Psicomotricitat<\/strong><\/td>\n<td style=\"width: 337px; height: 416px;\"><strong>Us he preparat un joc!!!<\/strong> <strong>Clica els tres punts que hi ha a la imatge, despr\u00e9s toca el requadre que t\u00e9 2 fletxes (recorda tocar el play per escoltar-me) i ja podr\u00e0s jugar!!!<\/strong><\/p>\n<div style=\"width: 100%;\">\n<div style=\"padding-bottom: 56.25%; padding-top: 0; height: 0;\"><iframe loading=\"lazy\" src=\"https:\/\/view.genial.ly\/5ec625f2aced720d9544a096\" width=\"300px\" height=\"250px\" frameborder=\"0\" data-mce-fragment=\"1\"><\/iframe><\/div>\n<\/div>\n<p>&nbsp;<\/p>\n<p>&nbsp;<\/p>\n<p>&nbsp;<\/p>\n<p><strong>Seguiu disfrutant de les vostres cabanes!!<\/strong><\/p>\n<p>Els v\u00eddeos de les cabanes dels alumnes de P5:<\/p>\n<p><iframe loading=\"lazy\" src=\"\/\/www.youtube.com\/embed\/XCOPl8Wz5mo\" width=\"300\" height=\"168\"><\/iframe><\/td>\n<\/tr>\n<tr style=\"height: 95px;\">\n<td style=\"width: 123px; height: 63px;\"><em>Retorn tasques<\/em><\/td>\n<td style=\"width: 337px; height: 63px;\"><a href=\"mailto:jullastr@xtec.cat\">jullastr@xtec.cat<\/a><\/td>\n<\/tr>\n<\/tbody>\n<\/table>\n","protected":false},"excerpt":{"rendered":"<p>&nbsp;<\/p>\n<p>Setmana 25-29 de maig<\/p>\n<p><a href=\"https:\/\/agora.xtec.cat\/ceiptorresjonama\/wp-content\/uploads\/usu279\/2020\/04\/Dll.jpg\"><\/a><\/p>\n<p>Activitats<br \/>\nd&#8217;aprenentatge<\/p>\n<p>A punt per continuar practicant la lletra d&#8217;impremta?<br \/>\nLa fitxa:<br \/>\n<a href=\"https:\/\/agora.xtec.cat\/ceiptorresjonama\/wp-content\/uploads\/usu279\/2020\/05\/p-b-ok.pdf\" target=\"_blank\" rel=\"noopener noreferrer\"><\/a><br \/>\nLa can\u00e7\u00f3:<\/p>\n<p>La fitxa:<a href=\"https:\/\/agora.xtec.cat\/ceiptorresjonama\/wp-content\/uploads\/usu279\/2020\/05\/lletra-mnhr.pdf\" target=\"_blank\" rel=\"noopener noreferrer\"><\/a><br \/>\nEl curt:<br \/>\nLa fitxa:<br \/>\n<a href=\"https:\/\/agora.xtec.cat\/ceiptorresjonama\/wp-content\/uploads\/usu279\/2020\/05\/sz.pdf\" target=\"_blank\" rel=\"noopener noreferrer\"><\/a><br \/>\nLa can\u00e7\u00f3:<br \/>\nLa fitxa:<br \/>\n<a href=\"https:\/\/agora.xtec.cat\/ceiptorresjonama\/wp-content\/uploads\/usu279\/2020\/05\/f-k-x.pdf\" target=\"_blank\" rel=\"noopener noreferrer\"><\/a>La can\u00e7\u00f3:<\/p>\n<p>&nbsp;<br \/>\nI ara et proposa el sac del joc de&hellip;  <a href=\"https:\/\/agora.xtec.cat\/ceiptorresjonama\/primaria\/2n\/tasques-p5-25-29-maig\/\" title=\"Read Tasques P5 25-29 maig\">Llegeix m\u00e9s\u00bb<\/a><\/p>\n","protected":false},"author":4,"featured_media":3120,"comment_status":"closed","ping_status":"closed","sticky":false,"template":"","format":"standard","meta":{"_bbp_topic_count":0,"_bbp_reply_count":0,"_bbp_total_topic_count":0,"_bbp_total_reply_count":0,"_bbp_voice_count":0,"_bbp_anonymous_reply_count":0,"_bbp_topic_count_hidden":0,"_bbp_reply_count_hidden":0,"_bbp_forum_subforum_count":0,"footnotes":""},"categories":[9],"tags":[],"class_list":["post-5267","post","type-post","status-publish","format-standard","has-post-thumbnail","hentry","category-2n"],"post_mailing_queue_ids":[],"_links":{"self":[{"href":"https:\/\/agora.xtec.cat\/ceiptorresjonama\/wp-json\/wp\/v2\/posts\/5267","targetHints":{"allow":["GET"]}}],"collection":[{"href":"https:\/\/agora.xtec.cat\/ceiptorresjonama\/wp-json\/wp\/v2\/posts"}],"about":[{"href":"https:\/\/agora.xtec.cat\/ceiptorresjonama\/wp-json\/wp\/v2\/types\/post"}],"author":[{"embeddable":true,"href":"https:\/\/agora.xtec.cat\/ceiptorresjonama\/wp-json\/wp\/v2\/users\/4"}],"replies":[{"embeddable":true,"href":"https:\/\/agora.xtec.cat\/ceiptorresjonama\/wp-json\/wp\/v2\/comments?post=5267"}],"version-history":[{"count":3,"href":"https:\/\/agora.xtec.cat\/ceiptorresjonama\/wp-json\/wp\/v2\/posts\/5267\/revisions"}],"predecessor-version":[{"id":5512,"href":"https:\/\/agora.xtec.cat\/ceiptorresjonama\/wp-json\/wp\/v2\/posts\/5267\/revisions\/5512"}],"wp:featuredmedia":[{"embeddable":true,"href":"https:\/\/agora.xtec.cat\/ceiptorresjonama\/wp-json\/wp\/v2\/media\/3120"}],"wp:attachment":[{"href":"https:\/\/agora.xtec.cat\/ceiptorresjonama\/wp-json\/wp\/v2\/media?parent=5267"}],"wp:term":[{"taxonomy":"category","embeddable":true,"href":"https:\/\/agora.xtec.cat\/ceiptorresjonama\/wp-json\/wp\/v2\/categories?post=5267"},{"taxonomy":"post_tag","embeddable":true,"href":"https:\/\/agora.xtec.cat\/ceiptorresjonama\/wp-json\/wp\/v2\/tags?post=5267"}],"curies":[{"name":"wp","href":"https:\/\/api.w.org\/{rel}","templated":true}]}}