{"id":5263,"date":"2020-05-24T19:54:25","date_gmt":"2020-05-24T17:54:25","guid":{"rendered":"https:\/\/agora.xtec.cat\/ceiptorresjonama\/?p=5263"},"modified":"2020-05-24T19:54:25","modified_gmt":"2020-05-24T17:54:25","slug":"tasques-p3-25-29-maig","status":"publish","type":"post","link":"https:\/\/agora.xtec.cat\/ceiptorresjonama\/infantil\/i5\/tasques-p3-25-29-maig\/","title":{"rendered":"Tasques P3 25-29 maig"},"content":{"rendered":"<table style=\"width: 435px; height: 848px;\">\n<tbody>\n<tr style=\"height: 157px;\">\n<td style=\"width: 449px; height: 157px;\" colspan=\"2\">\n<h3>Setmana 25-29 de maig<strong><br \/>\n<\/strong><\/h3>\n<h3><strong><a href=\"https:\/\/agora.xtec.cat\/ceiptorresjonama\/wp-content\/uploads\/usu279\/2020\/04\/Dll.jpg\"><img loading=\"lazy\" decoding=\"async\" class=\"aligncenter size-medium wp-image-3120\" src=\"https:\/\/agora.xtec.cat\/ceiptorresjonama\/wp-content\/uploads\/usu279\/2020\/04\/Dll-300x80.jpg\" alt=\"\" width=\"300\" height=\"80\" srcset=\"https:\/\/agora.xtec.cat\/ceiptorresjonama\/wp-content\/uploads\/usu279\/2020\/04\/Dll-300x80.jpg 300w, https:\/\/agora.xtec.cat\/ceiptorresjonama\/wp-content\/uploads\/usu279\/2020\/04\/Dll.jpg 482w\" sizes=\"auto, (max-width: 300px) 100vw, 300px\" \/><\/a><\/strong><\/h3>\n<\/td>\n<\/tr>\n<tr style=\"height: 95px;\">\n<td style=\"width: 121px; height: 95px;\"><strong>Activitats<\/strong><\/p>\n<p><strong>d&#8217;aprenentatge<\/strong><\/td>\n<td style=\"width: 326px; height: 95px;\">Hola nens i nenes! Aquesta setmana us deixem unes quantes activitats m\u00e9s, esperem que us agradin!<\/p>\n<p><iframe loading=\"lazy\" src=\"\/\/www.youtube.com\/embed\/qIjAooWJVL0\" width=\"200\" height=\"112\"><\/iframe><\/p>\n<p>Els castellers ens agraden molt, comencen per la lletra C igual que la Cristal.<\/p>\n<p>Ara us explicar\u00e9 el que fan els castellers.<\/p>\n<p><iframe loading=\"lazy\" src=\"\/\/www.youtube.com\/embed\/CRkBdtoXfqM\" width=\"200\" height=\"112\"><\/iframe><\/p>\n<p>Us agradaria veure un v\u00eddeo de castellers de veritat? Sempre me&#8217;n deman\u00e0veu!!! Recordeu quines persones s\u00f3n les que fan pinya ( que s\u00f3n a baix) LES M\u00c9S GRANS i la persona que fa d&#8217;enxaneta ( que puja a dalt de tot) LA M\u00c9S PETITA! Mireu-lo amb atenci\u00f3 i escolteu la m\u00fasica de les gralles.<\/p>\n<p><iframe loading=\"lazy\" src=\"\/\/www.youtube.com\/embed\/ncMe98mrICY\" width=\"200\" height=\"112\"><\/iframe><\/p>\n<p>Aqu\u00ed us explico dues feinetes per fer. Espero la vostra resposta amb i\u00b7lusi\u00f3.<\/p>\n<p><iframe loading=\"lazy\" src=\"\/\/www.youtube.com\/embed\/ywaxmZC3B7Q\" width=\"200\" height=\"112\"><\/iframe><\/p>\n<p>I finalment, aqu\u00ed us deixo un conte que segur que coneixeu molt b\u00e9. Espero que us agradi!!<\/p>\n<p><iframe loading=\"lazy\" src=\"\/\/www.youtube.com\/embed\/P6sGCQsN-3g\" width=\"200\" height=\"112\"><\/iframe><\/td>\n<\/tr>\n<tr style=\"height: 31px;\">\n<td style=\"width: 121px; height: 31px;\"><em>Retorn tasques<\/em><\/td>\n<td style=\"width: 326px; height: 31px;\">Whatsapp\u00a0 \u00a0 o<a href=\"mailto:mbaque@xtec.cat\">\u00a0 \u00a0mbaque@xtec.cat<\/a><\/td>\n<\/tr>\n<tr style=\"height: 404px;\">\n<td style=\"width: 121px; height: 404px;\"><strong>Psicomotricitat<\/strong><\/td>\n<td style=\"width: 326px; height: 404px;\"><strong>Us he preparat un joc!!!<\/strong> <strong>Clica els tres punts que hi ha a la imatge, despr\u00e9s toca el requadre que t\u00e9 2 fletxes (recorda tocar el play per escoltar-me) i ja podr\u00e0s jugar!!!<\/strong><\/p>\n<div style=\"width: 100%;\">\n<div style=\"padding-bottom: 56.25%; padding-top: 0; height: 0;\">\n<div style=\"width: 100%;\">\n<div style=\"padding-bottom: 56.25%; padding-top: 0; height: 0;\"><iframe loading=\"lazy\" src=\"https:\/\/view.genial.ly\/5ebfbae64a81770d9df4fb16\" width=\"300px\" height=\"200px\" frameborder=\"0\"><\/iframe><\/div>\n<div><\/div>\n<\/div>\n<\/div>\n<\/div>\n<p>&nbsp;<\/p>\n<p><strong>Seguiu disfrutant de les vostres cabanes!!!<\/strong><\/p>\n<p>Els v\u00eddeos de les cabanes dels alumnes de P3:<\/p>\n<p><iframe loading=\"lazy\" src=\"\/\/www.youtube.com\/embed\/hrWc0khx4Eo\" width=\"250\" height=\"140\"><\/iframe><\/td>\n<\/tr>\n<tr style=\"height: 31px;\">\n<td style=\"width: 121px; height: 31px;\"><em>Retorn tasques<\/em><\/td>\n<td style=\"width: 326px; height: 31px;\"><a href=\"mailto:jullastr@xtec.cat\">jullastr@xtec.cat<\/a><\/td>\n<\/tr>\n<\/tbody>\n<\/table>\n<p>&nbsp;<\/p>\n","protected":false},"excerpt":{"rendered":"<p>Setmana 25-29 de maig<\/p>\n<p><a href=\"https:\/\/agora.xtec.cat\/ceiptorresjonama\/wp-content\/uploads\/usu279\/2020\/04\/Dll.jpg\"><\/a><\/p>\n<p>Activitats<br \/>\nd&#8217;aprenentatge<br \/>\nHola nens i nenes! Aquesta setmana us deixem unes quantes activitats m\u00e9s, esperem que us agradin!<\/p>\n<p>Els castellers ens agraden molt, comencen per la lletra C igual que la Cristal.<br \/>\nAra us explicar\u00e9 el que fan els castellers.<\/p>\n<p>Us agradaria veure un v\u00eddeo de&hellip;  <a href=\"https:\/\/agora.xtec.cat\/ceiptorresjonama\/infantil\/i5\/tasques-p3-25-29-maig\/\" title=\"Read Tasques P3 25-29 maig\">Llegeix m\u00e9s\u00bb<\/a><\/p>\n","protected":false},"author":4,"featured_media":3120,"comment_status":"closed","ping_status":"closed","sticky":false,"template":"","format":"standard","meta":{"_bbp_topic_count":0,"_bbp_reply_count":0,"_bbp_total_topic_count":0,"_bbp_total_reply_count":0,"_bbp_voice_count":0,"_bbp_anonymous_reply_count":0,"_bbp_topic_count_hidden":0,"_bbp_reply_count_hidden":0,"_bbp_forum_subforum_count":0,"footnotes":""},"categories":[3],"tags":[],"class_list":["post-5263","post","type-post","status-publish","format-standard","has-post-thumbnail","hentry","category-i5"],"post_mailing_queue_ids":[],"_links":{"self":[{"href":"https:\/\/agora.xtec.cat\/ceiptorresjonama\/wp-json\/wp\/v2\/posts\/5263","targetHints":{"allow":["GET"]}}],"collection":[{"href":"https:\/\/agora.xtec.cat\/ceiptorresjonama\/wp-json\/wp\/v2\/posts"}],"about":[{"href":"https:\/\/agora.xtec.cat\/ceiptorresjonama\/wp-json\/wp\/v2\/types\/post"}],"author":[{"embeddable":true,"href":"https:\/\/agora.xtec.cat\/ceiptorresjonama\/wp-json\/wp\/v2\/users\/4"}],"replies":[{"embeddable":true,"href":"https:\/\/agora.xtec.cat\/ceiptorresjonama\/wp-json\/wp\/v2\/comments?post=5263"}],"version-history":[{"count":3,"href":"https:\/\/agora.xtec.cat\/ceiptorresjonama\/wp-json\/wp\/v2\/posts\/5263\/revisions"}],"predecessor-version":[{"id":5489,"href":"https:\/\/agora.xtec.cat\/ceiptorresjonama\/wp-json\/wp\/v2\/posts\/5263\/revisions\/5489"}],"wp:featuredmedia":[{"embeddable":true,"href":"https:\/\/agora.xtec.cat\/ceiptorresjonama\/wp-json\/wp\/v2\/media\/3120"}],"wp:attachment":[{"href":"https:\/\/agora.xtec.cat\/ceiptorresjonama\/wp-json\/wp\/v2\/media?parent=5263"}],"wp:term":[{"taxonomy":"category","embeddable":true,"href":"https:\/\/agora.xtec.cat\/ceiptorresjonama\/wp-json\/wp\/v2\/categories?post=5263"},{"taxonomy":"post_tag","embeddable":true,"href":"https:\/\/agora.xtec.cat\/ceiptorresjonama\/wp-json\/wp\/v2\/tags?post=5263"}],"curies":[{"name":"wp","href":"https:\/\/api.w.org\/{rel}","templated":true}]}}