{"id":522,"date":"2015-03-22T21:45:43","date_gmt":"2015-03-22T20:45:43","guid":{"rendered":"https:\/\/torresjonama.wordpress.com\/?p=383"},"modified":"2015-03-22T21:45:43","modified_gmt":"2015-03-22T20:45:43","slug":"algunes-fotos-de-les-penyores-de-carnaval","status":"publish","type":"post","link":"https:\/\/agora.xtec.cat\/ceiptorresjonama\/uncategorized\/algunes-fotos-de-les-penyores-de-carnaval\/","title":{"rendered":"Algunes fotos de les penyores de Carnaval."},"content":{"rendered":"<p>S&#8217;han retardat una mica massa les fotos que vam fer el darrer dia de els penyores del carnestoltes.<\/p>\n<p>Vam penjar la campanya de la recollida de sang a Mont-ras i vol\u00edem que es vei\u00e9s b\u00e9. Per cert, donem les gr\u00e0cies des d&#8217;aqu\u00ed, a tothom que hi va participar especialment els nens i nenes de 5\u00e8 i la seva mestra, que hi van treballar de valent perqu\u00e8 fos un \u00e8xit i realment el n\u00famero d&#8217;extraccions que es van fer va ser molt superior que en altres ocasions. Moltes gr\u00e0cies!<\/p>\n<p>Si cliqueu la foto les podreu veure totes.<\/p>\n<p style=\"text-align:center;\"><a href=\"https:\/\/picasaweb.google.com\/103279565880635005062\/PenyoresDeCarnaval\"><img loading=\"lazy\" decoding=\"async\" class=\"alignnone size-medium wp-image-384\" src=\"https:\/\/agora.xtec.cat\/ceiptorresjonama\/wp-content\/uploads\/usu279\/2015\/03\/p1200142.jpg?w=225\" alt=\"P1200142\" width=\"225\" height=\"300\" srcset=\"https:\/\/agora.xtec.cat\/ceiptorresjonama\/wp-content\/uploads\/usu279\/2015\/03\/p1200142.jpg 960w, https:\/\/agora.xtec.cat\/ceiptorresjonama\/wp-content\/uploads\/usu279\/2015\/03\/p1200142-225x300.jpg 225w, https:\/\/agora.xtec.cat\/ceiptorresjonama\/wp-content\/uploads\/usu279\/2015\/03\/p1200142-768x1024.jpg 768w\" sizes=\"auto, (max-width: 225px) 100vw, 225px\" \/><\/a><\/p>\n","protected":false},"excerpt":{"rendered":"<p>S&#8217;han retardat una mica massa les fotos que vam fer el darrer dia de els penyores del carnestoltes.<br \/>\nVam penjar la campanya de la recollida de sang a Mont-ras i vol\u00edem que es vei\u00e9s b\u00e9. Per cert, donem les gr\u00e0cies des d&#8217;aqu\u00ed, a tothom que hi&hellip;  <a href=\"https:\/\/agora.xtec.cat\/ceiptorresjonama\/uncategorized\/algunes-fotos-de-les-penyores-de-carnaval\/\" title=\"Read Algunes fotos de les penyores de Carnaval.\">Llegeix m\u00e9s\u00bb<\/a><\/p>\n","protected":false},"author":1,"featured_media":0,"comment_status":"closed","ping_status":"closed","sticky":false,"template":"","format":"standard","meta":{"_bbp_topic_count":0,"_bbp_reply_count":0,"_bbp_total_topic_count":0,"_bbp_total_reply_count":0,"_bbp_voice_count":0,"_bbp_anonymous_reply_count":0,"_bbp_topic_count_hidden":0,"_bbp_reply_count_hidden":0,"_bbp_forum_subforum_count":0,"footnotes":""},"categories":[60],"tags":[],"class_list":["post-522","post","type-post","status-publish","format-standard","hentry","category-uncategorized"],"post_mailing_queue_ids":[],"_links":{"self":[{"href":"https:\/\/agora.xtec.cat\/ceiptorresjonama\/wp-json\/wp\/v2\/posts\/522","targetHints":{"allow":["GET"]}}],"collection":[{"href":"https:\/\/agora.xtec.cat\/ceiptorresjonama\/wp-json\/wp\/v2\/posts"}],"about":[{"href":"https:\/\/agora.xtec.cat\/ceiptorresjonama\/wp-json\/wp\/v2\/types\/post"}],"author":[{"embeddable":true,"href":"https:\/\/agora.xtec.cat\/ceiptorresjonama\/wp-json\/wp\/v2\/users\/1"}],"replies":[{"embeddable":true,"href":"https:\/\/agora.xtec.cat\/ceiptorresjonama\/wp-json\/wp\/v2\/comments?post=522"}],"version-history":[{"count":0,"href":"https:\/\/agora.xtec.cat\/ceiptorresjonama\/wp-json\/wp\/v2\/posts\/522\/revisions"}],"wp:attachment":[{"href":"https:\/\/agora.xtec.cat\/ceiptorresjonama\/wp-json\/wp\/v2\/media?parent=522"}],"wp:term":[{"taxonomy":"category","embeddable":true,"href":"https:\/\/agora.xtec.cat\/ceiptorresjonama\/wp-json\/wp\/v2\/categories?post=522"},{"taxonomy":"post_tag","embeddable":true,"href":"https:\/\/agora.xtec.cat\/ceiptorresjonama\/wp-json\/wp\/v2\/tags?post=522"}],"curies":[{"name":"wp","href":"https:\/\/api.w.org\/{rel}","templated":true}]}}