{"id":518,"date":"2014-09-24T15:27:17","date_gmt":"2014-09-24T14:27:17","guid":{"rendered":"http:\/\/torresjonama.wordpress.com\/?p=328"},"modified":"2014-09-24T15:27:17","modified_gmt":"2014-09-24T14:27:17","slug":"obrim-la-biblioteca-escolar","status":"publish","type":"post","link":"https:\/\/agora.xtec.cat\/ceiptorresjonama\/uncategorized\/obrim-la-biblioteca-escolar\/","title":{"rendered":"OBRIM LA BIBLIOTECA ESCOLAR!"},"content":{"rendered":"<p style=\"text-align:justify;\">A partir del proper <strong>dilluns 29 de setembre<\/strong> la biblioteca de l\u2019escol\u00e0 romandr\u00e0 oberta a l\u2019hora del pati. El servei de biblioteca extraescolar ser\u00e0 els <strong>dimarts i els dimecres de 17 a 17,30h<\/strong>. Aquest servei s\u2019ofereix per tal de facilitar la consulta i el servei de pr\u00e9stec al nostre alumnat i tamb\u00e9 fomentar la participaci\u00f3 de les fam\u00edlies a la biblioteca.<\/p>\n<p style=\"text-align:justify;\">US HI ESPEREM!<\/p>\n","protected":false},"excerpt":{"rendered":"<p>A partir del proper dilluns 29 de setembre la biblioteca de l\u2019escol\u00e0 romandr\u00e0 oberta a l\u2019hora del pati. El servei de biblioteca extraescolar ser\u00e0 els dimarts i els dimecres de 17 a 17,30h. Aquest servei s\u2019ofereix per tal de facilitar la consulta i el servei&hellip;  <a href=\"https:\/\/agora.xtec.cat\/ceiptorresjonama\/uncategorized\/obrim-la-biblioteca-escolar\/\" title=\"Read OBRIM LA BIBLIOTECA ESCOLAR!\">Llegeix m\u00e9s\u00bb<\/a><\/p>\n","protected":false},"author":1,"featured_media":0,"comment_status":"closed","ping_status":"closed","sticky":false,"template":"","format":"standard","meta":{"_bbp_topic_count":0,"_bbp_reply_count":0,"_bbp_total_topic_count":0,"_bbp_total_reply_count":0,"_bbp_voice_count":0,"_bbp_anonymous_reply_count":0,"_bbp_topic_count_hidden":0,"_bbp_reply_count_hidden":0,"_bbp_forum_subforum_count":0,"footnotes":""},"categories":[60],"tags":[],"class_list":["post-518","post","type-post","status-publish","format-standard","hentry","category-uncategorized"],"post_mailing_queue_ids":[],"_links":{"self":[{"href":"https:\/\/agora.xtec.cat\/ceiptorresjonama\/wp-json\/wp\/v2\/posts\/518","targetHints":{"allow":["GET"]}}],"collection":[{"href":"https:\/\/agora.xtec.cat\/ceiptorresjonama\/wp-json\/wp\/v2\/posts"}],"about":[{"href":"https:\/\/agora.xtec.cat\/ceiptorresjonama\/wp-json\/wp\/v2\/types\/post"}],"author":[{"embeddable":true,"href":"https:\/\/agora.xtec.cat\/ceiptorresjonama\/wp-json\/wp\/v2\/users\/1"}],"replies":[{"embeddable":true,"href":"https:\/\/agora.xtec.cat\/ceiptorresjonama\/wp-json\/wp\/v2\/comments?post=518"}],"version-history":[{"count":0,"href":"https:\/\/agora.xtec.cat\/ceiptorresjonama\/wp-json\/wp\/v2\/posts\/518\/revisions"}],"wp:attachment":[{"href":"https:\/\/agora.xtec.cat\/ceiptorresjonama\/wp-json\/wp\/v2\/media?parent=518"}],"wp:term":[{"taxonomy":"category","embeddable":true,"href":"https:\/\/agora.xtec.cat\/ceiptorresjonama\/wp-json\/wp\/v2\/categories?post=518"},{"taxonomy":"post_tag","embeddable":true,"href":"https:\/\/agora.xtec.cat\/ceiptorresjonama\/wp-json\/wp\/v2\/tags?post=518"}],"curies":[{"name":"wp","href":"https:\/\/api.w.org\/{rel}","templated":true}]}}