{"id":4994,"date":"2020-05-17T19:47:20","date_gmt":"2020-05-17T17:47:20","guid":{"rendered":"https:\/\/agora.xtec.cat\/ceiptorresjonama\/?p=4994"},"modified":"2020-05-18T11:55:43","modified_gmt":"2020-05-18T09:55:43","slug":"tasques-2n-18-22-de-maig","status":"publish","type":"post","link":"https:\/\/agora.xtec.cat\/ceiptorresjonama\/primaria\/4t\/tasques-2n-18-22-de-maig\/","title":{"rendered":"Tasques 2n, 18-22 de maig"},"content":{"rendered":"<table style=\"height: 912px;width: 601px\">\n<tbody>\n<tr style=\"height: 191px\">\n<td style=\"width: 595.233px;height: 166px\" colspan=\"2\">\n<h1 style=\"text-align: center\"><span style=\"color: #0000ff\"><strong>Setmana 18-22 de maig<\/strong><\/span><\/h1>\n<p><a href=\"https:\/\/agora.xtec.cat\/ceiptorresjonama\/wp-content\/uploads\/usu279\/2020\/04\/Dll.jpg\"><img loading=\"lazy\" decoding=\"async\" class=\"aligncenter size-medium wp-image-3120\" src=\"https:\/\/agora.xtec.cat\/ceiptorresjonama\/wp-content\/uploads\/usu279\/2020\/04\/Dll-300x80.jpg\" alt=\"\" width=\"300\" height=\"80\" srcset=\"https:\/\/agora.xtec.cat\/ceiptorresjonama\/wp-content\/uploads\/usu279\/2020\/04\/Dll-300x80.jpg 300w, https:\/\/agora.xtec.cat\/ceiptorresjonama\/wp-content\/uploads\/usu279\/2020\/04\/Dll.jpg 482w\" sizes=\"auto, (max-width: 300px) 100vw, 300px\" \/><\/a><\/td>\n<\/tr>\n<tr style=\"height: 108px\">\n<td style=\"width: 107.05px;height: 108px\"><strong><u>\u00c0mbit ling\u00fc\u00edstic<\/u><\/strong><\/p>\n<p>Catal\u00e0<\/td>\n<td style=\"width: 486.183px;height: 108px\">\n<h5>Can\u00e7\u00f3 de la setmana<\/h5>\n<p><iframe loading=\"lazy\" src=\"\/\/www.youtube.com\/embed\/pdlvAvC4Tw4\" width=\"300\" height=\"168\"><\/iframe><\/p>\n<ul>\n<li>(word) <a href=\"https:\/\/agora.xtec.cat\/ceiptorresjonama\/wp-content\/uploads\/usu279\/2020\/05\/QUALSEVOL-NIT-POT-SORTIR-EL-SOL.doc\" target=\"_blank\" rel=\"noopener noreferrer\">QUALSEVOL NIT POT SORTIR EL SOL<\/a><\/li>\n<li>(pdf) <a href=\"https:\/\/agora.xtec.cat\/ceiptorresjonama\/wp-content\/uploads\/usu279\/2020\/05\/QUALSEVOL-NIT-POT-SORTIR-EL-SOL-1.pdf\" target=\"_blank\" rel=\"noopener noreferrer\">QUALSEVOL-NIT-POT-SORTIR-EL-SOL (1)<\/a><\/li>\n<li>(word) <a href=\"https:\/\/agora.xtec.cat\/ceiptorresjonama\/wp-content\/uploads\/usu279\/2020\/05\/personatges-de-contes-i-c\u00f2mics.doc\" target=\"_blank\" rel=\"noopener noreferrer\">personatges de contes i c\u00f2mics<\/a><\/li>\n<li>(pdf) <a href=\"https:\/\/agora.xtec.cat\/ceiptorresjonama\/wp-content\/uploads\/usu279\/2020\/05\/personatges-de-contes-i-c\u00f2mics.pdf\" target=\"_blank\" rel=\"noopener noreferrer\">personatges-de-contes-i-c\u00f2mics<\/a><\/li>\n<li>(word) <a href=\"https:\/\/agora.xtec.cat\/ceiptorresjonama\/wp-content\/uploads\/usu279\/2020\/05\/ELS-CONTES-i-ELS-C\u00d2MICS.doc\" target=\"_blank\" rel=\"noopener noreferrer\">ELS CONTES i ELS C\u00d2MICS<\/a><\/li>\n<li>(pdf) <a href=\"https:\/\/agora.xtec.cat\/ceiptorresjonama\/wp-content\/uploads\/usu279\/2020\/05\/ELS-CONTES-i-ELS-C\u00d2MICS.pdf\" target=\"_blank\" rel=\"noopener noreferrer\">ELS-CONTES-i-ELS-C\u00d2MICS<\/a><\/li>\n<\/ul>\n<\/td>\n<\/tr>\n<tr style=\"height: 43px\">\n<td style=\"width: 107.05px;height: 10px\"><em>Retorn tasques<\/em><\/td>\n<td style=\"width: 486.183px;height: 10px\"><a href=\"mailto:sroura2@xtec.cat\">sroura2@xtec.cat<\/a>\u00a0a l&#8217;assumpte\u00a0 <strong>SETMANA 6 CATAL\u00c0 + <\/strong><strong>( el vostre nom)<\/strong>.<\/td>\n<\/tr>\n<tr style=\"height: 108px\">\n<td style=\"width: 107.05px;height: 108px\"><strong><u>\u00c0mbit ling\u00fc\u00edstic<\/u><\/strong><\/p>\n<p>Castell\u00e0<\/td>\n<td style=\"width: 486.183px;height: 108px\">\n<h5>Tiempo de lectura<\/h5>\n<ul>\n<li>(word) <a href=\"https:\/\/agora.xtec.cat\/ceiptorresjonama\/wp-content\/uploads\/usu279\/2020\/05\/el-c\u00f3mic.doc\" target=\"_blank\" rel=\"noopener noreferrer\">el c\u00f3mic<\/a><\/li>\n<li>(pdf) <a href=\"https:\/\/agora.xtec.cat\/ceiptorresjonama\/wp-content\/uploads\/usu279\/2020\/05\/el-c\u00f3mic.pdf\" target=\"_blank\" rel=\"noopener noreferrer\">el-c\u00f3mic<\/a><\/li>\n<\/ul>\n<\/td>\n<\/tr>\n<tr style=\"height: 43px\">\n<td style=\"width: 107.05px;height: 43px\"><em>Retorn tasques<\/em><\/td>\n<td style=\"width: 486.183px;height: 43px\"><a href=\"mailto:sroura2@xtec.cat\">sroura2<span class=\"\">@xtec.c<\/span>at<\/a> a l&#8217;assumpte\u00a0 <strong>SETMANA 6 CASTELL\u00c0 + ( el vostre nom)<\/strong>.<\/td>\n<\/tr>\n<tr style=\"height: 107px\">\n<td style=\"width: 107.05px;height: 48px\"><strong><u>\u00c0mbit matem\u00e0tic<\/u><\/strong><\/td>\n<td style=\"width: 486.183px;height: 48px;text-align: center\">\n<h5 style=\"text-align: left\">Resolem els misteris<\/h5>\n<ul>\n<li style=\"text-align: left\"><a href=\"https:\/\/agora.xtec.cat\/ceiptorresjonama\/wp-content\/uploads\/usu279\/2020\/05\/TASCA-6-MATES-MISTERI.docx\" target=\"_blank\" rel=\"noopener noreferrer\">TASCA 6 MATES MISTERI<\/a>\u00a0(word)<\/li>\n<li style=\"text-align: left\"><a href=\"https:\/\/agora.xtec.cat\/ceiptorresjonama\/wp-content\/uploads\/usu279\/2020\/05\/TASCA-6-MATES-MISTERI.pdf\" target=\"_blank\" rel=\"noopener noreferrer\">TASCA 6 MATES MISTERI<\/a>\u00a0(pdf)<\/li>\n<\/ul>\n<\/td>\n<\/tr>\n<tr style=\"height: 43px\">\n<td style=\"width: 107.05px;height: 14px\"><em>Retorn tasques<\/em><\/td>\n<td style=\"width: 486.183px;height: 14px\"><a href=\"mailto:jdiaz225@xtec.cat\" target=\"_blank\" rel=\"noopener noreferrer\">jdiaz225@xtec.cat<\/a> a l&#8217;assumpte\u00a0 <strong>SETMANA 6 MATEM\u00c0TIQUES + ( el vostre nom)<\/strong><\/td>\n<\/tr>\n<tr style=\"height: 43px\">\n<td style=\"width: 107.05px;height: 43px\"><strong><u>Medi social<\/u><\/strong><\/td>\n<td style=\"width: 486.183px;height: 43px\">\n<h5>On vivim?<\/h5>\n<ul>\n<li>(word) <a href=\"https:\/\/agora.xtec.cat\/ceiptorresjonama\/wp-content\/uploads\/usu279\/2020\/05\/MAPES.doc\" target=\"_blank\" rel=\"noopener noreferrer\">MAPES<\/a><\/li>\n<li>(pdf) <a href=\"https:\/\/agora.xtec.cat\/ceiptorresjonama\/wp-content\/uploads\/usu279\/2020\/05\/MAPES.pdf\" target=\"_blank\" rel=\"noopener noreferrer\">MAPES<\/a><\/li>\n<\/ul>\n<\/td>\n<\/tr>\n<tr style=\"height: 43px\">\n<td style=\"width: 107.05px;height: 43px\"><em>Retorn tasques<\/em><\/td>\n<td style=\"width: 486.183px;height: 43px\"><a href=\"mailto:sroura2@xtec.cat\">sroura2@xtec.cat<\/a>\u00a0a l&#8217;assumpte\u00a0 <strong>SETMANA 6 MEDI SOCIAL + ( el vostre nom)<\/strong>.<\/td>\n<\/tr>\n<tr style=\"height: 108px\">\n<td style=\"width: 107.05px;height: 108px\"><strong><u>\u00c0mbit art\u00edstic <\/u><\/strong><\/p>\n<p>Pl\u00e0stica<\/td>\n<td style=\"width: 486.183px;height: 108px\">\n<h5>Art ef\u00edmer<\/h5>\n<p><a href=\"https:\/\/agora.xtec.cat\/ceiptorresjonama\/wp-content\/uploads\/usu279\/2020\/05\/TASCA-DE-PL\u00c0STICA-.pdf\" target=\"_blank\" rel=\"noopener noreferrer\"><img loading=\"lazy\" decoding=\"async\" class=\"hCL kVc L4E MIw\" src=\"https:\/\/i.pinimg.com\/564x\/03\/72\/5b\/03725bf15a8c6bcf8b5c9010cadeec6f.jpg\" alt=\"Pintadas en la urbe\" width=\"183\" height=\"183\" \/><\/a><\/p>\n<ul>\n<li><a href=\"https:\/\/agora.xtec.cat\/ceiptorresjonama\/wp-content\/uploads\/usu279\/2020\/05\/TASCA-DE-PL\u00c0STICA-.pdf\" target=\"_blank\" rel=\"noopener noreferrer\">TASCA DE PL\u00c0STICA.<\/a><\/li>\n<\/ul>\n<\/td>\n<\/tr>\n<tr style=\"height: 43px\">\n<td style=\"width: 107.05px;height: 43px\"><em>Retorn tasques<\/em><\/td>\n<td style=\"width: 486.183px;height: 43px\"><a href=\"mailto:sroura2@xtec.cat\">sroura2@xtec.cat<\/a>\u00a0a l&#8217;assumpte <strong>SETMANA 6 PL\u00c0STICA + ( el vostre nom)<\/strong>.<\/td>\n<\/tr>\n<tr style=\"height: 134px\">\n<td style=\"width: 107.05px;height: 134px\"><strong><u>Rutines setmanals<\/u><\/strong><\/td>\n<td style=\"width: 486.183px;height: 134px\">\n<ul>\n<li style=\"text-align: left\">Rutines setmanals.<\/li>\n<\/ul>\n<p style=\"text-align: left\">Des de fa dues setmanes el confinament ha canviat per b\u00e9, i ja ens deixen sortir a passejar, caminar, anar en bicicleta, patinet&#8230;<\/p>\n<p style=\"text-align: left\">Hem de tenir en compte que no ens podem apropar als coneguts o amics i, que haurem de sortir amb mascareta, per a m\u00e9s seguretat.<\/p>\n<p style=\"text-align: left\">\u00c9s per aix\u00f2 que ara no cal que ens limitem a fer jocs de taula i puzzles per a passar l\u2019estona de manera agradable i entretinguda.<\/p>\n<p style=\"text-align: left\">Ara podem gaudir dels paisatges, camps, camins, boscos&#8230;<\/p>\n<p style=\"text-align: left\">Amb l\u2019arribada de la primavera i les abundants pluges, els marges dels camins estan exuberants de flors de tots colors, les altes herbes, els verds camps d\u2019userda&#8230;<\/p>\n<p style=\"text-align: left\">Us proposem que deixeu testimoni d\u2019aquesta meravella de natura, mitjan\u00e7ant petits escrits i\/o dibuixos als vostres diaris.<\/p>\n<p style=\"text-align: left\">\u00c9s un treball personal i \u00edntim que fareu per vosaltres i que us deixar\u00e0 un record d\u2019aquests temps, per quan sigueu m\u00e9s grans.<\/p>\n<\/td>\n<\/tr>\n<tr style=\"height: 44px\">\n<td style=\"width: 107.05px;height: 44px\"><em>Retorn tasques<\/em><\/td>\n<td style=\"width: 486.183px;height: 44px\">Incloure al diari.<\/td>\n<\/tr>\n<\/tbody>\n<\/table>\n","protected":false},"excerpt":{"rendered":"<p>Setmana 18-22 de maig<br \/>\n<a href=\"https:\/\/agora.xtec.cat\/ceiptorresjonama\/wp-content\/uploads\/usu279\/2020\/04\/Dll.jpg\"><\/a><\/p>\n<p>\u00c0mbit ling\u00fc\u00edstic<br \/>\nCatal\u00e0<\/p>\n<p>Can\u00e7\u00f3 de la setmana<\/p>\n<ul>\n<li>(word) <a href=\"https:\/\/agora.xtec.cat\/ceiptorresjonama\/wp-content\/uploads\/usu279\/2020\/05\/QUALSEVOL-NIT-POT-SORTIR-EL-SOL.doc\" target=\"_blank\" rel=\"noopener noreferrer\">QUALSEVOL NIT POT SORTIR EL SOL<\/a><\/li>\n<li>(pdf) <a href=\"https:\/\/agora.xtec.cat\/ceiptorresjonama\/wp-content\/uploads\/usu279\/2020\/05\/QUALSEVOL-NIT-POT-SORTIR-EL-SOL-1.pdf\" target=\"_blank\" rel=\"noopener noreferrer\">QUALSEVOL-NIT-POT-SORTIR-EL-SOL (1)<\/a><\/li>\n<li>(word) <a href=\"https:\/\/agora.xtec.cat\/ceiptorresjonama\/wp-content\/uploads\/usu279\/2020\/05\/personatges-de-contes-i-c\u00f2mics.doc\" target=\"_blank\" rel=\"noopener noreferrer\">personatges de contes i c\u00f2mics<\/a><\/li>\n<li>(pdf) <a href=\"https:\/\/agora.xtec.cat\/ceiptorresjonama\/wp-content\/uploads\/usu279\/2020\/05\/personatges-de-contes-i-c\u00f2mics.pdf\" target=\"_blank\" rel=\"noopener noreferrer\">personatges-de-contes-i-c\u00f2mics<\/a><\/li>\n<li>(word) <a href=\"https:\/\/agora.xtec.cat\/ceiptorresjonama\/wp-content\/uploads\/usu279\/2020\/05\/ELS-CONTES-i-ELS-C\u00d2MICS.doc\" target=\"_blank\" rel=\"noopener noreferrer\">ELS CONTES&hellip;  <a href=\"https:\/\/agora.xtec.cat\/ceiptorresjonama\/primaria\/4t\/tasques-2n-18-22-de-maig\/\" title=\"Read Tasques 2n, 18-22 de maig\">Llegeix m\u00e9s\u00bb<\/a><br \/>\n","protected":false},"author":4,"featured_media":3120,"comment_status":"closed","ping_status":"closed","sticky":false,"template":"","format":"standard","meta":{"_bbp_topic_count":0,"_bbp_reply_count":0,"_bbp_total_topic_count":0,"_bbp_total_reply_count":0,"_bbp_voice_count":0,"_bbp_anonymous_reply_count":0,"_bbp_topic_count_hidden":0,"_bbp_reply_count_hidden":0,"_bbp_forum_subforum_count":0,"footnotes":""},"categories":[11],"tags":[],"class_list":["post-4994","post","type-post","status-publish","format-standard","has-post-thumbnail","hentry","category-4t"],"post_mailing_queue_ids":[],"_links":{"self":[{"href":"https:\/\/agora.xtec.cat\/ceiptorresjonama\/wp-json\/wp\/v2\/posts\/4994","targetHints":{"allow":["GET"]}}],"collection":[{"href":"https:\/\/agora.xtec.cat\/ceiptorresjonama\/wp-json\/wp\/v2\/posts"}],"about":[{"href":"https:\/\/agora.xtec.cat\/ceiptorresjonama\/wp-json\/wp\/v2\/types\/post"}],"author":[{"embeddable":true,"href":"https:\/\/agora.xtec.cat\/ceiptorresjonama\/wp-json\/wp\/v2\/users\/4"}],"replies":[{"embeddable":true,"href":"https:\/\/agora.xtec.cat\/ceiptorresjonama\/wp-json\/wp\/v2\/comments?post=4994"}],"version-history":[{"count":4,"href":"https:\/\/agora.xtec.cat\/ceiptorresjonama\/wp-json\/wp\/v2\/posts\/4994\/revisions"}],"predecessor-version":[{"id":5231,"href":"https:\/\/agora.xtec.cat\/ceiptorresjonama\/wp-json\/wp\/v2\/posts\/4994\/revisions\/5231"}],"wp:featuredmedia":[{"embeddable":true,"href":"https:\/\/agora.xtec.cat\/ceiptorresjonama\/wp-json\/wp\/v2\/media\/3120"}],"wp:attachment":[{"href":"https:\/\/agora.xtec.cat\/ceiptorresjonama\/wp-json\/wp\/v2\/media?parent=4994"}],"wp:term":[{"taxonomy":"category","embeddable":true,"href":"https:\/\/agora.xtec.cat\/ceiptorresjonama\/wp-json\/wp\/v2\/categories?post=4994"},{"taxonomy":"post_tag","embeddable":true,"href":"https:\/\/agora.xtec.cat\/ceiptorresjonama\/wp-json\/wp\/v2\/tags?post=4994"}],"curies":[{"name":"wp","href":"https:\/\/api.w.org\/{rel}","templated":true}]}}