{"id":4787,"date":"2020-05-08T15:34:38","date_gmt":"2020-05-08T13:34:38","guid":{"rendered":"https:\/\/agora.xtec.cat\/ceiptorresjonama\/?p=4787"},"modified":"2020-05-08T15:34:38","modified_gmt":"2020-05-08T13:34:38","slug":"lesquirol-i-els-aglans","status":"publish","type":"post","link":"https:\/\/agora.xtec.cat\/ceiptorresjonama\/primaria\/6e\/lesquirol-i-els-aglans\/","title":{"rendered":"L&#8217;esquirol i els aglans"},"content":{"rendered":"<p>L&#8217;Enric Verg\u00e9s de 4t ha guanyat un premi literari per Sant Jordi amb el seu conte &#8220;L&#8217;esquirol i els aglans&#8221;.<\/p>\n<p>Us el comparteixo perqu\u00e8 tots el gaudiu:<\/p>\n<p style=\"text-align: center\"><span style=\"color: #993366\">L\u2019ESQUIROL I ELS AGLANS<\/span><\/p>\n<p>\u00a0\u00a0\u00a0\u00a0\u00a0\u00a0\u00a0\u00a0\u00a0\u00a0\u00a0 Hi havia una vegada un esquirol que vivia en un bosc petit de Catalunya. Vivia a l\u2019arbre m\u00e9s gran de tot el bosc i un porc senglar que vivia a sota de l\u2019arbre. L\u2019esquirol era de color marr\u00f3 clar i el porc senglar de color marr\u00f3 fosc. L\u2019arbre tenia una escala feta de troncs perqu\u00e8 el porc senglar pod\u00e9s pujar a la casa de l\u2019esquirol que era molt m\u00e9s petita que la del porc.<\/p>\n<p>Cada dia sortien els dos a buscar aglans; el porc senglar per terra i l\u2019esquirol pels arbres.<\/p>\n<p>A la tardor, quan s\u2019acostava l\u2019hivern, el porc senglar tenia cent trenta-dos bolets i dos-cents vuitanta-sis aglans i l\u2019esquirol quaranta-sis bolets i dos-cents setanta aglans. L\u2019esquirol estava trist perqu\u00e8 el porc senglar tenia m\u00e9s menjar que ell. Faltaven dos dies perqu\u00e8 comenc\u00e9s l\u2019hivern i el porc senglar li va preguntar:<\/p>\n<p>\u2014Per qu\u00e8 est\u00e0s trist durant tants de dies i no vas a buscar aglans que \u00e9s la cosa que t\u2019agrada m\u00e9s?<\/p>\n<p>L\u2019 esquirol no el va contestar i se\u2019n va anar saltant pels arbres. Semblava que s\u2019havia enfadat amb el porc, per\u00f2 no sabia per qu\u00e8.<\/p>\n<p>El va seguir fins que l\u2019esquirol es va aturar i li va tornar a preguntar:<\/p>\n<p>\u2014Per qu\u00e8 t\u2019has enfadat amb mi?<\/p>\n<p>L\u2019esquirol es va esperar dos minuts i per fi li va respondre sanglotant:<\/p>\n<p>\u2014Perqu\u00e8 tens m\u00e9s menjar que jo.<\/p>\n<p>El porc senglar va tornar a casa seva i pel cam\u00ed va agafar uns quants aglans. L\u2019esquirol, quan va tornar a casa seva es va trobar a la porta un sac amb una carta que hi deia: \u201cPer a tu esquirol\u201d. El sac era ple&#8230; d\u2019AGLANS!!!<\/p>\n<p>A la carta, en lletra petita, hi havia signat: \u201cPorc senglar\u201d. El porc senglar va sortir de la casa de l\u2019esquirol, l\u2019esquirol li va fer una abra\u00e7ada i un pet\u00f3 tan fort que el porc es va posar vermell com un tom\u00e0quet, i li va dir a l\u2019esquirol:<\/p>\n<p>\u2014A partir d\u2019ara compartir\u00e9 el menjar amb tu!<\/p>\n<p>&nbsp;<\/p>\n<p><a href=\"https:\/\/agora.xtec.cat\/ceiptorresjonama\/wp-content\/uploads\/usu279\/2020\/05\/enric.jpg\"><img loading=\"lazy\" decoding=\"async\" class=\"aligncenter size-medium wp-image-4788\" src=\"https:\/\/agora.xtec.cat\/ceiptorresjonama\/wp-content\/uploads\/usu279\/2020\/05\/enric-300x300.jpg\" alt=\"\" width=\"300\" height=\"300\" srcset=\"https:\/\/agora.xtec.cat\/ceiptorresjonama\/wp-content\/uploads\/usu279\/2020\/05\/enric-300x300.jpg 300w, https:\/\/agora.xtec.cat\/ceiptorresjonama\/wp-content\/uploads\/usu279\/2020\/05\/enric-150x150.jpg 150w, https:\/\/agora.xtec.cat\/ceiptorresjonama\/wp-content\/uploads\/usu279\/2020\/05\/enric.jpg 640w\" sizes=\"auto, (max-width: 300px) 100vw, 300px\" \/><\/a><\/p>\n<div class=\"gmail_default\" style=\"text-align: center\">( il\u00b7lustradora Jorgina Juv\u00e9: <a href=\"https:\/\/twitter.com\/jorg_and_gina\/status\/1049922145470550016\" target=\"_blank\" rel=\"noopener noreferrer\" data-saferedirecturl=\"https:\/\/www.google.com\/url?q=https:\/\/twitter.com\/jorg_and_gina\/status\/1049922145470550016&amp;source=gmail&amp;ust=1589030505110000&amp;usg=AFQjCNEFaXc82g7ODLbBO6zVY0bDAiTvAQ\">https:\/\/twitter.com\/jorg_and_gina\/status\/1049922145470550016)<\/a><\/div>\n","protected":false},"excerpt":{"rendered":"<p>L&#8217;Enric Verg\u00e9s de 4t ha guanyat un premi literari per Sant Jordi amb el seu conte &#8220;L&#8217;esquirol i els aglans&#8221;.<br \/>\nUs el comparteixo perqu\u00e8 tots el gaudiu:<br \/>\nL\u2019ESQUIROL I ELS AGLANS<br \/>\n\u00a0\u00a0\u00a0\u00a0\u00a0\u00a0\u00a0\u00a0\u00a0\u00a0\u00a0 Hi havia una vegada un esquirol que vivia en un bosc petit de Catalunya. Vivia a&hellip;  <a href=\"https:\/\/agora.xtec.cat\/ceiptorresjonama\/primaria\/6e\/lesquirol-i-els-aglans\/\" title=\"Read L&#8217;esquirol i els aglans\">Llegeix m\u00e9s\u00bb<\/a><\/p>\n","protected":false},"author":4,"featured_media":4788,"comment_status":"closed","ping_status":"closed","sticky":false,"template":"","format":"standard","meta":{"_bbp_topic_count":0,"_bbp_reply_count":0,"_bbp_total_topic_count":0,"_bbp_total_reply_count":0,"_bbp_voice_count":0,"_bbp_anonymous_reply_count":0,"_bbp_topic_count_hidden":0,"_bbp_reply_count_hidden":0,"_bbp_forum_subforum_count":0,"footnotes":""},"categories":[13],"tags":[],"class_list":["post-4787","post","type-post","status-publish","format-standard","has-post-thumbnail","hentry","category-6e"],"post_mailing_queue_ids":[],"_links":{"self":[{"href":"https:\/\/agora.xtec.cat\/ceiptorresjonama\/wp-json\/wp\/v2\/posts\/4787","targetHints":{"allow":["GET"]}}],"collection":[{"href":"https:\/\/agora.xtec.cat\/ceiptorresjonama\/wp-json\/wp\/v2\/posts"}],"about":[{"href":"https:\/\/agora.xtec.cat\/ceiptorresjonama\/wp-json\/wp\/v2\/types\/post"}],"author":[{"embeddable":true,"href":"https:\/\/agora.xtec.cat\/ceiptorresjonama\/wp-json\/wp\/v2\/users\/4"}],"replies":[{"embeddable":true,"href":"https:\/\/agora.xtec.cat\/ceiptorresjonama\/wp-json\/wp\/v2\/comments?post=4787"}],"version-history":[{"count":1,"href":"https:\/\/agora.xtec.cat\/ceiptorresjonama\/wp-json\/wp\/v2\/posts\/4787\/revisions"}],"predecessor-version":[{"id":4789,"href":"https:\/\/agora.xtec.cat\/ceiptorresjonama\/wp-json\/wp\/v2\/posts\/4787\/revisions\/4789"}],"wp:featuredmedia":[{"embeddable":true,"href":"https:\/\/agora.xtec.cat\/ceiptorresjonama\/wp-json\/wp\/v2\/media\/4788"}],"wp:attachment":[{"href":"https:\/\/agora.xtec.cat\/ceiptorresjonama\/wp-json\/wp\/v2\/media?parent=4787"}],"wp:term":[{"taxonomy":"category","embeddable":true,"href":"https:\/\/agora.xtec.cat\/ceiptorresjonama\/wp-json\/wp\/v2\/categories?post=4787"},{"taxonomy":"post_tag","embeddable":true,"href":"https:\/\/agora.xtec.cat\/ceiptorresjonama\/wp-json\/wp\/v2\/tags?post=4787"}],"curies":[{"name":"wp","href":"https:\/\/api.w.org\/{rel}","templated":true}]}}