{"id":4685,"date":"2020-05-10T19:20:37","date_gmt":"2020-05-10T17:20:37","guid":{"rendered":"https:\/\/agora.xtec.cat\/ceiptorresjonama\/?p=4685"},"modified":"2020-05-10T19:20:37","modified_gmt":"2020-05-10T17:20:37","slug":"tasques-p4-11-15-de-maig","status":"publish","type":"post","link":"https:\/\/agora.xtec.cat\/ceiptorresjonama\/primaria\/1r\/tasques-p4-11-15-de-maig\/","title":{"rendered":"Tasques P4, 11-15 de maig"},"content":{"rendered":"<table>\n<tbody>\n<tr>\n<td style=\"width: 395px\" colspan=\"2\">\n<h3 style=\"text-align: center\">Setmana 11-15 de maig<strong><br \/>\n<\/strong><\/h3>\n<h3><strong><a href=\"https:\/\/agora.xtec.cat\/ceiptorresjonama\/wp-content\/uploads\/usu279\/2020\/04\/Dll.jpg\"><img loading=\"lazy\" decoding=\"async\" class=\"aligncenter size-medium wp-image-3120\" src=\"https:\/\/agora.xtec.cat\/ceiptorresjonama\/wp-content\/uploads\/usu279\/2020\/04\/Dll-300x80.jpg\" alt=\"\" width=\"300\" height=\"80\" srcset=\"https:\/\/agora.xtec.cat\/ceiptorresjonama\/wp-content\/uploads\/usu279\/2020\/04\/Dll-300x80.jpg 300w, https:\/\/agora.xtec.cat\/ceiptorresjonama\/wp-content\/uploads\/usu279\/2020\/04\/Dll.jpg 482w\" sizes=\"auto, (max-width: 300px) 100vw, 300px\" \/><\/a><\/strong><\/h3>\n<\/td>\n<\/tr>\n<tr>\n<td style=\"width: 121px\">&nbsp;<\/p>\n<p><strong><u>Activitats d&#8217;aprenentatge<\/u><\/strong><\/p>\n<p>&nbsp;<\/td>\n<td style=\"width: 272px\">Hola bonics i boniques!! Com esteu?<\/p>\n<p>Aquesta setmana jugarem amb les fruites i els colors. Podeu jugar amb les fruites de moltes maneres, com jo ho faig al v\u00eddeo i tamb\u00e9 podeu experimentar amb elles: observar-les, tocar-les, provar-les&#8230;i amb els colors tamb\u00e9 podeu experimentar i jugar molt.<\/p>\n<p><iframe loading=\"lazy\" src=\"\/\/www.youtube.com\/embed\/_RUX92n4e1U\" width=\"200\" height=\"112\"><\/iframe><\/p>\n<p>Aquesta setmana la feina \u00e9s m\u00e9s lliure, podeu experimentar amb les fruites i els colors i les dues feinetes que heu de fer s\u00f3n: escriure el nom de cinc fruites i\u00a0 dibuixar flors de la primavera.<\/p>\n<p><a href=\"https:\/\/agora.xtec.cat\/ceiptorresjonama\/wp-content\/uploads\/usu279\/2020\/05\/ESCRIU-5-NOMS-DE-FRUITES.pdf\" target=\"_blank\" rel=\"noopener noreferrer\">ESCRIU 5 NOMS DE FRUITES<\/a><\/p>\n<p>Hola nens i nenes, com cada setmana, aqu\u00ed us deixem un conte. Aviam si el coneixeu!<\/p>\n<p><iframe loading=\"lazy\" src=\"\/\/www.youtube.com\/embed\/XCgjsN1YV9s\" width=\"200\" height=\"112\"><\/iframe><\/p>\n<p>I tot seguit, una activitat relacionada amb el conte:<\/p>\n<p><iframe loading=\"lazy\" src=\"\/\/www.youtube.com\/embed\/Z-KUSAelwLY\" width=\"200\" height=\"112\"><\/iframe><\/td>\n<\/tr>\n<tr>\n<td style=\"width: 121px\"><em>Retorn tasques<\/em><\/td>\n<td style=\"width: 272px\">Whatsapp\u00a0 \u00a0 o<a href=\"mailto:pors@xtec.cat\"> \u00a0pors@xtec.cat<\/a><\/td>\n<\/tr>\n<tr>\n<td style=\"width: 121px\"><em><strong><u>Angl\u00e8s<\/u><\/strong><\/em><\/td>\n<td style=\"width: 272px\"><iframe loading=\"lazy\" src=\"\/\/www.youtube.com\/embed\/CAO8FhBh9GA\" width=\"250\" height=\"140\"><\/iframe><\/p>\n<p><a href=\"https:\/\/agora.xtec.cat\/ceiptorresjonama\/wp-content\/uploads\/usu279\/2020\/05\/ANGL\u00c8S-SETMANA-5-P4.pdf\" target=\"_blank\" rel=\"noopener noreferrer\">ANGL\u00c8S SETMANA 5<\/a><\/td>\n<\/tr>\n<tr>\n<td style=\"width: 121px\"><em>Retorn tasques<\/em><\/td>\n<td style=\"width: 272px\"><a href=\"mailto:csoler32@xtec.cat\">csoler32@xtec.cat<\/a><\/td>\n<\/tr>\n<tr>\n<td style=\"width: 121px\"><strong>Psicomotricitat<\/strong><\/td>\n<td style=\"width: 272px\"><iframe loading=\"lazy\" src=\"\/\/www.youtube.com\/embed\/NumzZT73Ii4\" width=\"250\" height=\"140\"><\/iframe><\/p>\n<p><a href=\"https:\/\/agora.xtec.cat\/ceiptorresjonama\/wp-content\/uploads\/usu279\/2020\/05\/JOCS-AMB-LLEN\u00c7OLS-O-TELES.pdf\" target=\"_blank\" rel=\"noopener noreferrer\">JOCS AMB LLEN\u00c7OLS O TELES<\/a><\/p>\n<p>V\u00eddeos dels alumnes de P4<\/p>\n<p><iframe loading=\"lazy\" src=\"\/\/www.youtube.com\/embed\/ZCNhcEXjT6Y\" width=\"250\" height=\"140\"><\/iframe><\/p>\n<p><iframe loading=\"lazy\" src=\"\/\/www.youtube.com\/embed\/QYKvRDzOlB4\" width=\"200\" height=\"112\"><\/iframe><\/td>\n<\/tr>\n<tr>\n<td style=\"width: 121px\"><em>Retorn tasques<\/em><\/td>\n<td style=\"width: 272px\"><a href=\"mailto:jullastr@xtec.cat\">jullastr@xtec.cat<\/a><\/td>\n<\/tr>\n<\/tbody>\n<\/table>\n","protected":false},"excerpt":{"rendered":"<p>Setmana 11-15 de maig<\/p>\n<p><a href=\"https:\/\/agora.xtec.cat\/ceiptorresjonama\/wp-content\/uploads\/usu279\/2020\/04\/Dll.jpg\"><\/a><\/p>\n<p>&nbsp;<br \/>\nActivitats d&#8217;aprenentatge<br \/>\n&nbsp;<br \/>\nHola bonics i boniques!! Com esteu?<br \/>\nAquesta setmana jugarem amb les fruites i els colors. Podeu jugar amb les fruites de moltes maneres, com jo ho faig al v\u00eddeo i tamb\u00e9 podeu experimentar amb elles: observar-les, tocar-les, provar-les&#8230;i amb els colors&hellip;  <a href=\"https:\/\/agora.xtec.cat\/ceiptorresjonama\/primaria\/1r\/tasques-p4-11-15-de-maig\/\" title=\"Read Tasques P4, 11-15 de maig\">Llegeix m\u00e9s\u00bb<\/a><\/p>\n","protected":false},"author":4,"featured_media":3120,"comment_status":"closed","ping_status":"closed","sticky":false,"template":"","format":"standard","meta":{"_bbp_topic_count":0,"_bbp_reply_count":0,"_bbp_total_topic_count":0,"_bbp_total_reply_count":0,"_bbp_voice_count":0,"_bbp_anonymous_reply_count":0,"_bbp_topic_count_hidden":0,"_bbp_reply_count_hidden":0,"_bbp_forum_subforum_count":0,"footnotes":""},"categories":[8],"tags":[],"class_list":["post-4685","post","type-post","status-publish","format-standard","has-post-thumbnail","hentry","category-1r"],"post_mailing_queue_ids":[],"_links":{"self":[{"href":"https:\/\/agora.xtec.cat\/ceiptorresjonama\/wp-json\/wp\/v2\/posts\/4685","targetHints":{"allow":["GET"]}}],"collection":[{"href":"https:\/\/agora.xtec.cat\/ceiptorresjonama\/wp-json\/wp\/v2\/posts"}],"about":[{"href":"https:\/\/agora.xtec.cat\/ceiptorresjonama\/wp-json\/wp\/v2\/types\/post"}],"author":[{"embeddable":true,"href":"https:\/\/agora.xtec.cat\/ceiptorresjonama\/wp-json\/wp\/v2\/users\/4"}],"replies":[{"embeddable":true,"href":"https:\/\/agora.xtec.cat\/ceiptorresjonama\/wp-json\/wp\/v2\/comments?post=4685"}],"version-history":[{"count":3,"href":"https:\/\/agora.xtec.cat\/ceiptorresjonama\/wp-json\/wp\/v2\/posts\/4685\/revisions"}],"predecessor-version":[{"id":4989,"href":"https:\/\/agora.xtec.cat\/ceiptorresjonama\/wp-json\/wp\/v2\/posts\/4685\/revisions\/4989"}],"wp:featuredmedia":[{"embeddable":true,"href":"https:\/\/agora.xtec.cat\/ceiptorresjonama\/wp-json\/wp\/v2\/media\/3120"}],"wp:attachment":[{"href":"https:\/\/agora.xtec.cat\/ceiptorresjonama\/wp-json\/wp\/v2\/media?parent=4685"}],"wp:term":[{"taxonomy":"category","embeddable":true,"href":"https:\/\/agora.xtec.cat\/ceiptorresjonama\/wp-json\/wp\/v2\/categories?post=4685"},{"taxonomy":"post_tag","embeddable":true,"href":"https:\/\/agora.xtec.cat\/ceiptorresjonama\/wp-json\/wp\/v2\/tags?post=4685"}],"curies":[{"name":"wp","href":"https:\/\/api.w.org\/{rel}","templated":true}]}}