{"id":4427,"date":"2020-05-03T20:06:29","date_gmt":"2020-05-03T18:06:29","guid":{"rendered":"https:\/\/agora.xtec.cat\/ceiptorresjonama\/?p=4427"},"modified":"2020-05-03T20:06:29","modified_gmt":"2020-05-03T18:06:29","slug":"tasques-p3-4-8-de-maig","status":"publish","type":"post","link":"https:\/\/agora.xtec.cat\/ceiptorresjonama\/infantil\/i5\/tasques-p3-4-8-de-maig\/","title":{"rendered":"Tasques P3, 4-8 de maig"},"content":{"rendered":"<table style=\"width: 463px\">\n<tbody>\n<tr style=\"height: 261px\">\n<td style=\"width: 457px;height: 138px\" colspan=\"2\">\n<h1 style=\"text-align: center\"><span style=\"color: #0000ff\"><strong>Setmana 4-8 maig<\/strong><\/span><\/h1>\n<p>&nbsp;<\/p>\n<h3 style=\"text-align: center\"><strong><a href=\"https:\/\/agora.xtec.cat\/ceiptorresjonama\/wp-content\/uploads\/usu279\/2020\/04\/Dll.jpg\"><img loading=\"lazy\" decoding=\"async\" class=\"aligncenter size-medium wp-image-3120\" src=\"https:\/\/agora.xtec.cat\/ceiptorresjonama\/wp-content\/uploads\/usu279\/2020\/04\/Dll-300x80.jpg\" alt=\"\" width=\"300\" height=\"80\" srcset=\"https:\/\/agora.xtec.cat\/ceiptorresjonama\/wp-content\/uploads\/usu279\/2020\/04\/Dll-300x80.jpg 300w, https:\/\/agora.xtec.cat\/ceiptorresjonama\/wp-content\/uploads\/usu279\/2020\/04\/Dll.jpg 482w\" sizes=\"auto, (max-width: 300px) 100vw, 300px\" \/><\/a><\/strong><\/h3>\n<h1><\/h1>\n<\/td>\n<\/tr>\n<tr style=\"height: 98px\">\n<td style=\"width: 127px;height: 98px\"><strong><u>Activitats d&#8217;aprenentatge<\/u><\/strong><\/p>\n<p>&nbsp;<\/td>\n<td style=\"width: 328px;height: 98px\">Hola nens i nenes, us deixem per aqu\u00ed el conte d&#8217;aquesta setmana, aviam qu\u00e8 us sembla!<\/p>\n<p><iframe loading=\"lazy\" src=\"\/\/www.youtube.com\/embed\/3UfnWjatlIs\" width=\"200\" height=\"112\"><\/iframe><\/p>\n<p>I tot seguit unes activitats relacionades amb el conte:<\/p>\n<p><iframe loading=\"lazy\" src=\"\/\/www.youtube.com\/embed\/RqKuKoA2IoA\" width=\"200\" height=\"112\"><\/iframe><\/p>\n<p>I per acabar unes feinetes de matem\u00e0tiques que esperem que us agradar\u00e0 fer.<\/p>\n<p><iframe loading=\"lazy\" src=\"\/\/www.youtube.com\/embed\/Ho1OjAyogKo\" width=\"200\" height=\"112\"><\/iframe><\/p>\n<p>Molt bona setmana!<\/td>\n<\/tr>\n<tr style=\"height: 33px\">\n<td style=\"width: 127px;height: 33px\"><em>Retorn tasques<\/em><\/td>\n<td style=\"width: 328px;height: 33px\">Whatsapp o <a href=\"mailto:mbaque@xtec.cat\">mbaque@xtec.cat<\/a><\/td>\n<\/tr>\n<tr style=\"height: 98px\">\n<td style=\"width: 127px;height: 98px\"><strong><u>M\u00fasica<\/u><\/strong><\/p>\n<p>&nbsp;<\/td>\n<td style=\"width: 328px;height: 98px\">HOLA NENES I NENS ! Hola pares i mares !! Espero que esteu tots molt b\u00e9 ! Avui comencem amb una can\u00e7\u00f3 de falda i necessitem, pares, mares, avis i \u00e0vies, la vostra col\u00b7laboraci\u00f3 !!<\/p>\n<p><iframe loading=\"lazy\" src=\"\/\/www.youtube.com\/embed\/yrwzXANIFQA\" width=\"200\" height=\"120\"><\/iframe><\/p>\n<p>Recordeu que vam parlar del so ? doncs busqueu a casa coses que fan so. Mireu el video.<\/p>\n<p><iframe loading=\"lazy\" src=\"\/\/www.youtube.com\/embed\/xsCqRXJyXxQ\" width=\"200\" height=\"112\"><\/iframe><\/p>\n<p>Ah ! per\u00f2 tamb\u00e9 sabeu que hi ha sons Forts i sons fluixos.<\/p>\n<p><a href=\"https:\/\/agora.xtec.cat\/ceiptorresjonama\/wp-content\/uploads\/usu279\/2020\/05\/Us-recordeu-word.docx\">Us recordeu (word) \u00a0 \u00a0 \u00a0 \u00a0 \u00a0 \u00a0 \u00a0 \u00a0 <\/a><a href=\"https:\/\/agora.xtec.cat\/ceiptorresjonama\/wp-content\/uploads\/usu279\/2020\/05\/Us-recordeu-pdf.pdf\" target=\"_blank\" rel=\"noopener noreferrer\">Us recordeu (pdf)<\/a><\/p>\n<p><a href=\"https:\/\/agora.xtec.cat\/ceiptorresjonama\/wp-content\/uploads\/usu279\/2020\/05\/US-PRESENTO-word-1.docx\">US PRESENTO (word) \u00a0 \u00a0 \u00a0 <\/a><a href=\"https:\/\/agora.xtec.cat\/ceiptorresjonama\/wp-content\/uploads\/usu279\/2020\/05\/US-PRESENTO-pdf-2.pdf\" target=\"_blank\" rel=\"noopener noreferrer\">US PRESENTO (pdf)<\/a><\/p>\n<p>A continuaci\u00f3 us poso una m\u00fasica per escoltar i ballar i quan escolteu la m\u00fasica m\u00e9s fluixa us pareu o us assenteu al terra fins que la m\u00fasica torni a ser forta. \u00c9s LA PRIMAVERA\u00a0 DE VIVALDI<\/p>\n<p><iframe loading=\"lazy\" src=\"\/\/www.youtube.com\/embed\/YFWwcWwEOb8\" width=\"200\" height=\"112\"><\/iframe><\/p>\n<p>Per acabar podreu escoltar una m\u00fasica que acompanya a uns animals molt grans que viuen als oceans. LES BALENES !!<\/p>\n<p><iframe loading=\"lazy\" src=\"\/\/www.youtube.com\/embed\/6eS8WUoKeP0\" width=\"200\" height=\"112\"><\/iframe><\/p>\n<p>Que ho passeu molt b\u00e9 !!<\/td>\n<\/tr>\n<tr style=\"height: 33px\">\n<td style=\"width: 127px;height: 36px\"><em>Retorn tasques<\/em><\/td>\n<td style=\"width: 328px;height: 36px\"><a href=\"mailto:jprats25@xtec.cat\">jprats25@xtec.cat<\/a><\/td>\n<\/tr>\n<\/tbody>\n<\/table>\n<p>&nbsp;<\/p>\n","protected":false},"excerpt":{"rendered":"<p>Setmana 4-8 maig<br \/>\n&nbsp;<br \/>\n<a href=\"https:\/\/agora.xtec.cat\/ceiptorresjonama\/wp-content\/uploads\/usu279\/2020\/04\/Dll.jpg\"><\/a><\/p>\n<p>Activitats d&#8217;aprenentatge<br \/>\n&nbsp;<br \/>\nHola nens i nenes, us deixem per aqu\u00ed el conte d&#8217;aquesta setmana, aviam qu\u00e8 us sembla!<\/p>\n<p>I tot seguit unes activitats relacionades amb el conte:<\/p>\n<p>I per acabar unes feinetes de matem\u00e0tiques que esperem que us agradar\u00e0 fer.<\/p>\n<p>Molt bona setmana!<\/p>\n<p>Retorn tasques<br \/>\nWhatsapp o <a&hellip;  <a href=\"https:\/\/agora.xtec.cat\/ceiptorresjonama\/infantil\/i5\/tasques-p3-4-8-de-maig\/\" title=\"Read Tasques P3, 4-8 de maig\">Llegeix m\u00e9s\u00bb<\/a><\/p>\n","protected":false},"author":4,"featured_media":3120,"comment_status":"closed","ping_status":"closed","sticky":false,"template":"","format":"standard","meta":{"_bbp_topic_count":0,"_bbp_reply_count":0,"_bbp_total_topic_count":0,"_bbp_total_reply_count":0,"_bbp_voice_count":0,"_bbp_anonymous_reply_count":0,"_bbp_topic_count_hidden":0,"_bbp_reply_count_hidden":0,"_bbp_forum_subforum_count":0,"footnotes":""},"categories":[3],"tags":[],"class_list":["post-4427","post","type-post","status-publish","format-standard","has-post-thumbnail","hentry","category-i5"],"post_mailing_queue_ids":[],"_links":{"self":[{"href":"https:\/\/agora.xtec.cat\/ceiptorresjonama\/wp-json\/wp\/v2\/posts\/4427","targetHints":{"allow":["GET"]}}],"collection":[{"href":"https:\/\/agora.xtec.cat\/ceiptorresjonama\/wp-json\/wp\/v2\/posts"}],"about":[{"href":"https:\/\/agora.xtec.cat\/ceiptorresjonama\/wp-json\/wp\/v2\/types\/post"}],"author":[{"embeddable":true,"href":"https:\/\/agora.xtec.cat\/ceiptorresjonama\/wp-json\/wp\/v2\/users\/4"}],"replies":[{"embeddable":true,"href":"https:\/\/agora.xtec.cat\/ceiptorresjonama\/wp-json\/wp\/v2\/comments?post=4427"}],"version-history":[{"count":3,"href":"https:\/\/agora.xtec.cat\/ceiptorresjonama\/wp-json\/wp\/v2\/posts\/4427\/revisions"}],"predecessor-version":[{"id":4654,"href":"https:\/\/agora.xtec.cat\/ceiptorresjonama\/wp-json\/wp\/v2\/posts\/4427\/revisions\/4654"}],"wp:featuredmedia":[{"embeddable":true,"href":"https:\/\/agora.xtec.cat\/ceiptorresjonama\/wp-json\/wp\/v2\/media\/3120"}],"wp:attachment":[{"href":"https:\/\/agora.xtec.cat\/ceiptorresjonama\/wp-json\/wp\/v2\/media?parent=4427"}],"wp:term":[{"taxonomy":"category","embeddable":true,"href":"https:\/\/agora.xtec.cat\/ceiptorresjonama\/wp-json\/wp\/v2\/categories?post=4427"},{"taxonomy":"post_tag","embeddable":true,"href":"https:\/\/agora.xtec.cat\/ceiptorresjonama\/wp-json\/wp\/v2\/tags?post=4427"}],"curies":[{"name":"wp","href":"https:\/\/api.w.org\/{rel}","templated":true}]}}