{"id":4425,"date":"2020-05-03T20:14:53","date_gmt":"2020-05-03T18:14:53","guid":{"rendered":"https:\/\/agora.xtec.cat\/ceiptorresjonama\/?p=4425"},"modified":"2020-05-03T20:14:53","modified_gmt":"2020-05-03T18:14:53","slug":"tasques-p4-4-8-de-maig","status":"publish","type":"post","link":"https:\/\/agora.xtec.cat\/ceiptorresjonama\/primaria\/1r\/tasques-p4-4-8-de-maig\/","title":{"rendered":"Tasques P4, 4-8 de maig"},"content":{"rendered":"<table style=\"width: 479px\">\n<tbody>\n<tr style=\"height: 261px\">\n<td style=\"width: 473px;height: 138px\" colspan=\"2\">\n<h1 style=\"text-align: center\"><span style=\"color: #0000ff\"><strong>Setmana 4-8 maig<\/strong><\/span><\/h1>\n<p>&nbsp;<\/p>\n<h3 style=\"text-align: center\"><strong><a href=\"https:\/\/agora.xtec.cat\/ceiptorresjonama\/wp-content\/uploads\/usu279\/2020\/04\/Dll.jpg\"><img loading=\"lazy\" decoding=\"async\" class=\"aligncenter size-medium wp-image-3120\" src=\"https:\/\/agora.xtec.cat\/ceiptorresjonama\/wp-content\/uploads\/usu279\/2020\/04\/Dll-300x80.jpg\" alt=\"\" width=\"300\" height=\"80\" srcset=\"https:\/\/agora.xtec.cat\/ceiptorresjonama\/wp-content\/uploads\/usu279\/2020\/04\/Dll-300x80.jpg 300w, https:\/\/agora.xtec.cat\/ceiptorresjonama\/wp-content\/uploads\/usu279\/2020\/04\/Dll.jpg 482w\" sizes=\"auto, (max-width: 300px) 100vw, 300px\" \/><\/a><\/strong><\/h3>\n<h1><\/h1>\n<\/td>\n<\/tr>\n<tr style=\"height: 98px\">\n<td style=\"width: 120px;height: 98px\"><strong><u>Activitats d&#8217;aprenentatge<\/u><\/strong><\/p>\n<p>&nbsp;<\/td>\n<td style=\"width: 351px;height: 98px\">Hola bonics i boniques!! Com esteu?<\/p>\n<p>Aquesta setmana us proposo tres feinetes molt senzilles que a l&#8217;escola ja hav\u00edem practicat i que segur que us sortiran molt b\u00e9.<\/p>\n<p>Una abra\u00e7ada.<\/p>\n<p><iframe loading=\"lazy\" src=\"\/\/www.youtube.com\/embed\/HgRVgeMD7sM\" width=\"200\" height=\"112\"><\/iframe><\/p>\n<p><a href=\"https:\/\/agora.xtec.cat\/ceiptorresjonama\/wp-content\/uploads\/usu279\/2020\/05\/RETALLA-ELS-N\u00daMEROS-I-ORDENA.pdf\" target=\"_blank\" rel=\"noopener noreferrer\">RETALLA ELS N\u00daMEROS I ORDENA<\/a><\/p>\n<p><a href=\"https:\/\/agora.xtec.cat\/ceiptorresjonama\/wp-content\/uploads\/usu279\/2020\/05\/RELACIONA-CADA-PARAULA-AMB-LA-SEVA-IMATGE.pdf\" target=\"_blank\" rel=\"noopener noreferrer\">RELACIONA CADA PARAULA AMB LA SEVA IMATGE<\/a><\/p>\n<div><a href=\"https:\/\/agora.xtec.cat\/ceiptorresjonama\/wp-content\/uploads\/usu279\/2020\/05\/TORTUGA.pdf\" target=\"_blank\" rel=\"noopener noreferrer\">TORTUGA<\/a><\/div>\n<div><\/div>\n<div><\/div>\n<p>I per acabar us deixo per aqu\u00ed el conte de la setmana!<\/p>\n<p><iframe loading=\"lazy\" src=\"\/\/www.youtube.com\/embed\/3UfnWjatlIs\" width=\"200\" height=\"112\"><\/iframe><\/td>\n<\/tr>\n<tr style=\"height: 33px\">\n<td style=\"width: 120px;height: 33px\"><em>Retorn tasques<\/em><\/td>\n<td style=\"width: 351px;height: 33px\"><a href=\"mailto:pors@xtec.cat\">pors@xtec.cat<\/a><\/td>\n<\/tr>\n<tr style=\"height: 98px\">\n<td style=\"width: 120px;height: 98px\"><strong><u>M\u00fasica<\/u><\/strong><\/td>\n<td style=\"width: 351px;height: 98px\">HOLA NENES I NENS !! PARES I MARES !!\u00a0 Avui per comen\u00e7ar una can\u00e7\u00f3 de falda !<\/p>\n<p><iframe loading=\"lazy\" src=\"\/\/www.youtube.com\/embed\/yrwzXANIFQA\" width=\"200\" height=\"112\"><\/iframe><\/p>\n<p>Sabeu que hi ha sons curts i sons llargs !! Recordem-los !!<\/p>\n<p><a href=\"https:\/\/agora.xtec.cat\/ceiptorresjonama\/wp-content\/uploads\/usu279\/2020\/05\/Infantil-LLAR-CURT-word.docx\">Infantil LLARG CURT (word)<\/a><\/p>\n<p><a href=\"https:\/\/agora.xtec.cat\/ceiptorresjonama\/wp-content\/uploads\/usu279\/2020\/05\/Infantil-LLAR-CURT-pdf.pdf\" target=\"_blank\" rel=\"noopener noreferrer\">Infantil LLARG CURT (pdf)<\/a><\/p>\n<p>El dia que vulgueu podeu fer aquesta recerca de coses que fan so&#8230;<\/p>\n<p><iframe loading=\"lazy\" src=\"\/\/www.youtube.com\/embed\/xsCqRXJyXxQ\" width=\"200\" height=\"112\"><\/iframe><\/p>\n<p>Comen\u00e7a el bon temps, HA ARRIBAT LA PRIMAVERA !! escolta-la amb atenci\u00f3 i quan soni fluix us acotxeu i quan sona fort podeu ballar drets.<\/p>\n<p><iframe loading=\"lazy\" src=\"\/\/www.youtube.com\/embed\/YFWwcWwEOb8\" width=\"200\" height=\"112\"><\/iframe><\/p>\n<p>Tot seguit un treball per a recon\u00e8ixer sons Forts i fluix. A veure com us surt !!<\/p>\n<p><a href=\"https:\/\/agora.xtec.cat\/ceiptorresjonama\/wp-content\/uploads\/usu279\/2020\/05\/US-PRESENTO-word.docx\">US PRESENTO (word)<\/a> \u00a0\u00a0<a href=\"https:\/\/agora.xtec.cat\/ceiptorresjonama\/wp-content\/uploads\/usu279\/2020\/05\/US-PRESENTO-pdf-1.pdf\" target=\"_blank\" rel=\"noopener noreferrer\">US PRESENTO (pdf)<\/a><\/p>\n<p><a href=\"https:\/\/agora.xtec.cat\/ceiptorresjonama\/wp-content\/uploads\/usu279\/2020\/05\/fort-fluix-INFANTIL-pdf.pdf\" target=\"_blank\" rel=\"noopener noreferrer\">fort fluix INFANTIL(pdf)<\/a> \u00a0\u00a0<a href=\"https:\/\/agora.xtec.cat\/ceiptorresjonama\/wp-content\/uploads\/usu279\/2020\/05\/fort-fluix-INFANTIL-word.docx\">fort fluix INFANTIL (word)<\/a><\/p>\n<p>I ja per acabar una can\u00e7\u00f3 per a escoltar cantar i moure&#8217;ns !! Atenci\u00f3 a les instruccions !!<\/p>\n<p><iframe loading=\"lazy\" src=\"\/\/www.youtube.com\/embed\/EtlXoSeuauA\" width=\"200\" height=\"112\"><\/iframe><\/p>\n<p>Feu les activitats que us vinguin m\u00e9s de gust !! i ja veureu que poc a poc va sortint tot b\u00e9 !! que tingueu BONS DIES !!<\/td>\n<\/tr>\n<tr style=\"height: 33px\">\n<td style=\"width: 120px;height: 36px\"><em>Retorn tasques<\/em><\/td>\n<td style=\"width: 351px;height: 36px\"><a href=\"mailto:jprats25@xtec.cat\">jprats25@xtec.cat<\/a><\/td>\n<\/tr>\n<\/tbody>\n<\/table>\n<p>&nbsp;<\/p>\n<p>&nbsp;<\/p>\n","protected":false},"excerpt":{"rendered":"<p>Setmana 4-8 maig<br \/>\n&nbsp;<br \/>\n<a href=\"https:\/\/agora.xtec.cat\/ceiptorresjonama\/wp-content\/uploads\/usu279\/2020\/04\/Dll.jpg\"><\/a><\/p>\n<p>Activitats d&#8217;aprenentatge<br \/>\n&nbsp;<br \/>\nHola bonics i boniques!! Com esteu?<br \/>\nAquesta setmana us proposo tres feinetes molt senzilles que a l&#8217;escola ja hav\u00edem practicat i que segur que us sortiran molt b\u00e9.<br \/>\nUna abra\u00e7ada.<\/p>\n<p><a href=\"https:\/\/agora.xtec.cat\/ceiptorresjonama\/wp-content\/uploads\/usu279\/2020\/05\/RETALLA-ELS-N\u00daMEROS-I-ORDENA.pdf\" target=\"_blank\" rel=\"noopener noreferrer\">RETALLA ELS N\u00daMEROS I ORDENA<\/a><br \/>\n<a href=\"https:\/\/agora.xtec.cat\/ceiptorresjonama\/wp-content\/uploads\/usu279\/2020\/05\/RELACIONA-CADA-PARAULA-AMB-LA-SEVA-IMATGE.pdf\" target=\"_blank\" rel=\"noopener noreferrer\">RELACIONA CADA&hellip;  <a href=\"https:\/\/agora.xtec.cat\/ceiptorresjonama\/primaria\/1r\/tasques-p4-4-8-de-maig\/\" title=\"Read Tasques P4, 4-8 de maig\">Llegeix m\u00e9s\u00bb<\/a><\/p>\n","protected":false},"author":4,"featured_media":3120,"comment_status":"closed","ping_status":"closed","sticky":false,"template":"","format":"standard","meta":{"_bbp_topic_count":0,"_bbp_reply_count":0,"_bbp_total_topic_count":0,"_bbp_total_reply_count":0,"_bbp_voice_count":0,"_bbp_anonymous_reply_count":0,"_bbp_topic_count_hidden":0,"_bbp_reply_count_hidden":0,"_bbp_forum_subforum_count":0,"footnotes":""},"categories":[8],"tags":[],"class_list":["post-4425","post","type-post","status-publish","format-standard","has-post-thumbnail","hentry","category-1r"],"post_mailing_queue_ids":[],"_links":{"self":[{"href":"https:\/\/agora.xtec.cat\/ceiptorresjonama\/wp-json\/wp\/v2\/posts\/4425","targetHints":{"allow":["GET"]}}],"collection":[{"href":"https:\/\/agora.xtec.cat\/ceiptorresjonama\/wp-json\/wp\/v2\/posts"}],"about":[{"href":"https:\/\/agora.xtec.cat\/ceiptorresjonama\/wp-json\/wp\/v2\/types\/post"}],"author":[{"embeddable":true,"href":"https:\/\/agora.xtec.cat\/ceiptorresjonama\/wp-json\/wp\/v2\/users\/4"}],"replies":[{"embeddable":true,"href":"https:\/\/agora.xtec.cat\/ceiptorresjonama\/wp-json\/wp\/v2\/comments?post=4425"}],"version-history":[{"count":4,"href":"https:\/\/agora.xtec.cat\/ceiptorresjonama\/wp-json\/wp\/v2\/posts\/4425\/revisions"}],"predecessor-version":[{"id":4655,"href":"https:\/\/agora.xtec.cat\/ceiptorresjonama\/wp-json\/wp\/v2\/posts\/4425\/revisions\/4655"}],"wp:featuredmedia":[{"embeddable":true,"href":"https:\/\/agora.xtec.cat\/ceiptorresjonama\/wp-json\/wp\/v2\/media\/3120"}],"wp:attachment":[{"href":"https:\/\/agora.xtec.cat\/ceiptorresjonama\/wp-json\/wp\/v2\/media?parent=4425"}],"wp:term":[{"taxonomy":"category","embeddable":true,"href":"https:\/\/agora.xtec.cat\/ceiptorresjonama\/wp-json\/wp\/v2\/categories?post=4425"},{"taxonomy":"post_tag","embeddable":true,"href":"https:\/\/agora.xtec.cat\/ceiptorresjonama\/wp-json\/wp\/v2\/tags?post=4425"}],"curies":[{"name":"wp","href":"https:\/\/api.w.org\/{rel}","templated":true}]}}