{"id":4411,"date":"2020-05-03T20:22:09","date_gmt":"2020-05-03T18:22:09","guid":{"rendered":"https:\/\/agora.xtec.cat\/ceiptorresjonama\/?p=4411"},"modified":"2020-05-05T12:52:04","modified_gmt":"2020-05-05T10:52:04","slug":"tasques-4t-4-8-de-maig","status":"publish","type":"post","link":"https:\/\/agora.xtec.cat\/ceiptorresjonama\/primaria\/6e\/tasques-4t-4-8-de-maig\/","title":{"rendered":"Tasques 4t, 4-8 de maig"},"content":{"rendered":"<table style=\"width: 466px\">\n<tbody>\n<tr style=\"height: 218px\">\n<td style=\"height: 218px;width: 460px\" colspan=\"2\">\n<h1 style=\"text-align: center\"><span style=\"color: #0000ff\"><strong>Setmana 4-8 de maig<\/strong><\/span><\/h1>\n<p><a href=\"https:\/\/agora.xtec.cat\/ceiptorresjonama\/wp-content\/uploads\/usu279\/2020\/04\/Dll.jpg\"><img loading=\"lazy\" decoding=\"async\" class=\"aligncenter size-medium wp-image-3120\" src=\"https:\/\/agora.xtec.cat\/ceiptorresjonama\/wp-content\/uploads\/usu279\/2020\/04\/Dll-300x80.jpg\" alt=\"\" width=\"300\" height=\"80\" srcset=\"https:\/\/agora.xtec.cat\/ceiptorresjonama\/wp-content\/uploads\/usu279\/2020\/04\/Dll-300x80.jpg 300w, https:\/\/agora.xtec.cat\/ceiptorresjonama\/wp-content\/uploads\/usu279\/2020\/04\/Dll.jpg 482w\" sizes=\"auto, (max-width: 300px) 100vw, 300px\" \/><\/a><\/td>\n<\/tr>\n<tr style=\"height: 119px\">\n<td style=\"height: 119px;width: 111px\"><strong><u>\u00c0mbit ling\u00fc\u00edstic<\/u><\/strong><\/p>\n<p>Catal\u00e0<\/td>\n<td style=\"height: 119px;width: 347px\">Us adjunto en format PDF ( no s\u2019hi pot escriure) unes activitats de comprensi\u00f3 lectora i expressi\u00f3 escrita. Heu de contestar les preguntes al\u00a0<strong>FULL DE RESPOSTES<\/strong> adjunt en WORD preferiblement, Si no us \u00e9s posible, ho podeu fer en una <strong>LLIBRETA<\/strong>\u00a0i fer una fotografia i adjuntar-la al correu de resposta. Tamb\u00e9 us adjunto l\u2019activitat del <strong>SANDVITX<\/strong> que vaig penjar al BLOG fa unes setmanes per tal que la facin els nens i les nenes que encara no l\u2019han fet.<\/p>\n<p><a href=\"https:\/\/agora.xtec.cat\/ceiptorresjonama\/wp-content\/uploads\/usu279\/2020\/05\/CATAL\u00c0-4-8-MAIG.pdf\" target=\"_blank\" rel=\"noopener noreferrer\">CATAL\u00c0 4-8 MAIG<\/a><\/p>\n<p><a href=\"https:\/\/agora.xtec.cat\/ceiptorresjonama\/wp-content\/uploads\/usu279\/2020\/05\/full-respostes-4-8-maig.docx\" target=\"_blank\" rel=\"noopener noreferrer\">full respostes 4-8 maig<\/a><\/p>\n<p><a href=\"https:\/\/agora.xtec.cat\/ceiptorresjonama\/wp-content\/uploads\/usu279\/2020\/05\/Sandvitx-SETMANA-4-8-MAIG.docx\" target=\"_blank\" rel=\"noopener noreferrer\">Sandvitx SETMANA 4-8 MAIG<\/a> (WORD)<\/p>\n<p><a href=\"https:\/\/agora.xtec.cat\/ceiptorresjonama\/wp-content\/uploads\/usu279\/2020\/05\/Sandvitx-SETMANA-4-8-MAIG.pdf\" target=\"_blank\" rel=\"noopener noreferrer\">Sandvitx SETMANA 4-8 MAIG<\/a> (PDF)<\/td>\n<\/tr>\n<tr style=\"height: 33px\">\n<td style=\"height: 33px;width: 111px\"><em>Retorn tasques<\/em><\/td>\n<td style=\"height: 33px;width: 347px\"><a href=\"mailto:lfabreg4@xtec.cat\">lfabreg4<span class=\"\">@xtec.cat<\/span><\/a>\u00a0 \u00a0a l&#8217;assumpte del correu poseu-hi <strong>SETMANA 4 CATAL\u00c0 + ( el vostre nom)<\/strong>.<\/td>\n<\/tr>\n<tr style=\"height: 119px\">\n<td style=\"height: 119px;width: 111px\"><strong><u>\u00c0mbit ling\u00fc\u00edstic<\/u><\/strong><\/p>\n<p>Castell\u00e0<\/td>\n<td style=\"height: 119px;width: 347px\"><a href=\"https:\/\/agora.xtec.cat\/ceiptorresjonama\/wp-content\/uploads\/usu279\/2020\/05\/Semana-4-Tarea-2-Sin\u00f3nimos-y-ant\u00f3nimos.doc\" target=\"_blank\" rel=\"noopener noreferrer\">Semana 4 Tarea 2 Sin\u00f3nimos y ant\u00f3nimos<\/a> (word)<\/p>\n<p><a href=\"https:\/\/agora.xtec.cat\/ceiptorresjonama\/wp-content\/uploads\/usu279\/2020\/05\/Semana-4-Tarea-2-Sin\u00f3nimos-y-ant\u00f3nimos-3.pdf\" target=\"_blank\" rel=\"noopener noreferrer\">Semana-4-Tarea-2-Sin\u00f3nimos-y-ant\u00f3nimos <\/a>(pdf)<\/td>\n<\/tr>\n<tr style=\"height: 33px\">\n<td style=\"height: 33px;width: 111px\"><em>Retorn tasques<\/em><\/td>\n<td style=\"height: 33px;width: 347px\"><a href=\"mailto:sroura2@xtec.cat\">sroura2@xtec.cat<\/a> a l&#8217;assumpte del correu poseu-hi <strong>SETMANA 4 CASTELL\u00c0 + ( el vostre nom)<\/strong>.<\/td>\n<\/tr>\n<tr style=\"height: 220px\">\n<td style=\"height: 31px;width: 111px\"><strong><u>\u00c0mbit matem\u00e0tic<\/u><\/strong><\/td>\n<td style=\"height: 31px;width: 347px\">Us adjunto en format PDF ( no s\u2019hi pot escriure) unes activitats. Heu de contestar les preguntes al\u00a0<strong>FULL DE RESPOSTES<\/strong>\u00a0adjunt format WORD preferiblement. Si no us \u00e9s posible, ho podeu fer en una\u00a0<strong>LLIBRETA<\/strong> i fer una fotografia i adjuntar-la al correu de resposta.<\/p>\n<p><a href=\"https:\/\/agora.xtec.cat\/ceiptorresjonama\/wp-content\/uploads\/usu279\/2020\/05\/MATES-4-8-maig.pdf\" target=\"_blank\" rel=\"noopener noreferrer\">MATES 4-8 maig<\/a><\/p>\n<p><a href=\"https:\/\/agora.xtec.cat\/ceiptorresjonama\/wp-content\/uploads\/usu279\/2020\/05\/full-respostes-mates-4-8-maig-2.docx\" target=\"_blank\" rel=\"noopener noreferrer\">full respostes mates 4-8 maig (2)<\/a><\/td>\n<\/tr>\n<tr style=\"height: 33px\">\n<td style=\"height: 33px;width: 111px\"><em>Retorn tasques<\/em><\/td>\n<td style=\"height: 33px;width: 347px\"><a href=\"mailto:lfabreg4@xtec.cat\">lfabreg4<span class=\"\">@xtec.cat<\/span><\/a>\u00a0 \u00a0a l&#8217;assumpte del correu poseu-hi <strong>SETMANA 4 MATEM\u00c0TIQUES + ( el vostre nom)<\/strong>.<\/td>\n<\/tr>\n<tr style=\"height: 57px\">\n<td style=\"height: 57px;width: 111px\"><strong><u>Medi social<br \/>\n<\/u><\/strong><\/td>\n<td style=\"height: 57px;width: 347px\">\n<p style=\"text-align: center\"><span style=\"color: #993366\"><strong>ELS ROMANS<\/strong><\/span><\/p>\n<p><a href=\"https:\/\/agora.xtec.cat\/ceiptorresjonama\/wp-content\/uploads\/usu279\/2020\/05\/MEDI-SOCIAL-4t-setmana-4-8-MAIG.pdf\" target=\"_blank\" rel=\"noopener noreferrer\">MEDI SOCIAL 4t setmana 4-8 MAIG<\/a><\/p>\n<p>&nbsp;<\/td>\n<\/tr>\n<tr style=\"height: 33px\">\n<td style=\"height: 33px;width: 111px\"><em>Retorn tasques<\/em><\/td>\n<td style=\"height: 33px;width: 347px\"><a href=\"mailto:lfabreg4@xtec.cat\"><span class=\"\">lfabreg4@xtec.cat<\/span><\/a> a l&#8217;assumpte del correu poseu-hi <strong>SETMANA 4 MEDI SOCIAL + ( el vostre nom)<\/strong>.<\/td>\n<\/tr>\n<tr style=\"height: 97px\">\n<td style=\"height: 97px;width: 111px\"><strong><u>\u00c0mbit art\u00edstic <\/u><\/strong><\/p>\n<p>Pl\u00e0stica<\/td>\n<td style=\"height: 97px;width: 347px\">\n<p style=\"text-align: center\"><span style=\"color: #ff9900\"><strong>EL PING\u00dc\u00cd<\/strong><\/span><\/p>\n<p><a href=\"https:\/\/agora.xtec.cat\/ceiptorresjonama\/wp-content\/uploads\/usu279\/2020\/05\/Pl\u00e0stica-Setmana-4-ping\u00fc\u00ed.pdf\" target=\"_blank\" rel=\"noopener noreferrer\">Pl\u00e0stica Setmana 4 ping\u00fc\u00ed<\/a><\/td>\n<\/tr>\n<tr style=\"height: 33px\">\n<td style=\"height: 33px;width: 111px\"><em>Retorn tasques<\/em><\/td>\n<td style=\"height: 33px;width: 347px\"><a href=\"mailto:lfabreg4@xtec.cat\">lfabreg4<span class=\"\">@xtec.cat<\/span><\/a>\u00a0 \u00a0a l&#8217;assumpte del correu poseu-hi <strong>SETMANA 4 PL\u00c0STICA + ( el vostre nom)<\/strong>.<\/td>\n<\/tr>\n<tr style=\"height: 57px\">\n<td style=\"height: 57px;width: 111px\"><strong><u>\u00c0mbit ed. F\u00edsica<\/u><\/strong><\/td>\n<td style=\"height: 57px;width: 347px\"><a href=\"https:\/\/view.genial.ly\/5ea9ae015eaff10d7d40b0be\/interactive-content-superem-els-reptes\" target=\"_blank\" rel=\"noopener noreferrer\"><img loading=\"lazy\" decoding=\"async\" class=\"aligncenter size-medium wp-image-4657\" src=\"https:\/\/agora.xtec.cat\/ceiptorresjonama\/wp-content\/uploads\/usu279\/2020\/05\/portada-300x168.jpg\" alt=\"\" width=\"300\" height=\"168\" srcset=\"https:\/\/agora.xtec.cat\/ceiptorresjonama\/wp-content\/uploads\/usu279\/2020\/05\/portada-300x168.jpg 300w, https:\/\/agora.xtec.cat\/ceiptorresjonama\/wp-content\/uploads\/usu279\/2020\/05\/portada-768x429.jpg 768w, https:\/\/agora.xtec.cat\/ceiptorresjonama\/wp-content\/uploads\/usu279\/2020\/05\/portada-1024x573.jpg 1024w, https:\/\/agora.xtec.cat\/ceiptorresjonama\/wp-content\/uploads\/usu279\/2020\/05\/portada.jpg 1413w\" sizes=\"auto, (max-width: 300px) 100vw, 300px\" \/><\/a><\/td>\n<\/tr>\n<tr style=\"height: 33px\">\n<td style=\"height: 33px;width: 111px\"><em>Retorn tasques<\/em><\/td>\n<td style=\"height: 33px;width: 347px\">Podeu gaudir el joc i jugar amb la vostra fam\u00edlia i amics.<\/p>\n<p>Si voleu compartir l&#8217;experi\u00e8ncia amb mi\u00a0 podeu enviar-me una imatge o un v\u00eddeo de com jugueu.<\/p>\n<p><a href=\"mailto:aarenos@xtec.cat\">aarenos<span class=\"\">@xtec.cat<\/span><\/a> a l&#8217;assumpte del correu <strong>REPTES + ( el vostre nom)<\/strong>.<\/td>\n<\/tr>\n<\/tbody>\n<\/table>\n","protected":false},"excerpt":{"rendered":"<p>Setmana 4-8 de maig<br \/>\n<a href=\"https:\/\/agora.xtec.cat\/ceiptorresjonama\/wp-content\/uploads\/usu279\/2020\/04\/Dll.jpg\"><\/a><\/p>\n<p>\u00c0mbit ling\u00fc\u00edstic<br \/>\nCatal\u00e0<br \/>\nUs adjunto en format PDF ( no s\u2019hi pot escriure) unes activitats de comprensi\u00f3 lectora i expressi\u00f3 escrita. Heu de contestar les preguntes al\u00a0FULL DE RESPOSTES adjunt en WORD preferiblement, Si no us \u00e9s posible, ho podeu fer en una&hellip;  <a href=\"https:\/\/agora.xtec.cat\/ceiptorresjonama\/primaria\/6e\/tasques-4t-4-8-de-maig\/\" title=\"Read Tasques 4t, 4-8 de maig\">Llegeix m\u00e9s\u00bb<\/a><\/p>\n","protected":false},"author":4,"featured_media":3120,"comment_status":"closed","ping_status":"closed","sticky":false,"template":"","format":"standard","meta":{"_bbp_topic_count":0,"_bbp_reply_count":0,"_bbp_total_topic_count":0,"_bbp_total_reply_count":0,"_bbp_voice_count":0,"_bbp_anonymous_reply_count":0,"_bbp_topic_count_hidden":0,"_bbp_reply_count_hidden":0,"_bbp_forum_subforum_count":0,"footnotes":""},"categories":[13],"tags":[],"class_list":["post-4411","post","type-post","status-publish","format-standard","has-post-thumbnail","hentry","category-6e"],"post_mailing_queue_ids":[],"_links":{"self":[{"href":"https:\/\/agora.xtec.cat\/ceiptorresjonama\/wp-json\/wp\/v2\/posts\/4411","targetHints":{"allow":["GET"]}}],"collection":[{"href":"https:\/\/agora.xtec.cat\/ceiptorresjonama\/wp-json\/wp\/v2\/posts"}],"about":[{"href":"https:\/\/agora.xtec.cat\/ceiptorresjonama\/wp-json\/wp\/v2\/types\/post"}],"author":[{"embeddable":true,"href":"https:\/\/agora.xtec.cat\/ceiptorresjonama\/wp-json\/wp\/v2\/users\/4"}],"replies":[{"embeddable":true,"href":"https:\/\/agora.xtec.cat\/ceiptorresjonama\/wp-json\/wp\/v2\/comments?post=4411"}],"version-history":[{"count":4,"href":"https:\/\/agora.xtec.cat\/ceiptorresjonama\/wp-json\/wp\/v2\/posts\/4411\/revisions"}],"predecessor-version":[{"id":4695,"href":"https:\/\/agora.xtec.cat\/ceiptorresjonama\/wp-json\/wp\/v2\/posts\/4411\/revisions\/4695"}],"wp:featuredmedia":[{"embeddable":true,"href":"https:\/\/agora.xtec.cat\/ceiptorresjonama\/wp-json\/wp\/v2\/media\/3120"}],"wp:attachment":[{"href":"https:\/\/agora.xtec.cat\/ceiptorresjonama\/wp-json\/wp\/v2\/media?parent=4411"}],"wp:term":[{"taxonomy":"category","embeddable":true,"href":"https:\/\/agora.xtec.cat\/ceiptorresjonama\/wp-json\/wp\/v2\/categories?post=4411"},{"taxonomy":"post_tag","embeddable":true,"href":"https:\/\/agora.xtec.cat\/ceiptorresjonama\/wp-json\/wp\/v2\/tags?post=4411"}],"curies":[{"name":"wp","href":"https:\/\/api.w.org\/{rel}","templated":true}]}}