{"id":439,"date":"2015-09-02T22:16:57","date_gmt":"2015-09-02T21:16:57","guid":{"rendered":"https:\/\/torresjonama.wordpress.com\/?p=439"},"modified":"2015-09-02T22:16:57","modified_gmt":"2015-09-02T21:16:57","slug":"321-comencem","status":"publish","type":"post","link":"https:\/\/agora.xtec.cat\/ceiptorresjonama\/uncategorized\/321-comencem\/","title":{"rendered":"3,2,1&#8230;comencem!"},"content":{"rendered":"<p style=\"text-align:justify;\">Benvolgudes fam\u00edlies,<\/p>\n<p style=\"text-align:justify;\">Estem a punt de comen\u00e7ar el curs escolar, un nou curs que de ben segur vindr\u00e0 carregat de bons moments i noves hist\u00f2ries, i farcit de nous ensenyaments i aprenentatges&#8230;I ja estem treballant amb il\u00b7lusi\u00f3 per a tenir-ho tot a punt.<\/p>\n<p style=\"text-align:justify;\">Us recordem que podeu registrar-vos als blogs de cada cicle que us interessi (i d&#8217;aquest mateix) seguint les instruccions que apareixen al bot\u00f3 del lateral dret. D&#8217;aquesta manera, cada vegada que hi hagi una nova entrada, rebreu l&#8217;av\u00eds al vostre correu electr\u00f2nic.<\/p>\n<p style=\"text-align:justify;\">Ja teniu disponible la informaci\u00f3 sobre el nou equip de mestres (a &#8220;qui som&#8221;) i el nou calendari escolar (festius i per\u00edodes de vacances).<\/p>\n<p style=\"text-align:justify;\">Fins ben aviat!<\/p>\n<p style=\"text-align:justify;\"><a href=\"https:\/\/agora.xtec.cat\/ceiptorresjonama\/wp-content\/uploads\/usu279\/2015\/09\/bon-curs.jpg\"><img loading=\"lazy\" decoding=\"async\" class=\"alignnone size-medium wp-image-440\" src=\"https:\/\/agora.xtec.cat\/ceiptorresjonama\/wp-content\/uploads\/usu279\/2015\/09\/bon-curs.jpg?w=275\" alt=\"bon curs\" width=\"275\" height=\"300\" \/><\/a><\/p>\n<p style=\"text-align:justify;\">Equip docent<\/p>\n","protected":false},"excerpt":{"rendered":"<p>Benvolgudes fam\u00edlies,<br \/>\nEstem a punt de comen\u00e7ar el curs escolar, un nou curs que de ben segur vindr\u00e0 carregat de bons moments i noves hist\u00f2ries, i farcit de nous ensenyaments i aprenentatges&#8230;I ja estem treballant amb il\u00b7lusi\u00f3 per a tenir-ho tot a punt.<br \/>\nUs recordem que podeu&hellip;  <a href=\"https:\/\/agora.xtec.cat\/ceiptorresjonama\/uncategorized\/321-comencem\/\" title=\"Read 3,2,1&#8230;comencem!\">Llegeix m\u00e9s\u00bb<\/a><\/p>\n","protected":false},"author":1,"featured_media":0,"comment_status":"closed","ping_status":"closed","sticky":false,"template":"","format":"standard","meta":{"_bbp_topic_count":0,"_bbp_reply_count":0,"_bbp_total_topic_count":0,"_bbp_total_reply_count":0,"_bbp_voice_count":0,"_bbp_anonymous_reply_count":0,"_bbp_topic_count_hidden":0,"_bbp_reply_count_hidden":0,"_bbp_forum_subforum_count":0,"footnotes":""},"categories":[60],"tags":[],"class_list":["post-439","post","type-post","status-publish","format-standard","hentry","category-uncategorized"],"post_mailing_queue_ids":[],"_links":{"self":[{"href":"https:\/\/agora.xtec.cat\/ceiptorresjonama\/wp-json\/wp\/v2\/posts\/439","targetHints":{"allow":["GET"]}}],"collection":[{"href":"https:\/\/agora.xtec.cat\/ceiptorresjonama\/wp-json\/wp\/v2\/posts"}],"about":[{"href":"https:\/\/agora.xtec.cat\/ceiptorresjonama\/wp-json\/wp\/v2\/types\/post"}],"author":[{"embeddable":true,"href":"https:\/\/agora.xtec.cat\/ceiptorresjonama\/wp-json\/wp\/v2\/users\/1"}],"replies":[{"embeddable":true,"href":"https:\/\/agora.xtec.cat\/ceiptorresjonama\/wp-json\/wp\/v2\/comments?post=439"}],"version-history":[{"count":0,"href":"https:\/\/agora.xtec.cat\/ceiptorresjonama\/wp-json\/wp\/v2\/posts\/439\/revisions"}],"wp:attachment":[{"href":"https:\/\/agora.xtec.cat\/ceiptorresjonama\/wp-json\/wp\/v2\/media?parent=439"}],"wp:term":[{"taxonomy":"category","embeddable":true,"href":"https:\/\/agora.xtec.cat\/ceiptorresjonama\/wp-json\/wp\/v2\/categories?post=439"},{"taxonomy":"post_tag","embeddable":true,"href":"https:\/\/agora.xtec.cat\/ceiptorresjonama\/wp-json\/wp\/v2\/tags?post=439"}],"curies":[{"name":"wp","href":"https:\/\/api.w.org\/{rel}","templated":true}]}}