{"id":429,"date":"2015-06-19T23:11:25","date_gmt":"2015-06-19T22:11:25","guid":{"rendered":"https:\/\/torresjonama.wordpress.com\/?p=429"},"modified":"2015-06-19T23:11:25","modified_gmt":"2015-06-19T22:11:25","slug":"final-de-curs","status":"publish","type":"post","link":"https:\/\/agora.xtec.cat\/ceiptorresjonama\/uncategorized\/final-de-curs\/","title":{"rendered":"Final de curs"},"content":{"rendered":"<p>El darrer dia de curs per acomiadar-nos i desitjar-nos bon estiu hem fet una festa a l&#8217;escola. Hem fet 4 grups de nens i nenes de totes les classes i hem jugat a diferents espais que els i les mestres ens havien preparat.<\/p>\n<p>Tothom s&#8217;ho ha passat molt b\u00e9 i des d&#8217;aqu\u00ed volem acomiadar i desitjar molta sort als nens i nenes de 6\u00e8. que el proper curs iniciaran l&#8217;etapa d&#8217;ESO i a les seves fam\u00edlies. Gr\u00e0cies per haver format part de l&#8217;Escola Torres Jonama de Mont-ras. Bones vacances!<\/p>\n<p>Cliqueu la foto d&#8217;aquestes caixes decorades i veureu-ho tot el que hem fet.<\/p>\n<p style=\"text-align:center;\"><a href=\"https:\/\/picasaweb.google.com\/103279565880635005062\/FinalDeCurs\"><img loading=\"lazy\" decoding=\"async\" class=\"alignnone size-medium wp-image-430\" src=\"https:\/\/agora.xtec.cat\/ceiptorresjonama\/wp-content\/uploads\/usu279\/2015\/06\/p1090218.jpg?w=300\" alt=\"P1090218\" width=\"300\" height=\"225\" srcset=\"https:\/\/agora.xtec.cat\/ceiptorresjonama\/wp-content\/uploads\/usu279\/2015\/06\/p1090218.jpg 3072w, https:\/\/agora.xtec.cat\/ceiptorresjonama\/wp-content\/uploads\/usu279\/2015\/06\/p1090218-300x225.jpg 300w, https:\/\/agora.xtec.cat\/ceiptorresjonama\/wp-content\/uploads\/usu279\/2015\/06\/p1090218-768x576.jpg 768w, https:\/\/agora.xtec.cat\/ceiptorresjonama\/wp-content\/uploads\/usu279\/2015\/06\/p1090218-1024x768.jpg 1024w, https:\/\/agora.xtec.cat\/ceiptorresjonama\/wp-content\/uploads\/usu279\/2015\/06\/p1090218-200x150.jpg 200w\" sizes=\"auto, (max-width: 300px) 100vw, 300px\" \/><\/a><\/p>\n","protected":false},"excerpt":{"rendered":"<p>El darrer dia de curs per acomiadar-nos i desitjar-nos bon estiu hem fet una festa a l&#8217;escola. Hem fet 4 grups de nens i nenes de totes les classes i hem jugat a diferents espais que els i les mestres ens havien preparat.<br \/>\nTothom s&#8217;ho ha&hellip;  <a href=\"https:\/\/agora.xtec.cat\/ceiptorresjonama\/uncategorized\/final-de-curs\/\" title=\"Read Final de curs\">Llegeix m\u00e9s\u00bb<\/a><\/p>\n","protected":false},"author":1,"featured_media":0,"comment_status":"closed","ping_status":"closed","sticky":false,"template":"","format":"standard","meta":{"_bbp_topic_count":0,"_bbp_reply_count":0,"_bbp_total_topic_count":0,"_bbp_total_reply_count":0,"_bbp_voice_count":0,"_bbp_anonymous_reply_count":0,"_bbp_topic_count_hidden":0,"_bbp_reply_count_hidden":0,"_bbp_forum_subforum_count":0,"footnotes":""},"categories":[60],"tags":[],"class_list":["post-429","post","type-post","status-publish","format-standard","hentry","category-uncategorized"],"post_mailing_queue_ids":[],"_links":{"self":[{"href":"https:\/\/agora.xtec.cat\/ceiptorresjonama\/wp-json\/wp\/v2\/posts\/429","targetHints":{"allow":["GET"]}}],"collection":[{"href":"https:\/\/agora.xtec.cat\/ceiptorresjonama\/wp-json\/wp\/v2\/posts"}],"about":[{"href":"https:\/\/agora.xtec.cat\/ceiptorresjonama\/wp-json\/wp\/v2\/types\/post"}],"author":[{"embeddable":true,"href":"https:\/\/agora.xtec.cat\/ceiptorresjonama\/wp-json\/wp\/v2\/users\/1"}],"replies":[{"embeddable":true,"href":"https:\/\/agora.xtec.cat\/ceiptorresjonama\/wp-json\/wp\/v2\/comments?post=429"}],"version-history":[{"count":0,"href":"https:\/\/agora.xtec.cat\/ceiptorresjonama\/wp-json\/wp\/v2\/posts\/429\/revisions"}],"wp:attachment":[{"href":"https:\/\/agora.xtec.cat\/ceiptorresjonama\/wp-json\/wp\/v2\/media?parent=429"}],"wp:term":[{"taxonomy":"category","embeddable":true,"href":"https:\/\/agora.xtec.cat\/ceiptorresjonama\/wp-json\/wp\/v2\/categories?post=429"},{"taxonomy":"post_tag","embeddable":true,"href":"https:\/\/agora.xtec.cat\/ceiptorresjonama\/wp-json\/wp\/v2\/tags?post=429"}],"curies":[{"name":"wp","href":"https:\/\/api.w.org\/{rel}","templated":true}]}}