{"id":4073,"date":"2020-04-26T19:10:44","date_gmt":"2020-04-26T17:10:44","guid":{"rendered":"https:\/\/agora.xtec.cat\/ceiptorresjonama\/?p=4073"},"modified":"2020-04-26T20:42:20","modified_gmt":"2020-04-26T18:42:20","slug":"tasques-4t-27-dabril-a-1-de-maig","status":"publish","type":"post","link":"https:\/\/agora.xtec.cat\/ceiptorresjonama\/primaria\/6e\/tasques-4t-27-dabril-a-1-de-maig\/","title":{"rendered":"Tasques 4t 27 d&#8217;abril a 1 de maig"},"content":{"rendered":"<table style=\"height: 186px; width: 507px;\" width=\"486\">\n<tbody>\n<tr style=\"height: 186px;\">\n<td style=\"width: 501px; height: 186px;\">Fam\u00edlia de 4t!<\/p>\n<p>Comencem ja la tercera setmana d&#8217;activitats. Aquesta setmana \u00e9s especial perqu\u00e8 ja podeu sortir una estona al carrer cada dia.<\/p>\n<p>Gaudiu del&#8217;exterior i aprofiteu per c\u00f3rrer, saltar, anar en bici i en patinet. Us ho mereixeu perqu\u00e8 sou unes campiones i campions!<\/p>\n<p style=\"text-align: left;\">Una abra\u00e7ada gegant \ud83d\ude42<\/p>\n<\/td>\n<\/tr>\n<\/tbody>\n<\/table>\n<table style=\"height: 1307px; width: 485px;\" width=\"665\">\n<tbody>\n<tr style=\"height: 206px;\">\n<td style=\"width: 505px; height: 206px;\" colspan=\"2\">\n<h1 style=\"text-align: center;\"><strong>Setmana 27 d&#8217;abril a 1 de maig<\/strong><\/h1>\n<h3 style=\"text-align: center;\"><strong><a href=\"https:\/\/agora.xtec.cat\/ceiptorresjonama\/wp-content\/uploads\/usu279\/2020\/04\/Dll.jpg\"><img loading=\"lazy\" decoding=\"async\" class=\"aligncenter size-medium wp-image-3120\" src=\"https:\/\/agora.xtec.cat\/ceiptorresjonama\/wp-content\/uploads\/usu279\/2020\/04\/Dll-300x80.jpg\" alt=\"\" width=\"300\" height=\"80\" srcset=\"https:\/\/agora.xtec.cat\/ceiptorresjonama\/wp-content\/uploads\/usu279\/2020\/04\/Dll-300x80.jpg 300w, https:\/\/agora.xtec.cat\/ceiptorresjonama\/wp-content\/uploads\/usu279\/2020\/04\/Dll.jpg 482w\" sizes=\"auto, (max-width: 300px) 100vw, 300px\" \/><\/a><\/strong><\/h3>\n<\/td>\n<\/tr>\n<tr style=\"height: 96px;\">\n<td style=\"width: 89px; height: 96px;\"><strong><u>\u00c0mbit ling\u00fc\u00edstic<\/u><\/strong><\/p>\n<p>Catal\u00e0<\/td>\n<td style=\"width: 414px; height: 96px;\">Us adjunto en format PDF ( no s\u2019hi pot escriure) unes activitats de COMPRENSI\u00d3 LECTORA. Heu de contestar les preguntes <strong>PREFERIBLEMENT<\/strong> al <strong>FULL DE RESPOSTES<\/strong>\u00a0adjunt en WORD o ho podeu fer en una\u00a0<strong>LLIBRETA<\/strong>\u00a0i fer una fotografia i adjuntar-la al correu de resposta.<\/p>\n<p><a href=\"https:\/\/agora.xtec.cat\/ceiptorresjonama\/wp-content\/uploads\/usu279\/2020\/04\/CATAL\u00c0-27-30-ABRIL.pdf\" target=\"_blank\" rel=\"noopener noreferrer\">CATAL\u00c0 27-30 ABRIL<\/a><\/p>\n<p><a href=\"https:\/\/agora.xtec.cat\/ceiptorresjonama\/wp-content\/uploads\/usu279\/2020\/04\/full-respostes-27-30-abril.docx\" target=\"_blank\" rel=\"noopener noreferrer\">full respostes 27-30 abril<\/a> <span style=\"color: #00ccff;\">(WORD)<\/span><\/p>\n<p><strong><u>ENDEVINALLES<\/u><\/strong><\/p>\n<p>A l&#8217;enlla\u00e7 seg\u00fcent us deixo un joc d\u2019endevinalles que es diu <strong>M\u2019ENDEVINES.<\/strong> Heu d\u2019escriure al <strong>FULL DE\u00a0 RESPOSTES<\/strong> que us adjunto a sota les solucions de cada nivell.<\/p>\n<p><a href=\"http:\/\/www.edu365.cat\/primaria\/catala\/endevinalles\/portada.htm\" target=\"_blank\" rel=\"noopener noreferrer\">http:\/\/www.edu365.cat\/primaria\/catala\/endevinalles\/portada.htm<\/a><\/p>\n<p><a href=\"https:\/\/agora.xtec.cat\/ceiptorresjonama\/wp-content\/uploads\/usu279\/2020\/04\/full-respostes-ENDEVINALLES.docx\" target=\"_blank\" rel=\"noopener noreferrer\">full respostes ENDEVINALLES (WORD)<\/a><\/p>\n<p>Si el joc no arrenca autom\u00e0ticament pot ser que calgui\u00a0<a href=\"https:\/\/clic.xtec.cat\/legacy\/ca\/jclic\/instjava.htm\"><strong>actualitzar el sistema\u00a0<\/strong><strong>Java<\/strong><\/a>\u00a0de l\u2019ordinador. Tamb\u00e9 s\u2019ha d\u2019habilitar\u00a0<strong><u>Adobe Flash Player.<\/u><\/strong><\/p>\n<p>Si tot i aix\u00f2 continueu tenint problemes podeu consultar aquests enlla\u00e7os d\u2019ajuda i de preguntes freq\u00fcents:\u00a0<a href=\"https:\/\/clic.xtec.cat\/legacy\/ca\/jclic\/faqjclic.htm\">https:\/\/clic.xtec.cat\/legacy\/ca\/jclic\/faqjclic.htm<\/a><\/p>\n<p><a href=\"https:\/\/www.amarauna.euskadi.eus\/pt\/pergunta\/como-visualizar-e-interaccionar-con-recursos\/d993367b-6581-4f74-859f-5b290b0d58eb\">https:\/\/www.amarauna.euskadi.eus\/pt\/pergunta\/como-visualizar-e-interaccionar-con-recursos\/d993367b-6581-4f74-859f-5b290b0d58eb<\/a>)<\/td>\n<\/tr>\n<tr style=\"height: 31px;\">\n<td style=\"width: 89px; height: 31px; text-align: right;\"><em>Retorn tasques<\/em><\/td>\n<td style=\"width: 414px; height: 31px;\"><a href=\"mailto:lfabreg4@xtec.cat\">lfabreg4<span class=\"\">@xtec.cat<\/span><\/a> a l&#8217;assumpte del correu poseu-hi <strong>SETMANA 3 CATAL\u00c0 + ( el vostre nom)<\/strong>.<\/td>\n<\/tr>\n<tr style=\"height: 96px;\">\n<td style=\"width: 89px; height: 96px;\"><strong><u>\u00c0mbit ling\u00fc\u00edstic<\/u><\/strong><\/p>\n<p>Angl\u00e8s<\/td>\n<td style=\"width: 414px; height: 96px;\">Format word:<\/p>\n<p><a href=\"https:\/\/agora.xtec.cat\/ceiptorresjonama\/wp-content\/uploads\/usu279\/2020\/04\/4t-ENGLISH-WEEK-27th-APRIL-2.docx\">SETMANA 3 ENGLISH<\/a><\/p>\n<p>Format pdf:<\/p>\n<p><a href=\"https:\/\/agora.xtec.cat\/ceiptorresjonama\/wp-content\/uploads\/usu279\/2020\/04\/4t-ENGLISH-WEEK-27th-APRIL-2.pdf\" target=\"_blank\" rel=\"noopener noreferrer\">SETMANA 3 ENGLISH<\/a><\/td>\n<\/tr>\n<tr style=\"height: 31px;\">\n<td style=\"width: 89px; height: 31px; text-align: right;\"><em>Retorn tasques<\/em><\/td>\n<td style=\"width: 414px; height: 31px;\"><a href=\"mailto:ebassa@xtec.cat\">ebassa<span class=\"\">@xtec.cat<\/span><\/a> A l&#8217;assumpte del correu poseu-hi\u00a0<strong>SETMANA 3 ENGLISH + (el vostre nom).<\/strong><\/td>\n<\/tr>\n<tr style=\"height: 56px;\">\n<td style=\"width: 89px; height: 56px;\"><strong><u>\u00c0mbit matem\u00e0tic<\/u><\/strong><\/td>\n<td style=\"width: 414px; height: 56px;\">Us adjunto en format PDF ( no s\u2019hi pot escriure) unes activitats de COMPRENSI\u00d3 LECTORA. Heu de contestar les preguntes <strong>PREFERIBLEMENT<\/strong> al <strong>FULL DE RESPOSTES<\/strong>\u00a0adjunt en WORD o ho podeu fer en una\u00a0<strong>LLIBRETA<\/strong>\u00a0i fer una fotografia i adjuntar-la al correu de resposta.<\/p>\n<p><a href=\"https:\/\/agora.xtec.cat\/ceiptorresjonama\/wp-content\/uploads\/usu279\/2020\/04\/mates-27-30-abril.pdf\" target=\"_blank\" rel=\"noopener noreferrer\">mates 27-30 abril<\/a><\/p>\n<p><a href=\"https:\/\/agora.xtec.cat\/ceiptorresjonama\/wp-content\/uploads\/usu279\/2020\/04\/FULL-RESPOSTES-MATES-27-30-ABRIL.docx\" target=\"_blank\" rel=\"noopener noreferrer\">FULL RESPOSTES MATES 27-30 ABRIL (WORD)<\/a><\/p>\n<p><strong>C\u00c0LCUL MENTAL<\/strong><\/p>\n<p>A l&#8217;enlla\u00e7 seg\u00fcent us deixo un joc de c\u00e0lcul mental amb daus, hi ha 5 nivells. \u00a0Heu d\u2019escriure al <strong>FULL DE\u00a0 RESPOSTES<\/strong> que us adjunto quants encerts seguits heu fet a cada nivell.<\/p>\n<p><a href=\"https:\/\/www.vedoque.com\/juegos\/juego.php?j=dados\">https:\/\/www.vedoque.com\/juegos\/juego.php?j=dados<\/a><\/p>\n<p><a href=\"https:\/\/agora.xtec.cat\/ceiptorresjonama\/wp-content\/uploads\/usu279\/2020\/04\/full-resposta-C\u00c0LCUL-MENTAL-AMB-DAUS-1.docx\">full resposta C\u00c0LCUL MENTAL AMB DAUS (WORD)<\/a><\/p>\n<p>Si el joc no arrenca autom\u00e0ticament pot ser que calgui\u00a0<a href=\"https:\/\/clic.xtec.cat\/legacy\/ca\/jclic\/instjava.htm\"><strong>actualitzar el sistema\u00a0<\/strong><strong>Java<\/strong><\/a>\u00a0de l\u2019ordinador. Tamb\u00e9 s\u2019ha d\u2019habilitar\u00a0<strong><u>Adobe Flash Player.<\/u><\/strong><\/p>\n<p>Si tot i aix\u00f2 continueu tenint problemes podeu consultar aquests enlla\u00e7os d\u2019ajuda i de preguntes freq\u00fcents:\u00a0<a href=\"https:\/\/clic.xtec.cat\/legacy\/ca\/jclic\/faqjclic.htm\">https:\/\/clic.xtec.cat\/legacy\/ca\/jclic\/faqjclic.htm<\/a><\/p>\n<p><a href=\"https:\/\/www.amarauna.euskadi.eus\/pt\/pergunta\/como-visualizar-e-interaccionar-con-recursos\/d993367b-6581-4f74-859f-5b290b0d58eb\">https:\/\/www.amarauna.euskadi.eus\/pt\/pergunta\/como-visualizar-e-interaccionar-con-recursos\/d993367b-6581-4f74-859f-5b290b0d58eb<\/a>)<\/td>\n<\/tr>\n<tr style=\"height: 31px;\">\n<td style=\"width: 89px; height: 31px; text-align: right;\"><em>Retorn tasques<\/em><\/td>\n<td style=\"width: 414px; height: 31px;\"><a href=\"mailto:lfabreg4@xtec.cat\">lfabreg4<span class=\"\">@xtec.cat<\/span><\/a> a l&#8217;assumpte del correu poseu-hi <strong>SETMANA 3 MATEM\u00c0TIQUES + ( el vostre nom)<\/strong>.<\/td>\n<\/tr>\n<tr style=\"height: 46px;\">\n<td style=\"width: 89px; height: 46px;\"><strong><u>Medi natural<\/u><\/strong><\/td>\n<td style=\"width: 414px; height: 46px;\"><iframe loading=\"lazy\" src=\"\/\/www.youtube.com\/embed\/a5sqTk5jem0?feature=emb_logo\" width=\"200\" height=\"112\"><\/iframe><\/p>\n<p><a href=\"https:\/\/agora.xtec.cat\/ceiptorresjonama\/wp-content\/uploads\/usu279\/2020\/04\/Cos-i-salut-word.docx\">Cos i salut word<\/a><\/p>\n<p><a href=\"https:\/\/agora.xtec.cat\/ceiptorresjonama\/wp-content\/uploads\/usu279\/2020\/04\/Cos-i-salut-word.pdf\" target=\"_blank\" rel=\"noopener noreferrer\">Cos i salut pdf<\/a><\/td>\n<\/tr>\n<tr style=\"height: 31px;\">\n<td style=\"width: 89px; height: 31px; text-align: right;\"><em>Retorn tasques<\/em><\/td>\n<td style=\"width: 414px; height: 31px;\"><a href=\"mailto:mtellez@xtec.cat\">mtellez<span class=\"\">@xtec.cat<\/span><\/a> a l&#8217;assumpte del correu poseu-hi <strong>SETMANA 3 MEDI NATURAL + ( el vostre nom)<\/strong>.<\/td>\n<\/tr>\n<tr style=\"height: 118px;\">\n<td style=\"width: 89px; height: 88px;\"><strong><u>\u00c0mbit art\u00edstic<\/u><\/strong><\/p>\n<p>M\u00fasica<\/p>\n<p>&nbsp;<\/td>\n<td style=\"width: 414px; height: 88px;\"><a href=\"https:\/\/agora.xtec.cat\/ceiptorresjonama\/wp-content\/uploads\/usu279\/2020\/04\/M\u00fasica.-CM-Setmana-3word.docx\">M\u00fasica. CM Setmana 3(word)<\/a><\/p>\n<p><a href=\"https:\/\/agora.xtec.cat\/ceiptorresjonama\/wp-content\/uploads\/usu279\/2020\/04\/M\u00fasica.-CM-Setmana-3pdf.pdf\" target=\"_blank\" rel=\"noopener noreferrer\">M\u00fasica. CM Setmana 3(pdf)<\/a><\/td>\n<\/tr>\n<tr style=\"height: 31px;\">\n<td style=\"width: 89px; height: 31px; text-align: right;\"><em>Retorn tasques<\/em><\/td>\n<td style=\"width: 414px; height: 31px;\"><a href=\"mailto:jprats25@xtec.cat\">jprats25@xtec.cat<\/a> a l&#8217;assumpte del correu poseu-hi <strong>SETMANA 3 M\u00daSICA + ( el vostre nom)<\/strong>.<\/td>\n<\/tr>\n<\/tbody>\n<\/table>\n","protected":false},"excerpt":{"rendered":"<p>Fam\u00edlia de 4t!<br \/>\nComencem ja la tercera setmana d&#8217;activitats. Aquesta setmana \u00e9s especial perqu\u00e8 ja podeu sortir una estona al carrer cada dia.<br \/>\nGaudiu del&#8217;exterior i aprofiteu per c\u00f3rrer, saltar, anar en bici i en patinet. Us ho mereixeu perqu\u00e8 sou unes campiones i campions!<br \/>\nUna abra\u00e7ada gegant&hellip;  <a href=\"https:\/\/agora.xtec.cat\/ceiptorresjonama\/primaria\/6e\/tasques-4t-27-dabril-a-1-de-maig\/\" title=\"Read Tasques 4t 27 d&#8217;abril a 1 de maig\">Llegeix m\u00e9s\u00bb<\/a><\/p>\n","protected":false},"author":4,"featured_media":3120,"comment_status":"closed","ping_status":"closed","sticky":false,"template":"","format":"standard","meta":{"_bbp_topic_count":0,"_bbp_reply_count":0,"_bbp_total_topic_count":0,"_bbp_total_reply_count":0,"_bbp_voice_count":0,"_bbp_anonymous_reply_count":0,"_bbp_topic_count_hidden":0,"_bbp_reply_count_hidden":0,"_bbp_forum_subforum_count":0,"footnotes":""},"categories":[13],"tags":[],"class_list":["post-4073","post","type-post","status-publish","format-standard","has-post-thumbnail","hentry","category-6e"],"post_mailing_queue_ids":[],"_links":{"self":[{"href":"https:\/\/agora.xtec.cat\/ceiptorresjonama\/wp-json\/wp\/v2\/posts\/4073","targetHints":{"allow":["GET"]}}],"collection":[{"href":"https:\/\/agora.xtec.cat\/ceiptorresjonama\/wp-json\/wp\/v2\/posts"}],"about":[{"href":"https:\/\/agora.xtec.cat\/ceiptorresjonama\/wp-json\/wp\/v2\/types\/post"}],"author":[{"embeddable":true,"href":"https:\/\/agora.xtec.cat\/ceiptorresjonama\/wp-json\/wp\/v2\/users\/4"}],"replies":[{"embeddable":true,"href":"https:\/\/agora.xtec.cat\/ceiptorresjonama\/wp-json\/wp\/v2\/comments?post=4073"}],"version-history":[{"count":3,"href":"https:\/\/agora.xtec.cat\/ceiptorresjonama\/wp-json\/wp\/v2\/posts\/4073\/revisions"}],"predecessor-version":[{"id":4390,"href":"https:\/\/agora.xtec.cat\/ceiptorresjonama\/wp-json\/wp\/v2\/posts\/4073\/revisions\/4390"}],"wp:featuredmedia":[{"embeddable":true,"href":"https:\/\/agora.xtec.cat\/ceiptorresjonama\/wp-json\/wp\/v2\/media\/3120"}],"wp:attachment":[{"href":"https:\/\/agora.xtec.cat\/ceiptorresjonama\/wp-json\/wp\/v2\/media?parent=4073"}],"wp:term":[{"taxonomy":"category","embeddable":true,"href":"https:\/\/agora.xtec.cat\/ceiptorresjonama\/wp-json\/wp\/v2\/categories?post=4073"},{"taxonomy":"post_tag","embeddable":true,"href":"https:\/\/agora.xtec.cat\/ceiptorresjonama\/wp-json\/wp\/v2\/tags?post=4073"}],"curies":[{"name":"wp","href":"https:\/\/api.w.org\/{rel}","templated":true}]}}