{"id":406,"date":"2015-05-12T20:59:34","date_gmt":"2015-05-12T19:59:34","guid":{"rendered":"https:\/\/torresjonama.wordpress.com\/?p=406"},"modified":"2015-05-12T20:59:34","modified_gmt":"2015-05-12T19:59:34","slug":"12-de-maig-celebrem-el-xvi-dia-escolar-de-les-matematiques","status":"publish","type":"post","link":"https:\/\/agora.xtec.cat\/ceiptorresjonama\/uncategorized\/12-de-maig-celebrem-el-xvi-dia-escolar-de-les-matematiques\/","title":{"rendered":"12 de maig, celebrem el XVI dia escolar de les matem\u00e0tiques"},"content":{"rendered":"<p>Cada 12 de maig es celebra el dia escolar de les matem\u00e0tiques. Aquest any ha estat dedicat a matem\u00e0tiques jugant. Aquesta tarda tot el nostre alumnat ha passat per diferents classes a jugar amb jocs matem\u00e0tics. Ha sigut una bona experi\u00e8ncia, ens ho hem passat b\u00e9 i hem descobert nous jocs.<\/p>\n<p style=\"text-align:center;\"><a title=\"dia escolar mates 2015\" href=\"https:\/\/plus.google.com\/photos\/103279565880635005062\/albums\/6148060762725079841?banner=pwa\"><img loading=\"lazy\" decoding=\"async\" class=\"alignnone size-medium wp-image-407\" src=\"https:\/\/agora.xtec.cat\/ceiptorresjonama\/wp-content\/uploads\/usu279\/2015\/05\/img_2014.jpg?w=300\" alt=\"IMG_2014\" width=\"300\" height=\"225\" srcset=\"https:\/\/agora.xtec.cat\/ceiptorresjonama\/wp-content\/uploads\/usu279\/2015\/05\/img_2014.jpg 640w, https:\/\/agora.xtec.cat\/ceiptorresjonama\/wp-content\/uploads\/usu279\/2015\/05\/img_2014-300x225.jpg 300w, https:\/\/agora.xtec.cat\/ceiptorresjonama\/wp-content\/uploads\/usu279\/2015\/05\/img_2014-200x150.jpg 200w\" sizes=\"auto, (max-width: 300px) 100vw, 300px\" \/><\/a><\/p>\n","protected":false},"excerpt":{"rendered":"<p>Cada 12 de maig es celebra el dia escolar de les matem\u00e0tiques. Aquest any ha estat dedicat a matem\u00e0tiques jugant. Aquesta tarda tot el nostre alumnat ha passat per diferents classes a jugar amb jocs matem\u00e0tics. Ha sigut una bona experi\u00e8ncia, ens ho hem passat&hellip;  <a href=\"https:\/\/agora.xtec.cat\/ceiptorresjonama\/uncategorized\/12-de-maig-celebrem-el-xvi-dia-escolar-de-les-matematiques\/\" title=\"Read 12 de maig, celebrem el XVI dia escolar de les matem\u00e0tiques\">Llegeix m\u00e9s\u00bb<\/a><\/p>\n","protected":false},"author":1,"featured_media":0,"comment_status":"closed","ping_status":"closed","sticky":false,"template":"","format":"standard","meta":{"_bbp_topic_count":0,"_bbp_reply_count":0,"_bbp_total_topic_count":0,"_bbp_total_reply_count":0,"_bbp_voice_count":0,"_bbp_anonymous_reply_count":0,"_bbp_topic_count_hidden":0,"_bbp_reply_count_hidden":0,"_bbp_forum_subforum_count":0,"footnotes":""},"categories":[60],"tags":[],"class_list":["post-406","post","type-post","status-publish","format-standard","hentry","category-uncategorized"],"post_mailing_queue_ids":[],"_links":{"self":[{"href":"https:\/\/agora.xtec.cat\/ceiptorresjonama\/wp-json\/wp\/v2\/posts\/406","targetHints":{"allow":["GET"]}}],"collection":[{"href":"https:\/\/agora.xtec.cat\/ceiptorresjonama\/wp-json\/wp\/v2\/posts"}],"about":[{"href":"https:\/\/agora.xtec.cat\/ceiptorresjonama\/wp-json\/wp\/v2\/types\/post"}],"author":[{"embeddable":true,"href":"https:\/\/agora.xtec.cat\/ceiptorresjonama\/wp-json\/wp\/v2\/users\/1"}],"replies":[{"embeddable":true,"href":"https:\/\/agora.xtec.cat\/ceiptorresjonama\/wp-json\/wp\/v2\/comments?post=406"}],"version-history":[{"count":0,"href":"https:\/\/agora.xtec.cat\/ceiptorresjonama\/wp-json\/wp\/v2\/posts\/406\/revisions"}],"wp:attachment":[{"href":"https:\/\/agora.xtec.cat\/ceiptorresjonama\/wp-json\/wp\/v2\/media?parent=406"}],"wp:term":[{"taxonomy":"category","embeddable":true,"href":"https:\/\/agora.xtec.cat\/ceiptorresjonama\/wp-json\/wp\/v2\/categories?post=406"},{"taxonomy":"post_tag","embeddable":true,"href":"https:\/\/agora.xtec.cat\/ceiptorresjonama\/wp-json\/wp\/v2\/tags?post=406"}],"curies":[{"name":"wp","href":"https:\/\/api.w.org\/{rel}","templated":true}]}}