{"id":3802,"date":"2020-04-19T19:38:19","date_gmt":"2020-04-19T17:38:19","guid":{"rendered":"https:\/\/agora.xtec.cat\/ceiptorresjonama\/?p=3802"},"modified":"2020-04-19T20:37:20","modified_gmt":"2020-04-19T18:37:20","slug":"tasques-p3-20-24-dabril","status":"publish","type":"post","link":"https:\/\/agora.xtec.cat\/ceiptorresjonama\/infantil\/i5\/tasques-p3-20-24-dabril\/","title":{"rendered":"Tasques P3 20-24 d&#8217;abril"},"content":{"rendered":"<p>&nbsp;<\/p>\n<table style=\"height: 446px\">\n<tbody>\n<tr style=\"height: 261px\">\n<td style=\"width: 526px;height: 138px\" colspan=\"2\">\n<h1 style=\"text-align: center\"><span style=\"color: #0000ff\"><strong>Setmana 20-24 abril<\/strong><\/span><\/h1>\n<p>&nbsp;<\/p>\n<h3 style=\"text-align: center\"><strong><a href=\"https:\/\/agora.xtec.cat\/ceiptorresjonama\/wp-content\/uploads\/usu279\/2020\/04\/Dll.jpg\"><img loading=\"lazy\" decoding=\"async\" class=\"aligncenter size-medium wp-image-3120\" src=\"https:\/\/agora.xtec.cat\/ceiptorresjonama\/wp-content\/uploads\/usu279\/2020\/04\/Dll-300x80.jpg\" alt=\"\" width=\"300\" height=\"80\" srcset=\"https:\/\/agora.xtec.cat\/ceiptorresjonama\/wp-content\/uploads\/usu279\/2020\/04\/Dll-300x80.jpg 300w, https:\/\/agora.xtec.cat\/ceiptorresjonama\/wp-content\/uploads\/usu279\/2020\/04\/Dll.jpg 482w\" sizes=\"auto, (max-width: 300px) 100vw, 300px\" \/><\/a><\/strong><\/h3>\n<h1><\/h1>\n<\/td>\n<\/tr>\n<tr style=\"height: 98px\">\n<td style=\"width: 129px;height: 98px\"><strong><u>Activitats d&#8217;aprenentatge<\/u><\/strong><\/p>\n<p>&nbsp;<\/td>\n<td style=\"width: 395px;height: 98px\">Hola nens i nenes! Aquesta setmana us hem preparat la llegenda de Sant Jordi, esperem que us agradi!<\/p>\n<p><iframe loading=\"lazy\" src=\"\/\/www.youtube.com\/embed\/R3Kg_R33Kg4\" width=\"200\" height=\"112\"><\/iframe><\/p>\n<p>Tamb\u00e9 us hem preparat una activitat de pl\u00e0stica perqu\u00e8 tots i totes feu la vostra rosa de Sant Jordi. Aqu\u00ed teniu un v\u00eddeo que us explica com fer-la. Esperem que us animeu i ens envieu les vostres roses.<\/p>\n<p><iframe loading=\"lazy\" src=\"\/\/www.youtube.com\/embed\/K6ExQnuDlkM\" width=\"200\" height=\"112\"><\/iframe><\/p>\n<p>Despr\u00e9s d&#8217;escoltar la llegenda de Sant Jordi que us ha preparat la S\u00f2nia us proposem unes activitats de llengua i matem\u00e0tiques.<\/p>\n<p><iframe loading=\"lazy\" src=\"\/\/www.youtube.com\/embed\/tljbMgX8qFk\" width=\"200\" height=\"112\"><\/iframe><\/p>\n<p>Si cliqueu a sobre l&#8217;abecedari trobareu les lletres de cada un dels nens i nenes de la classe.<a href=\"https:\/\/photos.app.goo.gl\/TyuexYfuejZdUnsZA\" target=\"_blank\" rel=\"noopener noreferrer\"><br \/>\n<img loading=\"lazy\" decoding=\"async\" class=\"aligncenter wp-image-3877\" src=\"https:\/\/agora.xtec.cat\/ceiptorresjonama\/wp-content\/uploads\/usu279\/2020\/04\/abecedari-vinil-infantil-escoles-300x300.jpg\" alt=\"\" width=\"122\" height=\"122\" srcset=\"https:\/\/agora.xtec.cat\/ceiptorresjonama\/wp-content\/uploads\/usu279\/2020\/04\/abecedari-vinil-infantil-escoles-300x300.jpg 300w, https:\/\/agora.xtec.cat\/ceiptorresjonama\/wp-content\/uploads\/usu279\/2020\/04\/abecedari-vinil-infantil-escoles-150x150.jpg 150w, https:\/\/agora.xtec.cat\/ceiptorresjonama\/wp-content\/uploads\/usu279\/2020\/04\/abecedari-vinil-infantil-escoles.jpg 380w\" sizes=\"auto, (max-width: 122px) 100vw, 122px\" \/><\/a><\/p>\n<p>Finalment, tamb\u00e9 us hem preparat una activitat de matem\u00e0tiques, esperem que la gaudiu.<\/p>\n<p><iframe loading=\"lazy\" src=\"\/\/www.youtube.com\/embed\/kuA2p8Hw4xc\" width=\"200\" height=\"112\"><\/iframe><\/td>\n<\/tr>\n<tr style=\"height: 33px\">\n<td style=\"width: 129px;height: 33px\"><em>Retorn tasques<\/em><\/td>\n<td style=\"width: 395px;height: 33px\">Whatsapp o <a href=\"mailto:mbaque@xtec.cat\">mbaque@xtec.cat<\/a><\/td>\n<\/tr>\n<tr style=\"height: 98px\">\n<td style=\"width: 129px;height: 98px\"><strong><u>M\u00fasica<\/u><\/strong><\/p>\n<p>&nbsp;<\/td>\n<td style=\"width: 395px;height: 98px\">Hola !<\/p>\n<p><iframe loading=\"lazy\" src=\"\/\/www.youtube.com\/embed\/qFWBCz2Cdt8\" width=\"200\" height=\"112\"><\/iframe><\/p>\n<p>Ara que ja sabeu que va fer Sant Jordi li cantarem una can\u00e7\u00f3 que tamb\u00e9 ho explica.<\/p>\n<p>podeu cantar i ballar !!\u00a0 <iframe loading=\"lazy\" src=\"\/\/www.youtube.com\/embed\/-4wkoJ_ekBE\" width=\"200\" height=\"112\"><\/iframe><\/p>\n<p>I ara una altra can\u00e7\u00f3 de Sant Jordi on podreu caminar la pulsaci\u00f3 o picar de mans mentre sona.<\/p>\n<p>Tamb\u00e9 podeu fer all\u00f2 que diu la can\u00e7\u00f3.<br \/>\n<iframe loading=\"lazy\" src=\"\/\/www.youtube.com\/embed\/j9gYHFDlCmA\" width=\"200\" height=\"112\"><\/iframe>\u00a0 \u00a0 <iframe loading=\"lazy\" src=\"\/\/www.youtube.com\/embed\/3HOL4EyoE6k\" width=\"200\" height=\"112\"><\/iframe><\/p>\n<p>A continuaci\u00f3 podeu seguir el cam\u00ed que va fer Sant Jordi fins a les muralles de Montblanc !<\/p>\n<p><a href=\"https:\/\/agora.xtec.cat\/ceiptorresjonama\/wp-content\/uploads\/usu279\/2020\/04\/CAMI-DE-SANT-JORDI.pdf\" target=\"_blank\" rel=\"noopener noreferrer\">CAMI DE SANT JORDI<\/a><\/p>\n<p>I ja m&#8217;acomiado fins un altre dia !! que us vagi tot molt i molt b\u00e9 !!<\/p>\n<p><iframe loading=\"lazy\" src=\"\/\/www.youtube.com\/embed\/nO8GqFnS0wQ\" width=\"200\" height=\"112\"><\/iframe><\/td>\n<\/tr>\n<tr style=\"height: 33px\">\n<td style=\"width: 129px;height: 36px\"><em>Retorn tasques<\/em><\/td>\n<td style=\"width: 395px;height: 36px\"><a href=\"mailto:jprats25@xtec.cat\">jprats25@xtec.cat<\/a><\/td>\n<\/tr>\n<\/tbody>\n<\/table>\n","protected":false},"excerpt":{"rendered":"<p>&nbsp;<\/p>\n<p>Setmana 20-24 abril<br \/>\n&nbsp;<br \/>\n<a href=\"https:\/\/agora.xtec.cat\/ceiptorresjonama\/wp-content\/uploads\/usu279\/2020\/04\/Dll.jpg\"><\/a><\/p>\n<p>Activitats d&#8217;aprenentatge<br \/>\n&nbsp;<br \/>\nHola nens i nenes! Aquesta setmana us hem preparat la llegenda de Sant Jordi, esperem que us agradi!<\/p>\n<p>Tamb\u00e9 us hem preparat una activitat de pl\u00e0stica perqu\u00e8 tots i totes feu la vostra rosa de Sant Jordi. Aqu\u00ed teniu un v\u00eddeo que&hellip;  <a href=\"https:\/\/agora.xtec.cat\/ceiptorresjonama\/infantil\/i5\/tasques-p3-20-24-dabril\/\" title=\"Read Tasques P3 20-24 d&#8217;abril\">Llegeix m\u00e9s\u00bb<\/a><\/p>\n","protected":false},"author":4,"featured_media":3877,"comment_status":"closed","ping_status":"closed","sticky":false,"template":"","format":"standard","meta":{"_bbp_topic_count":0,"_bbp_reply_count":0,"_bbp_total_topic_count":0,"_bbp_total_reply_count":0,"_bbp_voice_count":0,"_bbp_anonymous_reply_count":0,"_bbp_topic_count_hidden":0,"_bbp_reply_count_hidden":0,"_bbp_forum_subforum_count":0,"footnotes":""},"categories":[3],"tags":[],"class_list":["post-3802","post","type-post","status-publish","format-standard","has-post-thumbnail","hentry","category-i5"],"post_mailing_queue_ids":[],"_links":{"self":[{"href":"https:\/\/agora.xtec.cat\/ceiptorresjonama\/wp-json\/wp\/v2\/posts\/3802","targetHints":{"allow":["GET"]}}],"collection":[{"href":"https:\/\/agora.xtec.cat\/ceiptorresjonama\/wp-json\/wp\/v2\/posts"}],"about":[{"href":"https:\/\/agora.xtec.cat\/ceiptorresjonama\/wp-json\/wp\/v2\/types\/post"}],"author":[{"embeddable":true,"href":"https:\/\/agora.xtec.cat\/ceiptorresjonama\/wp-json\/wp\/v2\/users\/4"}],"replies":[{"embeddable":true,"href":"https:\/\/agora.xtec.cat\/ceiptorresjonama\/wp-json\/wp\/v2\/comments?post=3802"}],"version-history":[{"count":4,"href":"https:\/\/agora.xtec.cat\/ceiptorresjonama\/wp-json\/wp\/v2\/posts\/3802\/revisions"}],"predecessor-version":[{"id":4057,"href":"https:\/\/agora.xtec.cat\/ceiptorresjonama\/wp-json\/wp\/v2\/posts\/3802\/revisions\/4057"}],"wp:featuredmedia":[{"embeddable":true,"href":"https:\/\/agora.xtec.cat\/ceiptorresjonama\/wp-json\/wp\/v2\/media\/3877"}],"wp:attachment":[{"href":"https:\/\/agora.xtec.cat\/ceiptorresjonama\/wp-json\/wp\/v2\/media?parent=3802"}],"wp:term":[{"taxonomy":"category","embeddable":true,"href":"https:\/\/agora.xtec.cat\/ceiptorresjonama\/wp-json\/wp\/v2\/categories?post=3802"},{"taxonomy":"post_tag","embeddable":true,"href":"https:\/\/agora.xtec.cat\/ceiptorresjonama\/wp-json\/wp\/v2\/tags?post=3802"}],"curies":[{"name":"wp","href":"https:\/\/api.w.org\/{rel}","templated":true}]}}