{"id":3799,"date":"2020-04-19T19:41:07","date_gmt":"2020-04-19T17:41:07","guid":{"rendered":"https:\/\/agora.xtec.cat\/ceiptorresjonama\/?p=3799"},"modified":"2020-04-19T19:50:56","modified_gmt":"2020-04-19T17:50:56","slug":"tasques-p5-20-24-dabril","status":"publish","type":"post","link":"https:\/\/agora.xtec.cat\/ceiptorresjonama\/primaria\/2n\/tasques-p5-20-24-dabril\/","title":{"rendered":"Tasques P5 20-24 d&#8217;abril"},"content":{"rendered":"<table style=\"height: 558px;\">\n<tbody>\n<tr style=\"height: 261px;\">\n<td style=\"width: 557px; height: 138px;\" colspan=\"2\">\n<h1 style=\"text-align: center;\"><span style=\"color: #0000ff;\"><strong>Setmana 20-24 abril<\/strong><\/span><\/h1>\n<p>&nbsp;<\/p>\n<h3 style=\"text-align: center;\"><strong><a href=\"https:\/\/agora.xtec.cat\/ceiptorresjonama\/wp-content\/uploads\/usu279\/2020\/04\/Dll.jpg\"><img loading=\"lazy\" decoding=\"async\" class=\"aligncenter size-medium wp-image-3120\" src=\"https:\/\/agora.xtec.cat\/ceiptorresjonama\/wp-content\/uploads\/usu279\/2020\/04\/Dll-300x80.jpg\" alt=\"\" width=\"300\" height=\"80\" srcset=\"https:\/\/agora.xtec.cat\/ceiptorresjonama\/wp-content\/uploads\/usu279\/2020\/04\/Dll-300x80.jpg 300w, https:\/\/agora.xtec.cat\/ceiptorresjonama\/wp-content\/uploads\/usu279\/2020\/04\/Dll.jpg 482w\" sizes=\"auto, (max-width: 300px) 100vw, 300px\" \/><\/a><\/strong><\/h3>\n<h1><\/h1>\n<\/td>\n<\/tr>\n<tr style=\"height: 98px;\">\n<td style=\"width: 129px; height: 253px;\"><strong><u>Activitats d&#8217;aprenentatge<\/u><\/strong><\/p>\n<p>&nbsp;<\/td>\n<td style=\"width: 426px; height: 253px;\"><iframe loading=\"lazy\" src=\"\/\/www.youtube.com\/embed\/MNHsBytaEb0\" width=\"400\" height=\"224\"><\/iframe><\/p>\n<p><a href=\"https:\/\/agora.xtec.cat\/ceiptorresjonama\/wp-content\/uploads\/usu279\/2020\/04\/C\u00c0PSULA-2.pdf\" target=\"_blank\" rel=\"noopener noreferrer\">Clica el barrufet per veure les feinetes!<br \/>\n<img loading=\"lazy\" decoding=\"async\" class=\"aligncenter wp-image-3824\" src=\"https:\/\/agora.xtec.cat\/ceiptorresjonama\/wp-content\/uploads\/usu279\/2020\/04\/10e6595c84b2868f454656b4a33343c0-289x300.png\" alt=\"\" width=\"197\" height=\"204\" \/>Conte &#8220;El Punto&#8221;<\/a><\/p>\n<p><iframe loading=\"lazy\" src=\"\/\/www.youtube.com\/embed\/xlI7kOSlFsE\" width=\"400\" height=\"224\"><\/iframe><\/p>\n<p>&nbsp;<\/p>\n<p>Conte &#8220;La l\u00ednea&#8221;<\/p>\n<p><iframe loading=\"lazy\" src=\"\/\/www.youtube.com\/embed\/snL8IRJ4i4Q\" width=\"400\" height=\"224\"><\/iframe><\/p>\n<p>FEINETES PER ANAR FENT (no nom\u00e9s per aquesta setmana i adaptada a cada nen\/a):<\/p>\n<p>LLEGIM<\/p>\n<p><a href=\"https:\/\/agora.xtec.cat\/ceiptorresjonama\/wp-content\/uploads\/usu279\/2020\/04\/llegim.pdf\" target=\"_blank\" rel=\"noopener noreferrer\"><img loading=\"lazy\" decoding=\"async\" class=\"aligncenter size-medium wp-image-3837\" src=\"https:\/\/agora.xtec.cat\/ceiptorresjonama\/wp-content\/uploads\/usu279\/2020\/04\/leer-300x169.jpg\" alt=\"\" width=\"300\" height=\"169\" srcset=\"https:\/\/agora.xtec.cat\/ceiptorresjonama\/wp-content\/uploads\/usu279\/2020\/04\/leer-300x169.jpg 300w, https:\/\/agora.xtec.cat\/ceiptorresjonama\/wp-content\/uploads\/usu279\/2020\/04\/leer-768x432.jpg 768w, https:\/\/agora.xtec.cat\/ceiptorresjonama\/wp-content\/uploads\/usu279\/2020\/04\/leer-1024x576.jpg 1024w, https:\/\/agora.xtec.cat\/ceiptorresjonama\/wp-content\/uploads\/usu279\/2020\/04\/leer.jpg 1920w\" sizes=\"auto, (max-width: 300px) 100vw, 300px\" \/><\/a><\/p>\n<p>ESCRIVIM<\/p>\n<p><a href=\"https:\/\/agora.xtec.cat\/ceiptorresjonama\/wp-content\/uploads\/usu279\/2020\/04\/treballem-la-frase.pdf\" target=\"_blank\" rel=\"noopener noreferrer\"><img loading=\"lazy\" decoding=\"async\" class=\"aligncenter size-medium wp-image-3840\" src=\"https:\/\/agora.xtec.cat\/ceiptorresjonama\/wp-content\/uploads\/usu279\/2020\/04\/ninos-escriben-libro-p-300x138.jpg\" alt=\"\" width=\"300\" height=\"138\" srcset=\"https:\/\/agora.xtec.cat\/ceiptorresjonama\/wp-content\/uploads\/usu279\/2020\/04\/ninos-escriben-libro-p-300x138.jpg 300w, https:\/\/agora.xtec.cat\/ceiptorresjonama\/wp-content\/uploads\/usu279\/2020\/04\/ninos-escriben-libro-p.jpg 650w\" sizes=\"auto, (max-width: 300px) 100vw, 300px\" \/><\/a><\/p>\n<p>Aquesta setmana us hem preparat la llegenda de Sant Jordi, esperem que us agradi!<\/p>\n<p><iframe loading=\"lazy\" src=\"\/\/www.youtube.com\/embed\/R3Kg_R33Kg4\" width=\"200\" height=\"112\"><\/iframe><\/p>\n<p>Tamb\u00e9 us hem preparat una activitat de pl\u00e0stica per a que tots i totes feu la vostra rosa de Sant Jordi. Aqu\u00ed teniu un v\u00eddeo que us explica com fer-la. Esperem que us animeu i ens envieu les vostres roses.<\/p>\n<p><iframe loading=\"lazy\" src=\"\/\/www.youtube.com\/embed\/K6ExQnuDlkM\" width=\"200\" height=\"112\"><\/iframe><\/td>\n<\/tr>\n<tr style=\"height: 33px;\">\n<td style=\"width: 129px; height: 33px;\"><em>Retorn tasques<\/em><\/td>\n<td style=\"width: 426px; height: 33px;\"><a href=\"mailto:gfeliu2@xtec.cat\">gfeliu2@xtec.cat<\/a><\/td>\n<\/tr>\n<tr style=\"height: 98px;\">\n<td style=\"width: 129px; height: 98px;\"><strong><u>M\u00fasica<\/u><\/strong><\/p>\n<p>&nbsp;<\/td>\n<td style=\"width: 426px; height: 98px;\">Hola !!<\/p>\n<p><iframe loading=\"lazy\" src=\"\/\/www.youtube.com\/embed\/qFWBCz2Cdt8\" width=\"200\" height=\"112\"><\/iframe><\/p>\n<p>Segur que encara us recordeu del dilluns de Pasqua !!!<br \/>\n<iframe loading=\"lazy\" src=\"\/\/www.youtube.com\/embed\/5GxpNTOG0Tw\" width=\"200\" height=\"112\"><\/iframe><\/p>\n<p>Ja sabeu que aquest dijous ser\u00e0 el dia de Sant Jordi i per aix\u00f2 us proposo cantar aquesta can\u00e7\u00f3 i la podeu representar tamb\u00e9 fent algun del personatges.<br \/>\n<iframe loading=\"lazy\" src=\"\/\/www.youtube.com\/embed\/-4wkoJ_ekBE\" width=\"200\" height=\"112\"><\/iframe><\/p>\n<p>Aqui teniu la llegenda explicada amb una melodia molt dol\u00e7a i una bonica lletra, escolteu-la !!!<\/p>\n<p><iframe loading=\"lazy\" src=\"\/\/www.youtube.com\/embed\/TJzRC9heOtY\" width=\"200\" height=\"112\"><\/iframe><\/p>\n<p>Podeu pintar i retallar els vostres personatges de Sant Jordi ! Penseu que tamb\u00e9 hem de tenir un llibre aprop !!<\/p>\n<p><a href=\"https:\/\/agora.xtec.cat\/ceiptorresjonama\/wp-content\/uploads\/usu279\/2020\/04\/pintar-sant-Jordi.pdf\" target=\"_blank\" rel=\"noopener noreferrer\">pintar sant Jordi<\/a><\/p>\n<p>Ara us proposo fer un instrument musical ! esteu a punt ?<\/p>\n<p>Som-hi, doncs !!<\/p>\n<p><iframe loading=\"lazy\" src=\"\/\/www.youtube.com\/embed\/7M9elTB_GFM\" width=\"200\" height=\"112\"><\/iframe><\/p>\n<p>i ara els podeu recon\u00e8ixer i saber com son i com sonen alguns instruments !!<\/p>\n<p><iframe loading=\"lazy\" src=\"\/\/www.youtube.com\/embed\/_kJ_7hq4ICM\" width=\"200\" height=\"112\"><\/iframe><\/p>\n<p>Aqu\u00ed us deixo aquestes can\u00e7ons, balls i coses per a fer i passar-ho molt b\u00e9 !!<\/p>\n<p><iframe loading=\"lazy\" src=\"\/\/www.youtube.com\/embed\/nO8GqFnS0wQ\" width=\"200\" height=\"112\"><\/iframe><\/p>\n<p>&nbsp;<\/p>\n<p>&nbsp;<\/td>\n<\/tr>\n<tr style=\"height: 33px;\">\n<td style=\"width: 129px; height: 36px;\"><em>Retorn tasques<\/em><\/td>\n<td style=\"width: 426px; height: 36px;\"><a href=\"mailto:jprats25@xtec.cat\">jprats25@xtec.cat<\/a><\/td>\n<\/tr>\n<\/tbody>\n<\/table>\n","protected":false},"excerpt":{"rendered":"<p>Setmana 20-24 abril<br \/>\n&nbsp;<br \/>\n<a href=\"https:\/\/agora.xtec.cat\/ceiptorresjonama\/wp-content\/uploads\/usu279\/2020\/04\/Dll.jpg\"><\/a><\/p>\n<p>Activitats d&#8217;aprenentatge<br \/>\n&nbsp;<\/p>\n<p><a href=\"https:\/\/agora.xtec.cat\/ceiptorresjonama\/wp-content\/uploads\/usu279\/2020\/04\/C\u00c0PSULA-2.pdf\" target=\"_blank\" rel=\"noopener noreferrer\">Clica el barrufet per veure les feinetes!<br \/>\nConte &#8220;El Punto&#8221;<\/a><\/p>\n<p>&nbsp;<br \/>\nConte &#8220;La l\u00ednea&#8221;<\/p>\n<p>FEINETES PER ANAR FENT (no nom\u00e9s per aquesta setmana i adaptada a cada nen\/a):<br \/>\nLLEGIM<br \/>\n<a href=\"https:\/\/agora.xtec.cat\/ceiptorresjonama\/wp-content\/uploads\/usu279\/2020\/04\/llegim.pdf\" target=\"_blank\" rel=\"noopener noreferrer\"><\/a><br \/>\nESCRIVIM<br \/>\n<a href=\"https:\/\/agora.xtec.cat\/ceiptorresjonama\/wp-content\/uploads\/usu279\/2020\/04\/treballem-la-frase.pdf\" target=\"_blank\" rel=\"noopener noreferrer\"><\/a><br \/>\nAquesta setmana us hem preparat la&hellip;  <a href=\"https:\/\/agora.xtec.cat\/ceiptorresjonama\/primaria\/2n\/tasques-p5-20-24-dabril\/\" title=\"Read Tasques P5 20-24 d&#8217;abril\">Llegeix m\u00e9s\u00bb<\/a><\/p>\n","protected":false},"author":4,"featured_media":3824,"comment_status":"closed","ping_status":"closed","sticky":false,"template":"","format":"standard","meta":{"_bbp_topic_count":0,"_bbp_reply_count":0,"_bbp_total_topic_count":0,"_bbp_total_reply_count":0,"_bbp_voice_count":0,"_bbp_anonymous_reply_count":0,"_bbp_topic_count_hidden":0,"_bbp_reply_count_hidden":0,"_bbp_forum_subforum_count":0,"footnotes":""},"categories":[9],"tags":[],"class_list":["post-3799","post","type-post","status-publish","format-standard","has-post-thumbnail","hentry","category-2n"],"post_mailing_queue_ids":[],"_links":{"self":[{"href":"https:\/\/agora.xtec.cat\/ceiptorresjonama\/wp-json\/wp\/v2\/posts\/3799","targetHints":{"allow":["GET"]}}],"collection":[{"href":"https:\/\/agora.xtec.cat\/ceiptorresjonama\/wp-json\/wp\/v2\/posts"}],"about":[{"href":"https:\/\/agora.xtec.cat\/ceiptorresjonama\/wp-json\/wp\/v2\/types\/post"}],"author":[{"embeddable":true,"href":"https:\/\/agora.xtec.cat\/ceiptorresjonama\/wp-json\/wp\/v2\/users\/4"}],"replies":[{"embeddable":true,"href":"https:\/\/agora.xtec.cat\/ceiptorresjonama\/wp-json\/wp\/v2\/comments?post=3799"}],"version-history":[{"count":3,"href":"https:\/\/agora.xtec.cat\/ceiptorresjonama\/wp-json\/wp\/v2\/posts\/3799\/revisions"}],"predecessor-version":[{"id":4047,"href":"https:\/\/agora.xtec.cat\/ceiptorresjonama\/wp-json\/wp\/v2\/posts\/3799\/revisions\/4047"}],"wp:featuredmedia":[{"embeddable":true,"href":"https:\/\/agora.xtec.cat\/ceiptorresjonama\/wp-json\/wp\/v2\/media\/3824"}],"wp:attachment":[{"href":"https:\/\/agora.xtec.cat\/ceiptorresjonama\/wp-json\/wp\/v2\/media?parent=3799"}],"wp:term":[{"taxonomy":"category","embeddable":true,"href":"https:\/\/agora.xtec.cat\/ceiptorresjonama\/wp-json\/wp\/v2\/categories?post=3799"},{"taxonomy":"post_tag","embeddable":true,"href":"https:\/\/agora.xtec.cat\/ceiptorresjonama\/wp-json\/wp\/v2\/tags?post=3799"}],"curies":[{"name":"wp","href":"https:\/\/api.w.org\/{rel}","templated":true}]}}