{"id":3640,"date":"2020-04-19T20:20:08","date_gmt":"2020-04-19T18:20:08","guid":{"rendered":"https:\/\/agora.xtec.cat\/ceiptorresjonama\/?p=3640"},"modified":"2020-04-19T20:31:03","modified_gmt":"2020-04-19T18:31:03","slug":"tasques-2n-20-24-dabril","status":"publish","type":"post","link":"https:\/\/agora.xtec.cat\/ceiptorresjonama\/primaria\/4t\/tasques-2n-20-24-dabril\/","title":{"rendered":"Tasques 2n, 20-24 d&#8217;abril"},"content":{"rendered":"<table style=\"height: 1150px\" width=\"569\">\n<tbody>\n<tr>\n<td style=\"width: 563px\" colspan=\"2\">\n<h1 style=\"text-align: center\"><span style=\"color: #0000ff\"><strong>Setmana 20-24 abril<\/strong><\/span><\/h1>\n<p><a href=\"https:\/\/agora.xtec.cat\/ceiptorresjonama\/wp-content\/uploads\/usu279\/2020\/04\/Dll.jpg\"><img loading=\"lazy\" decoding=\"async\" class=\"aligncenter size-medium wp-image-3120\" src=\"https:\/\/agora.xtec.cat\/ceiptorresjonama\/wp-content\/uploads\/usu279\/2020\/04\/Dll-300x80.jpg\" alt=\"\" width=\"300\" height=\"80\" srcset=\"https:\/\/agora.xtec.cat\/ceiptorresjonama\/wp-content\/uploads\/usu279\/2020\/04\/Dll-300x80.jpg 300w, https:\/\/agora.xtec.cat\/ceiptorresjonama\/wp-content\/uploads\/usu279\/2020\/04\/Dll.jpg 482w\" sizes=\"auto, (max-width: 300px) 100vw, 300px\" \/><\/a><\/td>\n<\/tr>\n<tr>\n<td style=\"width: 89px\"><strong><u>\u00c0mbit ling\u00fc\u00edstic<\/u><\/strong><\/p>\n<p>Catal\u00e0<\/td>\n<td style=\"width: 472px\">(Pdf)\u00a0 \u00a0\u00a0 <a href=\"https:\/\/agora.xtec.cat\/ceiptorresjonama\/wp-content\/uploads\/usu279\/2020\/04\/Conte.-Un-drac-una-rosa.pdf\" target=\"_blank\" rel=\"noopener noreferrer\">Conte: &#8221; Un drac, una rosa,&#8230;&#8221;<\/a><\/p>\n<p>(Pdf)\u00a0 \u00a0\u00a0 <a href=\"https:\/\/agora.xtec.cat\/ceiptorresjonama\/wp-content\/uploads\/usu279\/2020\/04\/QU\u00c8-\u00c9S-UN-CONTE-DESEXPLICAT.pdf\" target=\"_blank\" rel=\"noopener noreferrer\">QU\u00c8 \u00c9S UN CONTE DESEXPLICAT ?<\/a><\/p>\n<p>Us en recordeu?????<\/p>\n<p><iframe loading=\"lazy\" src=\"\/\/www.youtube.com\/embed\/8Iw8GeMIuHg\" width=\"200\" height=\"112\"><\/iframe><\/td>\n<\/tr>\n<tr>\n<td style=\"width: 89px\"><em>Retorn tasques<\/em><\/td>\n<td style=\"width: 472px\"><a href=\"mailto:sroura2@xtec.cat\">sroura2@xtec.cat<\/a> a l&#8217;assumpte del correu poseu-hi <strong>SETMANA 2 CATAL\u00c0 + ( el vostre nom)<\/strong>.<\/td>\n<\/tr>\n<tr>\n<td style=\"width: 89px\"><strong><u>\u00c0mbit ling\u00fc\u00edstic<\/u><\/strong><\/p>\n<p>Castell\u00e0<\/td>\n<td style=\"width: 472px\">(Pdf)\u00a0 \u00a0 <a href=\"https:\/\/agora.xtec.cat\/ceiptorresjonama\/wp-content\/uploads\/usu279\/2020\/04\/vocabulario-utensilios-de-cocina.pdf\" target=\"_blank\" rel=\"noopener noreferrer\">Vocabulario:\u00a0 Utensilios de cocina<\/a><\/p>\n<p>(Pdf)\u00a0 \u00a0 <a href=\"https:\/\/agora.xtec.cat\/ceiptorresjonama\/wp-content\/uploads\/usu279\/2020\/04\/Tarea.-Utensilios-de-cocina.pdf\" target=\"_blank\" rel=\"noopener noreferrer\">Tarea: Utensilios de cocina<\/a><\/td>\n<\/tr>\n<tr>\n<td style=\"text-align: right;width: 89px\"><em>Retorn tasques<\/em><\/td>\n<td style=\"width: 472px\"><a href=\"mailto:sroura2@xtec.cat\">sroura2@xtec.cat<\/a> a l&#8217;assumpte del correu poseu-hi <strong>SETMANA 2 CASTELL\u00c0 + ( el vostre nom)<\/strong>.<\/td>\n<\/tr>\n<tr>\n<td style=\"width: 89px\"><strong><u>\u00c0mbit matem\u00e0tic<\/u><\/strong><\/td>\n<td style=\"width: 472px\">Per entendre una mica aquest quadre us poso l\u2019enlla\u00e7 d\u2019un v\u00eddeo que ho explica molt b\u00e9 per\u00f2 atenci\u00f3 nom\u00e9s l\u2019heu de mirar fins al <strong><u>minut 3 i 10 segons. <\/u><\/strong>La resta del video no cal \u00e9s per nens i nenes m\u00e9s grans i ja tindreu temps d\u2019aprendre-ho el proper curs.<\/p>\n<p><iframe loading=\"lazy\" src=\"\/\/www.youtube.com\/embed\/RZj2JNlJSy0\" width=\"300\" height=\"168\"><\/iframe><\/p>\n<p><a href=\"https:\/\/agora.xtec.cat\/ceiptorresjonama\/wp-content\/uploads\/usu279\/2020\/04\/PRACTIQUEM-AMB-LES-TAULES-QUE-VAM-ESTUDIAR-1.docx\">PRACTIQUEM AMB LES TAULES QUE VAM ESTUDIAR<\/a>\u00a0( word)<\/p>\n<p><a href=\"https:\/\/agora.xtec.cat\/ceiptorresjonama\/wp-content\/uploads\/usu279\/2020\/04\/PRACTIQUEM-AMB-LES-TAULES-QUE-VAM-ESTUDIAR-1.pdf\" target=\"_blank\" rel=\"noopener noreferrer\">PRACTIQUEM AMB LES TAULES QUE VAM ESTUDIAR<\/a>\u00a0( pdf )<\/p>\n<p>Per qui tingui ganes de practicar m\u00e9s multiplicacions a trav\u00e9s d&#8217;un joc, aqui un poso l&#8217;enlla\u00e7 d&#8217;un video que ho explica molt f\u00e0cil. A veure si us animeu a veure&#8217;l!!<\/p>\n<p><iframe loading=\"lazy\" src=\"\/\/www.youtube.com\/embed\/gJdzq0OoQ8Y\" width=\"300\" height=\"168\"><\/iframe><\/td>\n<\/tr>\n<tr>\n<td style=\"text-align: right;width: 89px\"><em>Retorn tasques<\/em><\/td>\n<td style=\"width: 472px\"><a href=\"mailto:jdiaz226@xtec.cat\">jdiaz226@xtec.cat<\/a> a l&#8217;assumpte del correu poseu-hi <strong>SETMANA 2 MATEM\u00c0TIQUES + ( el vostre nom)<\/strong>.<\/td>\n<\/tr>\n<tr>\n<td style=\"width: 89px\"><strong><u>Medi social<br \/>\n<\/u><\/strong><\/td>\n<td style=\"width: 472px\">Coneixem Catalunya!<\/p>\n<p>(Pdf)\u00a0 \u00a0\u00a0 <a href=\"https:\/\/agora.xtec.cat\/ceiptorresjonama\/wp-content\/uploads\/usu279\/2020\/04\/El-relleu.-Paisatges.pdf\" target=\"_blank\" rel=\"noopener noreferrer\">El relleu. Paisatges.<\/a><\/td>\n<\/tr>\n<tr>\n<td style=\"text-align: right;width: 89px\"><em>Retorn tasques<\/em><\/td>\n<td style=\"width: 472px\"><a href=\"mailto:sroura2@xtec.cat\">sroura2@xtec.cat<\/a> a l&#8217;assumpte del correu poseu-hi <strong>SETMANA 2 MEDI SOCIAL + ( el vostre nom)<\/strong>.<\/td>\n<\/tr>\n<tr>\n<td style=\"width: 89px\"><strong><u>\u00c0mbit art\u00edstic <\/u><\/strong><\/p>\n<p>Pl\u00e0stica<\/td>\n<td style=\"width: 472px\">Arriba Sant Jordi i ens hem de quedar a casa! La tasca de pl\u00e0stica nom\u00e9s \u00e9s una proposta. Cadasc\u00fa de vosaltres podeu fer la rosa que us sembli m\u00e9s bonica i amb el material que tingueu a casa.<\/p>\n<p>(Pdf)\u00a0 \u00a0\u00a0<a href=\"https:\/\/agora.xtec.cat\/ceiptorresjonama\/wp-content\/uploads\/usu279\/2020\/04\/TASCA-LA-ROSA-DE-SANT-JORDI.pdf\" target=\"_blank\" rel=\"noopener noreferrer\">TASCA: LA ROSA DE SANT JORDI<\/a><\/p>\n<p>&nbsp;<\/td>\n<\/tr>\n<tr>\n<td style=\"text-align: right;width: 89px\"><em>Retorn tasques<\/em><\/td>\n<td style=\"width: 472px\"><a href=\"mailto:sroura2@xtec.cat\">sroura2@xtec.cat<\/a> a l&#8217;assumpte del correu poseu-hi <strong>SETMANA 2 PL\u00c0STICA + ( el vostre nom)<\/strong>.<\/td>\n<\/tr>\n<tr>\n<td style=\"width: 89px\"><strong><u>Rutines setmanals<\/u><\/strong><\/td>\n<td style=\"width: 472px\">\n<ul>\n<li>Jocs matem\u00e0tics. Aprofiteu i gaudiu amb jocs com els que tenim a l&#8217; aula: D\u00f2mino,Tres en ratlla, UNO, Parx\u00eds, Oca. Quan vulgueu conteu-me, al vostre diari, quin joc escollireu, quins van ser els participants, per qu\u00e8 us agrada &#8230;<\/li>\n<\/ul>\n<\/td>\n<\/tr>\n<tr>\n<td style=\"text-align: right;width: 89px\"><em>Retorn tasques<\/em><\/td>\n<td style=\"width: 472px\">Incloure al diari.<\/td>\n<\/tr>\n<\/tbody>\n<\/table>\n","protected":false},"excerpt":{"rendered":"<p>Setmana 20-24 abril<br \/>\n<a href=\"https:\/\/agora.xtec.cat\/ceiptorresjonama\/wp-content\/uploads\/usu279\/2020\/04\/Dll.jpg\"><\/a><\/p>\n<p>\u00c0mbit ling\u00fc\u00edstic<br \/>\nCatal\u00e0<br \/>\n(Pdf)\u00a0 \u00a0\u00a0 <a href=\"https:\/\/agora.xtec.cat\/ceiptorresjonama\/wp-content\/uploads\/usu279\/2020\/04\/Conte.-Un-drac-una-rosa.pdf\" target=\"_blank\" rel=\"noopener noreferrer\">Conte: &#8221; Un drac, una rosa,&#8230;&#8221;<\/a><br \/>\n(Pdf)\u00a0 \u00a0\u00a0 <a href=\"https:\/\/agora.xtec.cat\/ceiptorresjonama\/wp-content\/uploads\/usu279\/2020\/04\/QU\u00c8-\u00c9S-UN-CONTE-DESEXPLICAT.pdf\" target=\"_blank\" rel=\"noopener noreferrer\">QU\u00c8 \u00c9S UN CONTE DESEXPLICAT ?<\/a><br \/>\nUs en recordeu?????<\/p>\n<p>Retorn tasques<br \/>\n<a href=\"mailto:sroura2@xtec.cat\">sroura2@xtec.cat<\/a> a l&#8217;assumpte del correu poseu-hi SETMANA 2 CATAL\u00c0 + ( el vostre nom).<\/p>\n<p>\u00c0mbit ling\u00fc\u00edstic<br \/>\nCastell\u00e0<br \/>\n(Pdf)\u00a0&hellip;  <a href=\"https:\/\/agora.xtec.cat\/ceiptorresjonama\/primaria\/4t\/tasques-2n-20-24-dabril\/\" title=\"Read Tasques 2n, 20-24 d&#8217;abril\">Llegeix m\u00e9s\u00bb<\/a><\/p>\n","protected":false},"author":4,"featured_media":3120,"comment_status":"closed","ping_status":"closed","sticky":false,"template":"","format":"standard","meta":{"_bbp_topic_count":0,"_bbp_reply_count":0,"_bbp_total_topic_count":0,"_bbp_total_reply_count":0,"_bbp_voice_count":0,"_bbp_anonymous_reply_count":0,"_bbp_topic_count_hidden":0,"_bbp_reply_count_hidden":0,"_bbp_forum_subforum_count":0,"footnotes":""},"categories":[11],"tags":[],"class_list":["post-3640","post","type-post","status-publish","format-standard","has-post-thumbnail","hentry","category-4t"],"post_mailing_queue_ids":[],"_links":{"self":[{"href":"https:\/\/agora.xtec.cat\/ceiptorresjonama\/wp-json\/wp\/v2\/posts\/3640","targetHints":{"allow":["GET"]}}],"collection":[{"href":"https:\/\/agora.xtec.cat\/ceiptorresjonama\/wp-json\/wp\/v2\/posts"}],"about":[{"href":"https:\/\/agora.xtec.cat\/ceiptorresjonama\/wp-json\/wp\/v2\/types\/post"}],"author":[{"embeddable":true,"href":"https:\/\/agora.xtec.cat\/ceiptorresjonama\/wp-json\/wp\/v2\/users\/4"}],"replies":[{"embeddable":true,"href":"https:\/\/agora.xtec.cat\/ceiptorresjonama\/wp-json\/wp\/v2\/comments?post=3640"}],"version-history":[{"count":5,"href":"https:\/\/agora.xtec.cat\/ceiptorresjonama\/wp-json\/wp\/v2\/posts\/3640\/revisions"}],"predecessor-version":[{"id":4055,"href":"https:\/\/agora.xtec.cat\/ceiptorresjonama\/wp-json\/wp\/v2\/posts\/3640\/revisions\/4055"}],"wp:featuredmedia":[{"embeddable":true,"href":"https:\/\/agora.xtec.cat\/ceiptorresjonama\/wp-json\/wp\/v2\/media\/3120"}],"wp:attachment":[{"href":"https:\/\/agora.xtec.cat\/ceiptorresjonama\/wp-json\/wp\/v2\/media?parent=3640"}],"wp:term":[{"taxonomy":"category","embeddable":true,"href":"https:\/\/agora.xtec.cat\/ceiptorresjonama\/wp-json\/wp\/v2\/categories?post=3640"},{"taxonomy":"post_tag","embeddable":true,"href":"https:\/\/agora.xtec.cat\/ceiptorresjonama\/wp-json\/wp\/v2\/tags?post=3640"}],"curies":[{"name":"wp","href":"https:\/\/api.w.org\/{rel}","templated":true}]}}