{"id":3636,"date":"2020-04-19T20:19:17","date_gmt":"2020-04-19T18:19:17","guid":{"rendered":"https:\/\/agora.xtec.cat\/ceiptorresjonama\/?p=3636"},"modified":"2020-04-22T12:08:36","modified_gmt":"2020-04-22T10:08:36","slug":"tasques-1r-20-24-dabril","status":"publish","type":"post","link":"https:\/\/agora.xtec.cat\/ceiptorresjonama\/primaria\/3r\/tasques-1r-20-24-dabril\/","title":{"rendered":"Tasques 1r, 20-24 d&#8217;abril"},"content":{"rendered":"<table style=\"height: 1026px;width: 637px\" width=\"613\">\n<tbody>\n<tr style=\"height: 191px\">\n<td style=\"width: 631.4px;height: 191px\" colspan=\"2\">\n<h1 style=\"text-align: center\"><span style=\"color: #0000ff\"><strong>Setmana 20-24 abril<\/strong><\/span><\/h1>\n<p><a href=\"https:\/\/agora.xtec.cat\/ceiptorresjonama\/wp-content\/uploads\/usu279\/2020\/04\/Dll.jpg\"><img loading=\"lazy\" decoding=\"async\" class=\"aligncenter size-medium wp-image-3120\" src=\"https:\/\/agora.xtec.cat\/ceiptorresjonama\/wp-content\/uploads\/usu279\/2020\/04\/Dll-300x80.jpg\" alt=\"\" width=\"300\" height=\"80\" srcset=\"https:\/\/agora.xtec.cat\/ceiptorresjonama\/wp-content\/uploads\/usu279\/2020\/04\/Dll-300x80.jpg 300w, https:\/\/agora.xtec.cat\/ceiptorresjonama\/wp-content\/uploads\/usu279\/2020\/04\/Dll.jpg 482w\" sizes=\"auto, (max-width: 300px) 100vw, 300px\" \/><\/a><\/td>\n<\/tr>\n<tr style=\"height: 108px\">\n<td style=\"width: 113.3px;height: 108px\"><strong><u>\u00c0mbit ling\u00fc\u00edstic<\/u><\/strong><\/p>\n<p>Catal\u00e0<\/td>\n<td style=\"width: 516.1px;height: 108px\">\n<ul>\n<li><a href=\"https:\/\/agora.xtec.cat\/ceiptorresjonama\/wp-content\/uploads\/usu279\/2020\/04\/Dictat-St.-Jordi..pdf\" target=\"_blank\" rel=\"noopener noreferrer\">Preparem un dictat.<\/a><\/li>\n<li>Escolteu molt atents. Quin personatge de la llegenda penseu que s\u00f3c?<\/li>\n<li><!--[if lt IE 9]><script>document.createElement('audio');<\/script><![endif]-->\n<audio class=\"wp-audio-shortcode\" id=\"audio-3636-1\" preload=\"none\" style=\"width: 100%;\" controls=\"controls\"><source type=\"audio\/mpeg\" src=\"https:\/\/agora.xtec.cat\/ceiptorresjonama\/wp-content\/uploads\/usu279\/2020\/04\/poema-5.mp3?_=1\" \/><a href=\"https:\/\/agora.xtec.cat\/ceiptorresjonama\/wp-content\/uploads\/usu279\/2020\/04\/poema-5.mp3\">https:\/\/agora.xtec.cat\/ceiptorresjonama\/wp-content\/uploads\/usu279\/2020\/04\/poema-5.mp3<\/a><\/audio><\/li>\n<\/ul>\n<p>Com imagineu els dracs? Feu un petit dibuix o escriviu algunes paraules de\u00a0 com l&#8217; imagineu. Despr\u00e9s, llegiu aquest poema. Segur que us sorpreneu.<\/p>\n<ul>\n<li><a href=\"https:\/\/agora.xtec.cat\/ceiptorresjonama\/wp-content\/uploads\/usu279\/2020\/04\/El-Drac.-pdf.pdf\" target=\"_blank\" rel=\"noopener noreferrer\">Poema de Sant Jordi<\/a><\/li>\n<\/ul>\n<p>Ja veieu tots podem ser diferents. Us atreviu a recitar-lo?<\/td>\n<\/tr>\n<tr style=\"height: 43px\">\n<td style=\"width: 113.3px;height: 43px\"><em>Retorn tasques<\/em><\/td>\n<td style=\"width: 516.1px;height: 43px\"><a href=\"mailto:aarenos@xtec.cat\">aarenos<span class=\"\">@xtec.cat<\/span><\/a> a l&#8217;assumpte\u00a0 <strong>SETMANA 2 CATAL\u00c0 + ( el vostre nom)<\/strong>.<\/td>\n<\/tr>\n<tr style=\"height: 108px\">\n<td style=\"width: 113.3px;height: 108px\"><strong><u>\u00c0mbit ling\u00fc\u00edstic<\/u><\/strong><\/p>\n<p>Castell\u00e0<\/td>\n<td style=\"width: 516.1px;height: 108px\">!Buenos d\u00edas! Esta semana vamos a hacer de pasteleros, como los animales del cuento: &#8220;Cinco historias&#8221;. \u00bfRecord\u00e1is?<\/p>\n<p>Primero, empez\u00e1is leyendo las &#8220;Cinco historias&#8221;, luego abr\u00eds la tarea para ampliar vocabulario y ver qu\u00e9 ten\u00e9is que hacer, al final ten\u00e9is un modelo de receta.<\/p>\n<p>(pdf)\u00a0 <a href=\"https:\/\/agora.xtec.cat\/ceiptorresjonama\/wp-content\/uploads\/usu279\/2020\/04\/CINCO-HISTORIAS-.-VOCABULARIO.pdf\">CINCO-HISTORIAS-.-<\/a><a href=\"https:\/\/agora.xtec.cat\/ceiptorresjonama\/wp-content\/uploads\/usu279\/2020\/04\/CINCO-HISTORIAS-.-VOCABULARIO.pdf\" target=\"_blank\" rel=\"noopener noreferrer\">VOCABULARIO<\/a><\/p>\n<p>(pdf)\u00a0 <a href=\"https:\/\/agora.xtec.cat\/ceiptorresjonama\/wp-content\/uploads\/usu279\/2020\/04\/TAREA-DE-LENGUA-CASTELLANA_1.pdf\" target=\"_blank\" rel=\"noopener noreferrer\">TAREA-DE-LENGUA-CASTELLANA_1<\/a><\/p>\n<p>(pdf)\u00a0 <a href=\"https:\/\/agora.xtec.cat\/ceiptorresjonama\/wp-content\/uploads\/usu279\/2020\/04\/RECETA-DE-COCINA_1.pdf\" target=\"_blank\" rel=\"noopener noreferrer\">RECETA-DE-COCINA_1<\/a><\/td>\n<\/tr>\n<tr style=\"height: 43px\">\n<td style=\"width: 113.3px;height: 43px\"><em>Retorn tasques<\/em><\/td>\n<td style=\"width: 516.1px;height: 43px\"><a href=\"mailto:sroura2@xtec.cat\">sroura2@xtec.cat<\/a> a l&#8217;assumpte\u00a0 <strong>SETMANA 2 CASTELL\u00c0 + ( el vostre nom)<\/strong>.<\/td>\n<\/tr>\n<tr style=\"height: 107px\">\n<td style=\"width: 113.3px;height: 75px\"><strong><u>\u00c0mbit matem\u00e0tic<\/u><\/strong><\/td>\n<td style=\"width: 516.1px;height: 75px\">Continuem el repte!<\/p>\n<p style=\"text-align: center\"><a href=\"https:\/\/agora.xtec.cat\/ceiptorresjonama\/wp-content\/uploads\/usu279\/2020\/04\/Repte-geometria..pdf\" target=\"_blank\" rel=\"noopener noreferrer\"><img loading=\"lazy\" decoding=\"async\" class=\"aligncenter wp-image-3540\" src=\"https:\/\/agora.xtec.cat\/ceiptorresjonama\/wp-content\/uploads\/usu279\/2020\/04\/detectiu.jpg\" alt=\"\" width=\"102\" height=\"120\" \/><\/a>Clica la imatge per saber m\u00e9s.<\/p>\n<p>&nbsp;<\/p>\n<p>Aqui trobareu un recurs per a editar operacions b\u00e0siques.<a href=\"https:\/\/www.mclibre.org\/consultar\/primaria\/sumas_y_restas\/sumas_y_restas_1.html\" target=\"_blank\" rel=\"noopener noreferrer\"><img loading=\"lazy\" decoding=\"async\" class=\"aligncenter wp-image-3829\" src=\"https:\/\/agora.xtec.cat\/ceiptorresjonama\/wp-content\/uploads\/usu279\/2020\/04\/images-300x127.jpg\" alt=\"\" width=\"94\" height=\"40\" srcset=\"https:\/\/agora.xtec.cat\/ceiptorresjonama\/wp-content\/uploads\/usu279\/2020\/04\/images-300x127.jpg 300w, https:\/\/agora.xtec.cat\/ceiptorresjonama\/wp-content\/uploads\/usu279\/2020\/04\/images.jpg 345w\" sizes=\"auto, (max-width: 94px) 100vw, 94px\" \/><\/a><\/td>\n<\/tr>\n<tr style=\"height: 43px\">\n<td style=\"width: 113.3px;height: 43px\"><em>Retorn tasques<\/em><\/td>\n<td style=\"width: 516.1px;height: 43px\"><a href=\"mailto:aarenos@xtec.cat\">aarenos<span class=\"\">@xtec.cat<\/span><\/a> a l&#8217;assumpte\u00a0 <strong>SETMANA 2 MATEM\u00c0TIQUES + ( el vostre nom)<\/strong>.<\/td>\n<\/tr>\n<tr style=\"height: 43px\">\n<td style=\"width: 113.3px;height: 43px\"><strong><u>Medi social<br \/>\n<\/u><\/strong><\/td>\n<td style=\"width: 516.1px;height: 43px\">En aquest espai descobrirem el nostre entorn ple de coses fetes pels humans i aix\u00ed\u00a0 \u00e9s com fem una societat!<\/p>\n<p>Ja sabeu que el dia 23 d&#8217;abril \u00e9s el dia de Sant Jordi i tamb\u00e9 el dia del llibre i de la rosa.\u00a0 Aqu\u00ed teniu una can\u00e7\u00f3 que ho explica !!<\/p>\n<p><iframe loading=\"lazy\" src=\"\/\/www.youtube.com\/embed\/-4wkoJ_ekBE\" width=\"200\" height=\"112\"><\/iframe><\/p>\n<p>Aqui us deixo una altra can\u00e7\u00f3 de Sant Jordi molt diferent&#8230; ja que no segueix la llegenda que s&#8217;havia explicat sempre. Hi ha algunes variants.<\/p>\n<p><iframe loading=\"lazy\" src=\"\/\/www.youtube.com\/embed\/Qy3EjdcXJo4\" width=\"200\" height=\"112\"><\/iframe><\/p>\n<p>En aquesta can\u00e7\u00f3 podeu seguir la pulsaci\u00f3 amb les mans i representar els personatges, fixeu-vos que tampoc segueix ben b\u00e9 la llegenda.<\/p>\n<p>Aqu\u00ed hi trobareu els personatges tradicionals de la llegenda i algunes tasques per a fer.<\/p>\n<p><a href=\"https:\/\/agora.xtec.cat\/ceiptorresjonama\/wp-content\/uploads\/usu279\/2020\/04\/laberint-sant-Jordi.pdf\" target=\"_blank\" rel=\"noopener noreferrer\">laberint sant Jordi<\/a> (pdf)<\/p>\n<p><a href=\"https:\/\/agora.xtec.cat\/ceiptorresjonama\/wp-content\/uploads\/usu279\/2020\/04\/Socials-sant-Jordi.docx\">Socials sant Jordi<\/a> (Word)<\/p>\n<p><a href=\"https:\/\/agora.xtec.cat\/ceiptorresjonama\/wp-content\/uploads\/usu279\/2020\/04\/Socials-sant-Jordi.pdf\" target=\"_blank\" rel=\"noopener noreferrer\">Socials sant Jordi\u00a0 \u00a0<\/a> (Pdf)<\/p>\n<p><a href=\"https:\/\/agora.xtec.cat\/ceiptorresjonama\/wp-content\/uploads\/usu279\/2020\/04\/COMPLETEU-LES-FRASES.docx\">COMPLETEU LES FRASES\u00a0 <\/a>(Word)<\/p>\n<p><a href=\"https:\/\/agora.xtec.cat\/ceiptorresjonama\/wp-content\/uploads\/usu279\/2020\/04\/COMPLETEU-LES-FRASES.pdf\" target=\"_blank\" rel=\"noopener noreferrer\">COMPLETEU LES FRASES<\/a> (pdf)<\/p>\n<p>Per acabar podeu fabricar-vos un instrument musical per espantar els vostres dracs !<\/p>\n<p><iframe loading=\"lazy\" src=\"\/\/www.youtube.com\/embed\/DoGL3IfXfXw\" width=\"200\" height=\"112\"><\/iframe><\/td>\n<\/tr>\n<tr style=\"height: 43px\">\n<td style=\"width: 113.3px;height: 43px\"><em>Retorn tasques<\/em><\/td>\n<td style=\"width: 516.1px;height: 43px\"><a href=\"mailto:jprats25@xtec.cat\">jprats25@xtec.cat<\/a> a l&#8217;assumpte\u00a0 <strong>SETMANA 2 MEDI SOCIAL + ( el vostre nom)<\/strong>.<\/td>\n<\/tr>\n<tr style=\"height: 108px\">\n<td style=\"width: 113.3px;height: 108px\"><strong><u>\u00c0mbit art\u00edstic <\/u><\/strong><\/p>\n<p>Pl\u00e0stica<\/td>\n<td style=\"width: 516.1px;height: 108px\">\n<h3><span style=\"color: #ff0000\"><em>#TotsFemSantJordi<\/em><\/span><\/h3>\n<table style=\"height: 169px\" width=\"497\">\n<tbody>\n<tr>\n<td style=\"width: 244.7px\"><iframe loading=\"lazy\" src=\"\/\/www.youtube.com\/embed\/5LEKtpnDB40\" width=\"200\" height=\"112\"><\/iframe><\/td>\n<td style=\"width: 244.7px\"><a href=\"https:\/\/agora.xtec.cat\/ceiptorresjonama\/wp-content\/uploads\/usu279\/2020\/04\/balcons-roses.jpg\"><img loading=\"lazy\" decoding=\"async\" class=\"aligncenter wp-image-3738\" src=\"https:\/\/agora.xtec.cat\/ceiptorresjonama\/wp-content\/uploads\/usu279\/2020\/04\/balcons-roses-300x149.jpg\" alt=\"\" width=\"238\" height=\"118\" srcset=\"https:\/\/agora.xtec.cat\/ceiptorresjonama\/wp-content\/uploads\/usu279\/2020\/04\/balcons-roses-300x150.jpg 300w, https:\/\/agora.xtec.cat\/ceiptorresjonama\/wp-content\/uploads\/usu279\/2020\/04\/balcons-roses.jpg 302w\" sizes=\"auto, (max-width: 238px) 100vw, 238px\" \/><\/a><\/td>\n<\/tr>\n<\/tbody>\n<\/table>\n<p>Ens sumem a la iniciativa tots fem Sant Jordi\u00a0 que fa <a href=\"https:\/\/www.casabatllo.es\/ca\/\" target=\"_blank\" rel=\"noopener noreferrer\">La Casa Batll\u00f3<\/a>, omplim els balcons de Rosses.<\/p>\n<ul>\n<li><a href=\"https:\/\/agora.xtec.cat\/ceiptorresjonama\/wp-content\/uploads\/usu279\/2020\/04\/TotsFemSantJordi..pdf\" target=\"_blank\" rel=\"noopener noreferrer\"><em>#TotsFemSantJordi.<\/em><\/a><\/li>\n<\/ul>\n<p>Podeu fer, amb la vostra fam\u00edlia, un<a href=\"https:\/\/www.casabatllo.es\/ca\/tour-virtual\/\" target=\"_blank\" rel=\"noopener noreferrer\"> tour on-line a la Casa Batll\u00f3<\/a> i con\u00e8ixer la seva historia<\/p>\n<p>&nbsp;<\/td>\n<\/tr>\n<tr style=\"height: 43px\">\n<td style=\"width: 113.3px;height: 43px\"><em>Retorn tasques<\/em><\/td>\n<td style=\"width: 516.1px;height: 43px\"><a href=\"mailto:aarenos@xtec.cat\">aarenos@xtec.cat<\/a> a l&#8217;assumpte <strong>SETMANA 2 PL\u00c0STICA + ( el vostre nom)<\/strong>.<\/td>\n<\/tr>\n<tr style=\"height: 134px\">\n<td style=\"width: 113.3px;height: 134px\"><strong><u>Rutines setmanals<\/u><\/strong><\/td>\n<td style=\"width: 516.1px;height: 134px\">\n<ul>\n<li><a href=\"https:\/\/agora.xtec.cat\/ceiptorresjonama\/wp-content\/uploads\/usu279\/2020\/04\/CI-El-temps.-pdf.pdf\" target=\"_blank\" rel=\"noopener noreferrer\">Registre meteorol\u00f2gic<\/a>. Aquest us serveix d&#8217; exemple per elaborar-lo.<\/li>\n<li>Jocs matem\u00e0tics. Aprofiteu i gaudiu amb jocs com els que tenim a l&#8217; aula. D\u00f2mino, Tres en ratlla, UNO, parx\u00eds, Oca. Quan vulgueu conteu-me, al vostre diari, quin joc escoll\u00edreu, quins van ser els participants, perqu\u00e8 us agrada &#8230;<\/li>\n<\/ul>\n<\/td>\n<\/tr>\n<tr style=\"height: 44px\">\n<td style=\"width: 113.3px;height: 44px\"><em>Retorn tasques<\/em><\/td>\n<td style=\"width: 516.1px;height: 44px\">Incloure al diari.<\/td>\n<\/tr>\n<\/tbody>\n<\/table>\n<div id=\"player\">\n<div id=\"player_uid_651129923_1\" class=\"html5-video-player ytp-exp-marker-tooltip ytp-embed ytp-embed-playlist ytp-title-enable-channel-logo ytp-small-mode paused-mode ytp-expand-pause-overlay\" tabindex=\"-1\" data-version=\"\/s\/player\/f676c671\/player_ias.vflset\/ca_ES\/base.js\" aria-label=\"Reproductor de v\u00eddeo de YouTube\">\n<div class=\"ytp-chrome-top ytp-show-cards-title\" data-layer=\"1\">\n<div class=\"ytp-title\">\n<div class=\"ytp-title-text\">\n<p>&nbsp;<\/p>\n<div class=\"ytp-title-subtext\"><\/div>\n<\/div>\n<\/div>\n<div class=\"ytp-chrome-top-buttons\"><\/div>\n<\/div>\n<\/div>\n<\/div>\n","protected":false},"excerpt":{"rendered":"<p>Setmana 20-24 abril<br \/>\n<a href=\"https:\/\/agora.xtec.cat\/ceiptorresjonama\/wp-content\/uploads\/usu279\/2020\/04\/Dll.jpg\"><\/a><\/p>\n<p>\u00c0mbit ling\u00fc\u00edstic<br \/>\nCatal\u00e0<\/p>\n<ul>\n<li><a href=\"https:\/\/agora.xtec.cat\/ceiptorresjonama\/wp-content\/uploads\/usu279\/2020\/04\/Dictat-St.-Jordi..pdf\" target=\"_blank\" rel=\"noopener noreferrer\">Preparem un dictat.<\/a><\/li>\n<li>Escolteu molt atents. Quin personatge de la llegenda penseu que s\u00f3c?<\/li>\n<li><a href=\"https:\/\/agora.xtec.cat\/ceiptorresjonama\/wp-content\/uploads\/usu279\/2020\/04\/poema-5.mp3\">https:\/\/agora.xtec.cat\/ceiptorresjonama\/wp-content\/uploads\/usu279\/2020\/04\/poema-5.mp3<\/a><\/li>\n<\/ul>\n<p>Com imagineu els dracs? Feu un petit dibuix o escriviu algunes paraules de\u00a0 com l&#8217; imagineu. Despr\u00e9s, llegiu aquest poema. Segur que us sorpreneu.<\/p>\n<ul>\n<li><a&hellip;  <a href=\"https:\/\/agora.xtec.cat\/ceiptorresjonama\/primaria\/3r\/tasques-1r-20-24-dabril\/\" title=\"Read Tasques 1r, 20-24 d&#8217;abril\">Llegeix m\u00e9s\u00bb<\/a><br \/>\n","protected":false},"author":4,"featured_media":3120,"comment_status":"closed","ping_status":"closed","sticky":false,"template":"","format":"standard","meta":{"_bbp_topic_count":0,"_bbp_reply_count":0,"_bbp_total_topic_count":0,"_bbp_total_reply_count":0,"_bbp_voice_count":0,"_bbp_anonymous_reply_count":0,"_bbp_topic_count_hidden":0,"_bbp_reply_count_hidden":0,"_bbp_forum_subforum_count":0,"footnotes":""},"categories":[10],"tags":[],"class_list":["post-3636","post","type-post","status-publish","format-standard","has-post-thumbnail","hentry","category-3r"],"post_mailing_queue_ids":[],"_links":{"self":[{"href":"https:\/\/agora.xtec.cat\/ceiptorresjonama\/wp-json\/wp\/v2\/posts\/3636","targetHints":{"allow":["GET"]}}],"collection":[{"href":"https:\/\/agora.xtec.cat\/ceiptorresjonama\/wp-json\/wp\/v2\/posts"}],"about":[{"href":"https:\/\/agora.xtec.cat\/ceiptorresjonama\/wp-json\/wp\/v2\/types\/post"}],"author":[{"embeddable":true,"href":"https:\/\/agora.xtec.cat\/ceiptorresjonama\/wp-json\/wp\/v2\/users\/4"}],"replies":[{"embeddable":true,"href":"https:\/\/agora.xtec.cat\/ceiptorresjonama\/wp-json\/wp\/v2\/comments?post=3636"}],"version-history":[{"count":4,"href":"https:\/\/agora.xtec.cat\/ceiptorresjonama\/wp-json\/wp\/v2\/posts\/3636\/revisions"}],"predecessor-version":[{"id":4112,"href":"https:\/\/agora.xtec.cat\/ceiptorresjonama\/wp-json\/wp\/v2\/posts\/3636\/revisions\/4112"}],"wp:featuredmedia":[{"embeddable":true,"href":"https:\/\/agora.xtec.cat\/ceiptorresjonama\/wp-json\/wp\/v2\/media\/3120"}],"wp:attachment":[{"href":"https:\/\/agora.xtec.cat\/ceiptorresjonama\/wp-json\/wp\/v2\/media?parent=3636"}],"wp:term":[{"taxonomy":"category","embeddable":true,"href":"https:\/\/agora.xtec.cat\/ceiptorresjonama\/wp-json\/wp\/v2\/categories?post=3636"},{"taxonomy":"post_tag","embeddable":true,"href":"https:\/\/agora.xtec.cat\/ceiptorresjonama\/wp-json\/wp\/v2\/tags?post=3636"}],"curies":[{"name":"wp","href":"https:\/\/api.w.org\/{rel}","templated":true}]}}