{"id":345,"date":"2014-11-21T13:53:10","date_gmt":"2014-11-21T12:53:10","guid":{"rendered":"http:\/\/torresjonama.wordpress.com\/?p=345"},"modified":"2014-11-21T13:53:10","modified_gmt":"2014-11-21T12:53:10","slug":"el-tricentenari-a-lescola","status":"publish","type":"post","link":"https:\/\/agora.xtec.cat\/ceiptorresjonama\/uncategorized\/el-tricentenari-a-lescola\/","title":{"rendered":"EL TRICENTENARI A L&#8217;ESCOLA"},"content":{"rendered":"<p style=\"text-align:justify;\">Aquest any 2014 celebrem el tricentenari dels fets que es van iniciar quan Carles II va morir\u00a0 l&#8217;any 1700 sense descend\u00e8ncia i va comen\u00e7ar la Guerra de Successi\u00f3 on s&#8217;enfrontaven el partidaris de Carles d&#8217;\u00c0ustria i els del borb\u00f3, Felip d&#8217;Anjou. Durant aquests anys hi hagu\u00e9 lluites i guerres constants, per\u00f2 l&#8217;11 de setembre de 1714, despr\u00e9s d&#8217;un any i mig de setge borb\u00f2nic, Barcelona es va rendir, havia perdut la guerra tot i haver resistit molt per defensar les seves llibertats.<\/p>\n<p style=\"text-align:justify;\">Del 10 al 14 de novembre, i dins l&#8217;eix transversal, els nens i nenes de l&#8217;escola han treballat el Tricentenari. Van plasmar el que hav\u00edem apr\u00e8s ens uns murals que hem penjat al passad\u00eds de l&#8217;escola i que us convidem a venir a veure.<\/p>\n<p><a href=\"https:\/\/agora.xtec.cat\/ceiptorresjonama\/wp-content\/uploads\/usu279\/2014\/11\/la-foto-48.jpg\"><img loading=\"lazy\" decoding=\"async\" class=\"alignnone size-medium wp-image-346\" src=\"https:\/\/agora.xtec.cat\/ceiptorresjonama\/wp-content\/uploads\/usu279\/2014\/11\/la-foto-48.jpg?w=300\" alt=\"la foto 48\" width=\"300\" height=\"225\" srcset=\"https:\/\/agora.xtec.cat\/ceiptorresjonama\/wp-content\/uploads\/usu279\/2014\/11\/la-foto-48.jpg 320w, https:\/\/agora.xtec.cat\/ceiptorresjonama\/wp-content\/uploads\/usu279\/2014\/11\/la-foto-48-300x225.jpg 300w, https:\/\/agora.xtec.cat\/ceiptorresjonama\/wp-content\/uploads\/usu279\/2014\/11\/la-foto-48-200x150.jpg 200w\" sizes=\"auto, (max-width: 300px) 100vw, 300px\" \/><\/a><\/p>\n<p style=\"text-align:justify;\">L&#8217;\u00faltim dia a la tarda vam celebrar el festival del tricentenari. Les nenes i nens de 6\u00e8 van representar una obra de teatre i la resta de cursos hi va anar intervenint amb jocs i danses que han perdurat al llarg d&#8217;aquests tres-cents anys. Com a cloenda els nens i nenes de 6\u00e8 i la Coral Refilets de la nostra escola van cantar &#8220;El cant dels ocells&#8221; i l&#8217;himne de Catalunya, &#8220;Els Segadors&#8221;.<\/p>\n<p style=\"text-align:center;\">(Feu clic a la foto per accedir a l&#8217;\u00e0lbum)<\/p>\n<p style=\"text-align:center;\"><a title=\"Tricentenari\" href=\"https:\/\/picasaweb.google.com\/103279565880635005062\/Tricentenari\"><img loading=\"lazy\" decoding=\"async\" class=\"alignnone size-medium wp-image-347\" src=\"https:\/\/agora.xtec.cat\/ceiptorresjonama\/wp-content\/uploads\/usu279\/2014\/11\/la-foto-41.jpg?w=300\" alt=\"la foto 41\" width=\"300\" height=\"225\" srcset=\"https:\/\/agora.xtec.cat\/ceiptorresjonama\/wp-content\/uploads\/usu279\/2014\/11\/la-foto-41.jpg 320w, https:\/\/agora.xtec.cat\/ceiptorresjonama\/wp-content\/uploads\/usu279\/2014\/11\/la-foto-41-300x225.jpg 300w, https:\/\/agora.xtec.cat\/ceiptorresjonama\/wp-content\/uploads\/usu279\/2014\/11\/la-foto-41-200x150.jpg 200w\" sizes=\"auto, (max-width: 300px) 100vw, 300px\" \/><\/a><\/p>\n","protected":false},"excerpt":{"rendered":"<p>Aquest any 2014 celebrem el tricentenari dels fets que es van iniciar quan Carles II va morir\u00a0 l&#8217;any 1700 sense descend\u00e8ncia i va comen\u00e7ar la Guerra de Successi\u00f3 on s&#8217;enfrontaven el partidaris de Carles d&#8217;\u00c0ustria i els del borb\u00f3, Felip d&#8217;Anjou. Durant aquests anys hi&hellip;  <a href=\"https:\/\/agora.xtec.cat\/ceiptorresjonama\/uncategorized\/el-tricentenari-a-lescola\/\" title=\"Read EL TRICENTENARI A L&#8217;ESCOLA\">Llegeix m\u00e9s\u00bb<\/a><\/p>\n","protected":false},"author":1,"featured_media":0,"comment_status":"closed","ping_status":"closed","sticky":false,"template":"","format":"standard","meta":{"_bbp_topic_count":0,"_bbp_reply_count":0,"_bbp_total_topic_count":0,"_bbp_total_reply_count":0,"_bbp_voice_count":0,"_bbp_anonymous_reply_count":0,"_bbp_topic_count_hidden":0,"_bbp_reply_count_hidden":0,"_bbp_forum_subforum_count":0,"footnotes":""},"categories":[60],"tags":[],"class_list":["post-345","post","type-post","status-publish","format-standard","hentry","category-uncategorized"],"post_mailing_queue_ids":[],"_links":{"self":[{"href":"https:\/\/agora.xtec.cat\/ceiptorresjonama\/wp-json\/wp\/v2\/posts\/345","targetHints":{"allow":["GET"]}}],"collection":[{"href":"https:\/\/agora.xtec.cat\/ceiptorresjonama\/wp-json\/wp\/v2\/posts"}],"about":[{"href":"https:\/\/agora.xtec.cat\/ceiptorresjonama\/wp-json\/wp\/v2\/types\/post"}],"author":[{"embeddable":true,"href":"https:\/\/agora.xtec.cat\/ceiptorresjonama\/wp-json\/wp\/v2\/users\/1"}],"replies":[{"embeddable":true,"href":"https:\/\/agora.xtec.cat\/ceiptorresjonama\/wp-json\/wp\/v2\/comments?post=345"}],"version-history":[{"count":0,"href":"https:\/\/agora.xtec.cat\/ceiptorresjonama\/wp-json\/wp\/v2\/posts\/345\/revisions"}],"wp:attachment":[{"href":"https:\/\/agora.xtec.cat\/ceiptorresjonama\/wp-json\/wp\/v2\/media?parent=345"}],"wp:term":[{"taxonomy":"category","embeddable":true,"href":"https:\/\/agora.xtec.cat\/ceiptorresjonama\/wp-json\/wp\/v2\/categories?post=345"},{"taxonomy":"post_tag","embeddable":true,"href":"https:\/\/agora.xtec.cat\/ceiptorresjonama\/wp-json\/wp\/v2\/tags?post=345"}],"curies":[{"name":"wp","href":"https:\/\/api.w.org\/{rel}","templated":true}]}}