{"id":340,"date":"2014-10-31T10:07:31","date_gmt":"2014-10-31T09:07:31","guid":{"rendered":"http:\/\/torresjonama.wordpress.com\/?p=340"},"modified":"2014-10-31T10:07:31","modified_gmt":"2014-10-31T09:07:31","slug":"ja-fa-olor-de-castanyada","status":"publish","type":"post","link":"https:\/\/agora.xtec.cat\/ceiptorresjonama\/uncategorized\/ja-fa-olor-de-castanyada\/","title":{"rendered":"JA FA OLOR DE CASTANYADA!"},"content":{"rendered":"<p>La tardor triga a arribar per\u00f2 com cada any celebrem la castanyada. Entre tots hem preparat la decoraci\u00f3: cistells plens de castanyes i bolets, la castanyera i un bosc amb personatges fets amb moniatos.<\/p>\n<p><a href=\"https:\/\/agora.xtec.cat\/ceiptorresjonama\/wp-content\/uploads\/usu279\/2014\/10\/la-foto-2.jpg\"><img loading=\"lazy\" decoding=\"async\" class=\"size-medium wp-image-342 aligncenter\" src=\"https:\/\/agora.xtec.cat\/ceiptorresjonama\/wp-content\/uploads\/usu279\/2014\/10\/la-foto-2.jpg?w=300\" alt=\"la foto 2\" width=\"300\" height=\"224\" srcset=\"https:\/\/agora.xtec.cat\/ceiptorresjonama\/wp-content\/uploads\/usu279\/2014\/10\/la-foto-2.jpg 640w, https:\/\/agora.xtec.cat\/ceiptorresjonama\/wp-content\/uploads\/usu279\/2014\/10\/la-foto-2-300x224.jpg 300w, https:\/\/agora.xtec.cat\/ceiptorresjonama\/wp-content\/uploads\/usu279\/2014\/10\/la-foto-2-200x150.jpg 200w\" sizes=\"auto, (max-width: 300px) 100vw, 300px\" \/><\/a><\/p>\n<p>Tamb\u00e9 hem fet un rac\u00f3 de Halloween amb les terror\u00edfiques carbasses que han fet les nenes i nens de sis\u00e8.<\/p>\n<p><a href=\"https:\/\/agora.xtec.cat\/ceiptorresjonama\/wp-content\/uploads\/usu279\/2014\/10\/la-foto-7.jpg\"><img loading=\"lazy\" decoding=\"async\" class=\"size-medium wp-image-341 aligncenter\" src=\"https:\/\/agora.xtec.cat\/ceiptorresjonama\/wp-content\/uploads\/usu279\/2014\/10\/la-foto-7.jpg?w=300\" alt=\"la foto 7\" width=\"300\" height=\"224\" srcset=\"https:\/\/agora.xtec.cat\/ceiptorresjonama\/wp-content\/uploads\/usu279\/2014\/10\/la-foto-7.jpg 640w, https:\/\/agora.xtec.cat\/ceiptorresjonama\/wp-content\/uploads\/usu279\/2014\/10\/la-foto-7-300x224.jpg 300w, https:\/\/agora.xtec.cat\/ceiptorresjonama\/wp-content\/uploads\/usu279\/2014\/10\/la-foto-7-200x150.jpg 200w\" sizes=\"auto, (max-width: 300px) 100vw, 300px\" \/><\/a><\/p>\n","protected":false},"excerpt":{"rendered":"<p>La tardor triga a arribar per\u00f2 com cada any celebrem la castanyada. Entre tots hem preparat la decoraci\u00f3: cistells plens de castanyes i bolets, la castanyera i un bosc amb personatges fets amb moniatos.<br \/>\n<a href=\"https:\/\/agora.xtec.cat\/ceiptorresjonama\/wp-content\/uploads\/usu279\/2014\/10\/la-foto-2.jpg\"><\/a><br \/>\nTamb\u00e9 hem fet un rac\u00f3 de Halloween amb les terror\u00edfiques carbasses&hellip;  <a href=\"https:\/\/agora.xtec.cat\/ceiptorresjonama\/uncategorized\/ja-fa-olor-de-castanyada\/\" title=\"Read JA FA OLOR DE CASTANYADA!\">Llegeix m\u00e9s\u00bb<\/a><\/p>\n","protected":false},"author":1,"featured_media":0,"comment_status":"closed","ping_status":"closed","sticky":false,"template":"","format":"standard","meta":{"_bbp_topic_count":0,"_bbp_reply_count":0,"_bbp_total_topic_count":0,"_bbp_total_reply_count":0,"_bbp_voice_count":0,"_bbp_anonymous_reply_count":0,"_bbp_topic_count_hidden":0,"_bbp_reply_count_hidden":0,"_bbp_forum_subforum_count":0,"footnotes":""},"categories":[60],"tags":[],"class_list":["post-340","post","type-post","status-publish","format-standard","hentry","category-uncategorized"],"post_mailing_queue_ids":[],"_links":{"self":[{"href":"https:\/\/agora.xtec.cat\/ceiptorresjonama\/wp-json\/wp\/v2\/posts\/340","targetHints":{"allow":["GET"]}}],"collection":[{"href":"https:\/\/agora.xtec.cat\/ceiptorresjonama\/wp-json\/wp\/v2\/posts"}],"about":[{"href":"https:\/\/agora.xtec.cat\/ceiptorresjonama\/wp-json\/wp\/v2\/types\/post"}],"author":[{"embeddable":true,"href":"https:\/\/agora.xtec.cat\/ceiptorresjonama\/wp-json\/wp\/v2\/users\/1"}],"replies":[{"embeddable":true,"href":"https:\/\/agora.xtec.cat\/ceiptorresjonama\/wp-json\/wp\/v2\/comments?post=340"}],"version-history":[{"count":0,"href":"https:\/\/agora.xtec.cat\/ceiptorresjonama\/wp-json\/wp\/v2\/posts\/340\/revisions"}],"wp:attachment":[{"href":"https:\/\/agora.xtec.cat\/ceiptorresjonama\/wp-json\/wp\/v2\/media?parent=340"}],"wp:term":[{"taxonomy":"category","embeddable":true,"href":"https:\/\/agora.xtec.cat\/ceiptorresjonama\/wp-json\/wp\/v2\/categories?post=340"},{"taxonomy":"post_tag","embeddable":true,"href":"https:\/\/agora.xtec.cat\/ceiptorresjonama\/wp-json\/wp\/v2\/tags?post=340"}],"curies":[{"name":"wp","href":"https:\/\/api.w.org\/{rel}","templated":true}]}}