{"id":3324,"date":"2020-04-14T09:00:23","date_gmt":"2020-04-14T07:00:23","guid":{"rendered":"https:\/\/agora.xtec.cat\/ceiptorresjonama\/?p=3324"},"modified":"2020-04-15T13:34:56","modified_gmt":"2020-04-15T11:34:56","slug":"tasques-1r-14-17-abril","status":"publish","type":"post","link":"https:\/\/agora.xtec.cat\/ceiptorresjonama\/primaria\/3r\/tasques-1r-14-17-abril\/","title":{"rendered":"Tasques 1r 14-17 abril"},"content":{"rendered":"<p>Hola fam\u00edlia de 1r!<\/p>\n<p>Avui comencem l\u2019\u00faltim trimestre m\u00e9s at\u00edpic que hem viscut mai. Cada dilluns us enviarem les activitats que haureu de fer durant la setmana.<\/p>\n<p>Una abra\u00e7ada i bona feina!<\/p>\n<table style=\"height: 2393px;width: 566px\">\n<tbody>\n<tr style=\"height: 98px\">\n<td style=\"height: 31px;width: 882px\" colspan=\"2\">\n<h1 style=\"text-align: center\"><strong><span style=\"color: #cc99ff\">Setmana 14-17 abril<\/span><\/strong><a href=\"https:\/\/agora.xtec.cat\/ceiptorresjonama\/wp-content\/uploads\/usu279\/2020\/04\/Dm.jpg\"><img loading=\"lazy\" decoding=\"async\" class=\"aligncenter size-medium wp-image-3142\" src=\"https:\/\/agora.xtec.cat\/ceiptorresjonama\/wp-content\/uploads\/usu279\/2020\/04\/Dm-300x90.jpg\" alt=\"\" width=\"300\" height=\"90\" srcset=\"https:\/\/agora.xtec.cat\/ceiptorresjonama\/wp-content\/uploads\/usu279\/2020\/04\/Dm-300x90.jpg 300w, https:\/\/agora.xtec.cat\/ceiptorresjonama\/wp-content\/uploads\/usu279\/2020\/04\/Dm.jpg 482w\" sizes=\"auto, (max-width: 300px) 100vw, 300px\" \/><\/a><\/h1>\n<\/td>\n<\/tr>\n<tr style=\"height: 97px\">\n<td style=\"height: 161px;width: 89px\"><strong><u>\u00c0mbit ling\u00fc\u00edstic<\/u><\/strong><\/p>\n<p>Catal\u00e0<\/td>\n<td style=\"height: 161px;width: 791px;text-align: left\">S&#8217;apropa la festivitat de Sant Jordi i nosaltres anem a recordar-la.<\/p>\n<ul>\n<li>Clica sobre la imatge per accedir a la historia i poder llegir-la. Fixe-vos molt, teniu preguntes a respondre.<\/li>\n<li>Escolteu\u00a0 la can\u00e7\u00f3. Us resulta coneguda?<\/li>\n<\/ul>\n<table style=\"height: 206px;width: 588px\" width=\"738\">\n<tbody>\n<tr style=\"height: 177px\">\n<td style=\"width: 241px;height: 177px\">\n<h5><\/h5>\n<h5 style=\"text-align: center\"><strong>Llegenda de Sant Jordi.<\/strong><\/h5>\n<p><a href=\"https:\/\/agora.xtec.cat\/ceiptorresjonama\/wp-content\/uploads\/usu279\/2020\/04\/St.-Jordi.-pdf.pdf\" target=\"_blank\" rel=\"noopener noreferrer\"><img loading=\"lazy\" decoding=\"async\" class=\"aligncenter wp-image-3094\" src=\"https:\/\/agora.xtec.cat\/ceiptorresjonama\/wp-content\/uploads\/usu279\/2020\/04\/26b4fW4tOjsV3n3275X2C5WjW5MOtJcX6UdiJ-HpOhqSQ_5sdZiN2rCUsxiPAfoacqioqVnzjR-5Y7Wt8IDws_BkBNeQFDjc9cMnIfGrHNiPRl8IUypOmIzdy4plxQ-300x206.jpg\" alt=\"\" width=\"175\" height=\"120\" srcset=\"https:\/\/agora.xtec.cat\/ceiptorresjonama\/wp-content\/uploads\/usu279\/2020\/04\/26b4fW4tOjsV3n3275X2C5WjW5MOtJcX6UdiJ-HpOhqSQ_5sdZiN2rCUsxiPAfoacqioqVnzjR-5Y7Wt8IDws_BkBNeQFDjc9cMnIfGrHNiPRl8IUypOmIzdy4plxQ-300x206.jpg 300w, https:\/\/agora.xtec.cat\/ceiptorresjonama\/wp-content\/uploads\/usu279\/2020\/04\/26b4fW4tOjsV3n3275X2C5WjW5MOtJcX6UdiJ-HpOhqSQ_5sdZiN2rCUsxiPAfoacqioqVnzjR-5Y7Wt8IDws_BkBNeQFDjc9cMnIfGrHNiPRl8IUypOmIzdy4plxQ.jpg 512w\" sizes=\"auto, (max-width: 175px) 100vw, 175px\" \/><\/a><\/td>\n<td style=\"width: 339px;text-align: center;height: 177px\">\n<h5><strong>Can\u00e7\u00f3 de Sant Jordi.<\/strong><\/h5>\n<p><iframe loading=\"lazy\" src=\"\/\/www.youtube.com\/embed\/___3Vi2xA6Q\" width=\"200\" height=\"112\"><\/iframe><\/td>\n<\/tr>\n<\/tbody>\n<\/table>\n<ul>\n<li><a href=\"https:\/\/www.youtube.com\/watch?v=___3Vi2xA6Q\" target=\"_blank\" rel=\"noopener noreferrer\">Can\u00e7\u00f3 de Sant Jordi.<\/a><\/li>\n<\/ul>\n<\/td>\n<\/tr>\n<tr style=\"height: 10px\">\n<td style=\"width: 89px;height: 10px;text-align: right\"><em>Retorn tasques<\/em><\/td>\n<td style=\"width: 791px;height: 10px\"><a href=\"mailto:aarenos@xtec.cat\">aarenos<span class=\"\"><span class=\"\"><span class=\"\">@xtec.cat<\/span><\/span><\/span><\/a> a l&#8217;assumpte del correu poseu-hi <strong>SETMANA 1 CATAL\u00c0 + ( el vostre nom)<\/strong>.<\/td>\n<\/tr>\n<tr style=\"height: 97px\">\n<td style=\"height: 97px;width: 89px\"><strong><u>\u00c0mbit ling\u00fc\u00edstic<\/u><\/strong><\/p>\n<p>Angl\u00e8s<\/td>\n<td style=\"height: 97px;width: 791px\">Hello everybody!<\/p>\n<p>&nbsp;<\/p>\n<ul>\n<li>\n<table style=\"height: 155px;width: 569px\" width=\"750\">\n<tbody>\n<tr style=\"height: 169px\">\n<td style=\"width: 273px;height: 169px\">\n<h5 style=\"text-align: center\"><strong>Escolteu la can\u00e7\u00f3.<\/strong><\/h5>\n<p style=\"text-align: center\"><iframe loading=\"lazy\" src=\"\/\/www.youtube.com\/embed\/mXMofxtDPUQ?feature=youtu\" width=\"200\" height=\"112\"><\/iframe><\/p>\n<\/td>\n<td style=\"width: 288px;height: 169px\">\n<h5 style=\"text-align: center\"><strong>Mireu i escolteu la historia.<\/strong><\/h5>\n<p style=\"text-align: center\"><iframe loading=\"lazy\" src=\"\/\/www.youtube.com\/embed\/75NQK-Sm1YY?feature=youtu\" width=\"200\" height=\"112\"><\/iframe><\/p>\n<\/td>\n<\/tr>\n<\/tbody>\n<\/table>\n<\/li>\n<li><a href=\"https:\/\/www.youtube.com\/watch?v=mXMofxtDPUQ&amp;feature=youtu.be\" target=\"_blank\" rel=\"noopener noreferrer\">Escolteu la can\u00e7\u00f3.<\/a><\/li>\n<li><a href=\"https:\/\/www.youtube.com\/watch?v=75NQK-Sm1YY&amp;feature=youtu.be\" target=\"_blank\" rel=\"noopener noreferrer\">Mireu i escolteu la historia.<\/a><\/li>\n<\/ul>\n<p>En aquest primer document ( pdf)\u00a0 podreu veure la <span style=\"color: #0000ff\"><strong>can\u00e7\u00f3<\/strong><\/span> i el <strong><span style=\"color: #0000ff\">v\u00eddeo <\/span><\/strong>nom\u00e9s clicant sobre el t\u00edtol.<\/p>\n<p>Tamb\u00e9 us servir\u00e0 per imprimir o copiar les activitats.<\/p>\n<p><a href=\"https:\/\/agora.xtec.cat\/ceiptorresjonama\/wp-content\/uploads\/usu279\/2020\/04\/Activity-1-1r-i-2n.pdf\" target=\"_blank\" rel=\"noopener noreferrer\">ACTIVITY 1 (pdf)<\/a><\/p>\n<p>Aquest segon document,( word) \u00e9s per si\u00a0 us el voleu descarregar i escriure directament.<\/p>\n<p><a href=\"https:\/\/agora.xtec.cat\/ceiptorresjonama\/wp-content\/uploads\/usu279\/2020\/04\/Activity-1-1r-i-2n-1-1.docx\">ACTIVITY 1 (word)<\/a><\/td>\n<\/tr>\n<tr style=\"height: 23px\">\n<td style=\"width: 89px;height: 23px;text-align: right\"><em>Retorn tasques<\/em><\/td>\n<td style=\"width: 791px;height: 23px\"><a href=\"mailto:csoler32@xtec.cat\">csoler32<span class=\"\"><span class=\"\"><span class=\"\"><span class=\"\"><span class=\"\"><span class=\"\">@xtec.cat<\/span><\/span><\/span><\/span><\/span><\/span><\/a> \u00a0 a l&#8217;assumpte del correu poseu-hi <strong>SETMANA 1 ENGLISH + ( el vostre nom)<\/strong>.<\/td>\n<\/tr>\n<tr style=\"height: 57px\">\n<td style=\"height: 57px;width: 89px\"><strong><u>\u00c0mbit matem\u00e0tic<\/u><\/strong><\/td>\n<td style=\"height: 57px;width: 791px\">Us proposo un repte! Busquem objectes a casa. Anem a indagar!!<\/p>\n<p style=\"text-align: center\"><a href=\"https:\/\/agora.xtec.cat\/ceiptorresjonama\/wp-content\/uploads\/usu279\/2020\/04\/Repte-geometria.-pdf.pdf\" target=\"_blank\" rel=\"noopener noreferrer\"><img loading=\"lazy\" decoding=\"async\" class=\"aligncenter wp-image-3540\" src=\"https:\/\/agora.xtec.cat\/ceiptorresjonama\/wp-content\/uploads\/usu279\/2020\/04\/detectiu.jpg\" alt=\"\" width=\"105\" height=\"123\" \/><\/a> Clica la imatge per saber m\u00e9s.<\/p>\n<\/td>\n<\/tr>\n<tr style=\"height: 30px\">\n<td style=\"width: 89px;height: 30px;text-align: right\"><em>Retorn tasques<\/em><\/td>\n<td style=\"width: 791px;height: 30px\"><a href=\"mailto:aarenos@xtec.cat\">aarenos<span class=\"\">@xtec.cat<\/span><\/a> a l&#8217;assumpte del correu poseu-hi <strong>SETMANA 1 MATEM\u00c0TIQUES + ( el vostre nom)<\/strong>.<\/td>\n<\/tr>\n<tr style=\"height: 57px\">\n<td style=\"height: 57px;width: 89px\"><strong><u>Medi natural<br \/>\n<\/u><\/strong><\/td>\n<td style=\"height: 57px;width: 791px\"><span style=\"color: #000000\">ANIMALS <\/span><\/p>\n<p style=\"text-align: center\"><span style=\"color: #000000\">Clica al t\u00edtol i accedir\u00e0s al reportatge. A continuaci\u00f3 respon les preguntes que trobar\u00e0s <\/span><\/p>\n<p style=\"text-align: center\"><span style=\"color: #000000\">a l&#8217;activitat anomenada ANIMALS.<\/span><a href=\"https:\/\/www.ccma.cat\/tv3\/super3\/kukurota\/els-mostatxuts\/video\/5686090\/\" target=\"_blank\" rel=\"noopener noreferrer\"><br \/>\n<img loading=\"lazy\" decoding=\"async\" class=\"aligncenter wp-image-3233\" src=\"https:\/\/agora.xtec.cat\/ceiptorresjonama\/wp-content\/uploads\/usu279\/2020\/04\/imatge-logo-Kukurota-300x168.jpg\" alt=\"\" width=\"181\" height=\"101\" \/><\/a><a style=\"font-family: inherit;font-size: 1em\" href=\"https:\/\/www.ccma.cat\/tv3\/super3\/kukurota\/els-mostatxuts\/video\/5686090\/\" target=\"_blank\" rel=\"noopener noreferrer\">&#8220;Els mostatxuts&#8221;<\/a><\/p>\n<p><a href=\"https:\/\/agora.xtec.cat\/ceiptorresjonama\/wp-content\/uploads\/usu279\/2020\/04\/ANIMALS.docx\" target=\"_blank\" rel=\"noopener noreferrer\">ANIMALS<\/a>\u00a0 (word)<\/p>\n<p><a href=\"https:\/\/agora.xtec.cat\/ceiptorresjonama\/wp-content\/uploads\/usu279\/2020\/04\/ANIMALS.pdf\" target=\"_blank\" rel=\"noopener noreferrer\">ANIMALS<\/a>\u00a0 (pdf)<\/td>\n<\/tr>\n<tr style=\"height: 33px\">\n<td style=\"width: 89px;text-align: right;height: 33px\"><em>Retorn tasques<\/em><\/td>\n<td style=\"width: 791px;height: 33px\"><a href=\"mailto:mtellez@xtec.cat\">mtellez<span class=\"\"><span class=\"\"><span class=\"\"><span class=\"\"><span class=\"\">@xtec.cat<\/span><\/span><\/span><\/span><\/span><\/a> a l&#8217;assumpte del correu poseu-hi <strong>SETMANA 1 Medi natural + ( el vostre nom)<\/strong>.<\/td>\n<\/tr>\n<tr style=\"height: 57px\">\n<td style=\"height: 57px;width: 89px\"><strong><u>\u00c0mbit art\u00edstic <\/u><\/strong><\/p>\n<p>M\u00fasica<\/td>\n<td style=\"height: 57px;width: 791px\"><a href=\"https:\/\/agora.xtec.cat\/ceiptorresjonama\/wp-content\/uploads\/usu279\/2020\/04\/M\u00fasica.-CI-setmana1.docx\" target=\"_blank\" rel=\"noopener noreferrer\">M\u00fasica. CI setmana1 (word)<\/a><\/p>\n<p><a href=\"https:\/\/agora.xtec.cat\/ceiptorresjonama\/wp-content\/uploads\/usu279\/2020\/04\/M\u00fasica.-CI-setmana1.pdf\" target=\"_blank\" rel=\"noopener noreferrer\">M\u00fasica. CI setmana1(pdf)<\/a><\/td>\n<\/tr>\n<tr style=\"height: 33px\">\n<td style=\"width: 89px;text-align: right;height: 33px\"><em>Retorn tasques<\/em><\/td>\n<td style=\"width: 791px;height: 33px\"><a href=\"mailto:jprats25@xtec.cat\">jprats25@xtec.cat<\/a> a l&#8217;assumpte del correu poseu-hi <strong>SETMANA 1 M\u00daSICA + ( el vostre nom)<\/strong>.<\/td>\n<\/tr>\n<tr style=\"height: 10px\">\n<td style=\"height: 10px;width: 89px\"><strong><u>\u00c0mbit ed. F\u00edsica<\/u><\/strong><\/td>\n<td style=\"height: 10px;width: 791px\">Escollim un dels personatges de la can\u00e7\u00f3 de \u00a0St. Jordi i \u00a0representem les seves<\/p>\n<p>accions mentre sona la can\u00e7\u00f3.<\/p>\n<p>Penseu b\u00e9 qui s\u00f3n, que fan&#8230; endavant!<\/p>\n<ul>\n<li><a href=\"https:\/\/www.youtube.com\/watch?v=___3Vi2xA6Q\" target=\"_blank\" rel=\"noopener noreferrer\">Can\u00e7\u00f3 de Sant Jordi.<\/a><\/li>\n<\/ul>\n<p style=\"text-align: center\"><iframe loading=\"lazy\" src=\"\/\/www.youtube.com\/embed\/___3Vi2xA6Q\" width=\"200\" height=\"112\"><\/iframe><\/p>\n<p style=\"text-align: center\">Clica per accedir a la can\u00e7\u00f3.<\/p>\n<\/td>\n<\/tr>\n<tr style=\"height: 33px\">\n<td style=\"width: 89px;text-align: right;height: 33px\"><em>Retorn tasques<\/em><\/td>\n<td style=\"width: 791px;height: 33px\"><a href=\"mailto:aarenos@xtec.cat\">aarenos<span class=\"\">@xtec.cat<\/span><\/a> a l&#8217;assumpte del correu poseu-hi <strong>SETMANA 1 ED. F\u00cdSICA + ( el vostre nom)<\/strong>.<\/td>\n<\/tr>\n<tr style=\"height: 57px\">\n<td style=\"height: 57px;width: 89px\"><strong><u>Rutines setmanals<\/u><\/strong><\/td>\n<td style=\"height: 57px;width: 791px\">\n<ul>\n<li><a href=\"https:\/\/agora.xtec.cat\/ceiptorresjonama\/wp-content\/uploads\/usu279\/2020\/04\/CI-El-temps.-pdf.pdf\" target=\"_blank\" rel=\"noopener noreferrer\">Registre meteorol\u00f2gic<\/a>. Aquest us serveix d&#8217; exemple per elaborar-lo.<\/li>\n<li>Jocs matem\u00e0tics. Aprofiteu i gaudiu amb jocs com els que tenim a l&#8217; aula. D\u00f2mino, Tres en ratlla, UNO, parx\u00eds, Oca. Quan vulgueu conteu-me, al vostre diari, quin joc escoll\u00edreu, quins van ser els participants, perqu\u00e8 us agrada &#8230;<\/li>\n<\/ul>\n<\/td>\n<\/tr>\n<tr style=\"height: 33px\">\n<td style=\"width: 89px;text-align: right;height: 33px\"><em>Retorn tasques<\/em><\/td>\n<td style=\"width: 791px;height: 33px\">Incloure al diari.<\/td>\n<\/tr>\n<\/tbody>\n<\/table>\n","protected":false},"excerpt":{"rendered":"<p>Hola fam\u00edlia de 1r!<br \/>\nAvui comencem l\u2019\u00faltim trimestre m\u00e9s at\u00edpic que hem viscut mai. Cada dilluns us enviarem les activitats que haureu de fer durant la setmana.<br \/>\nUna abra\u00e7ada i bona feina!<\/p>\n<p>Setmana 14-17 abril<a href=\"https:\/\/agora.xtec.cat\/ceiptorresjonama\/wp-content\/uploads\/usu279\/2020\/04\/Dm.jpg\"><\/a><\/p>\n<p>\u00c0mbit ling\u00fc\u00edstic<br \/>\nCatal\u00e0<br \/>\nS&#8217;apropa la festivitat de Sant Jordi i nosaltres anem a recordar-la.<\/p>\n<ul>\n<li>Clica sobre&hellip;  <a href=\"https:\/\/agora.xtec.cat\/ceiptorresjonama\/primaria\/3r\/tasques-1r-14-17-abril\/\" title=\"Read Tasques 1r 14-17 abril\">Llegeix m\u00e9s\u00bb<\/a><br \/>\n","protected":false},"author":4,"featured_media":3142,"comment_status":"closed","ping_status":"closed","sticky":false,"template":"","format":"standard","meta":{"_bbp_topic_count":0,"_bbp_reply_count":0,"_bbp_total_topic_count":0,"_bbp_total_reply_count":0,"_bbp_voice_count":0,"_bbp_anonymous_reply_count":0,"_bbp_topic_count_hidden":0,"_bbp_reply_count_hidden":0,"_bbp_forum_subforum_count":0,"footnotes":""},"categories":[10],"tags":[],"class_list":["post-3324","post","type-post","status-publish","format-standard","has-post-thumbnail","hentry","category-3r"],"post_mailing_queue_ids":[],"_links":{"self":[{"href":"https:\/\/agora.xtec.cat\/ceiptorresjonama\/wp-json\/wp\/v2\/posts\/3324","targetHints":{"allow":["GET"]}}],"collection":[{"href":"https:\/\/agora.xtec.cat\/ceiptorresjonama\/wp-json\/wp\/v2\/posts"}],"about":[{"href":"https:\/\/agora.xtec.cat\/ceiptorresjonama\/wp-json\/wp\/v2\/types\/post"}],"author":[{"embeddable":true,"href":"https:\/\/agora.xtec.cat\/ceiptorresjonama\/wp-json\/wp\/v2\/users\/4"}],"replies":[{"embeddable":true,"href":"https:\/\/agora.xtec.cat\/ceiptorresjonama\/wp-json\/wp\/v2\/comments?post=3324"}],"version-history":[{"count":4,"href":"https:\/\/agora.xtec.cat\/ceiptorresjonama\/wp-json\/wp\/v2\/posts\/3324\/revisions"}],"predecessor-version":[{"id":3635,"href":"https:\/\/agora.xtec.cat\/ceiptorresjonama\/wp-json\/wp\/v2\/posts\/3324\/revisions\/3635"}],"wp:featuredmedia":[{"embeddable":true,"href":"https:\/\/agora.xtec.cat\/ceiptorresjonama\/wp-json\/wp\/v2\/media\/3142"}],"wp:attachment":[{"href":"https:\/\/agora.xtec.cat\/ceiptorresjonama\/wp-json\/wp\/v2\/media?parent=3324"}],"wp:term":[{"taxonomy":"category","embeddable":true,"href":"https:\/\/agora.xtec.cat\/ceiptorresjonama\/wp-json\/wp\/v2\/categories?post=3324"},{"taxonomy":"post_tag","embeddable":true,"href":"https:\/\/agora.xtec.cat\/ceiptorresjonama\/wp-json\/wp\/v2\/tags?post=3324"}],"curies":[{"name":"wp","href":"https:\/\/api.w.org\/{rel}","templated":true}]}}