{"id":3168,"date":"2020-04-14T09:01:59","date_gmt":"2020-04-14T07:01:59","guid":{"rendered":"https:\/\/agora.xtec.cat\/ceiptorresjonama\/?p=3168"},"modified":"2020-04-14T09:30:19","modified_gmt":"2020-04-14T07:30:19","slug":"tasques-p3-14-17-abril","status":"publish","type":"post","link":"https:\/\/agora.xtec.cat\/ceiptorresjonama\/infantil\/i5\/tasques-p3-14-17-abril\/","title":{"rendered":"Tasques P3 14-17 abril"},"content":{"rendered":"<p>&nbsp;<\/p>\n<table style=\"height: 1031px;width: 532px\" width=\"571\">\n<tbody>\n<tr style=\"height: 261px\">\n<td style=\"width: 526px;height: 261px\" colspan=\"2\">\n<h3 style=\"text-align: center\">Setmana <strong>14-17 abril<br \/>\n<\/strong><\/h3>\n<h1><a href=\"https:\/\/agora.xtec.cat\/ceiptorresjonama\/wp-content\/uploads\/usu279\/2020\/04\/Dm.jpg\"><img loading=\"lazy\" decoding=\"async\" class=\"size-medium wp-image-3142 aligncenter\" src=\"https:\/\/agora.xtec.cat\/ceiptorresjonama\/wp-content\/uploads\/usu279\/2020\/04\/Dm-300x90.jpg\" alt=\"\" width=\"300\" height=\"90\" srcset=\"https:\/\/agora.xtec.cat\/ceiptorresjonama\/wp-content\/uploads\/usu279\/2020\/04\/Dm-300x90.jpg 300w, https:\/\/agora.xtec.cat\/ceiptorresjonama\/wp-content\/uploads\/usu279\/2020\/04\/Dm.jpg 482w\" sizes=\"auto, (max-width: 300px) 100vw, 300px\" \/><\/a><\/h1>\n<\/td>\n<\/tr>\n<tr style=\"height: 98px\">\n<td style=\"width: 129px;height: 98px\"><strong><u>Activitats d&#8217;aprenentatge<\/u><\/strong><\/p>\n<p>&nbsp;<\/td>\n<td style=\"width: 395px;height: 98px\">Aquesta setmana podeu escoltar la can\u00e7\u00f3 de les vocals <a href=\"https:\/\/www.damarisgelabert.com\/video\/les-vocals\/\" target=\"_blank\" rel=\"noopener noreferrer\">https:\/\/www.damarisgelabert.com\/video\/les-vocals\/<\/a><\/p>\n<p>Despr\u00e9s podeu escriure les lletres de la can\u00e7\u00f3. Primer grans com els gegants i despr\u00e9s petites com els nens i nenes. Mireu com ho fa la Mari\u00e0ngels.<\/p>\n<p><iframe loading=\"lazy\" src=\"\/\/www.youtube.com\/embed\/wNhXgSXcRUM\" width=\"200\" height=\"112\"><\/iframe><\/p>\n<p>Tamb\u00e9 us he preparat una activitat de matem\u00e0tiques. Podeu mirar el v\u00eddeo i tot seguit comen\u00e7ar a jugar amb els n\u00fameros.<\/p>\n<p><iframe loading=\"lazy\" src=\"\/\/www.youtube.com\/embed\/Btdi5TDCKLc\" width=\"200\" height=\"112\"><\/iframe><\/p>\n<p>La R\u00ednxols d&#8217;Or<\/p>\n<p>Aquesta setmana us explico un altre conte, despr\u00e9s d&#8217;escoltar-lo podeu fer un dibuix del que m\u00e9s us hagi agradat del conte i enviar-me&#8217;l per whatsapp o per mail. Espero que us agradi.<\/p>\n<p><iframe loading=\"lazy\" src=\"\/\/www.youtube.com\/embed\/rgQtrv7LQgk\" width=\"200\" height=\"112\"><\/iframe><\/td>\n<\/tr>\n<tr style=\"height: 33px\">\n<td style=\"width: 129px;height: 33px\"><em>Retorn tasques<\/em><\/td>\n<td style=\"width: 395px;height: 33px\">Whatsapp\u00a0 \u00a0 o<a href=\"mailto:mbaque@xtec.cat\">\u00a0 \u00a0mbaque@xtec.cat<\/a><\/td>\n<\/tr>\n<tr style=\"height: 98px\">\n<td style=\"width: 129px;height: 70px\"><strong>Psicomotricitat<\/strong><\/td>\n<td style=\"width: 395px;height: 70px\"><iframe loading=\"lazy\" src=\"\/\/www.youtube.com\/embed\/gQ56RoOtTe4\" width=\"200\" height=\"112\"><\/iframe><\/p>\n<p>Podeu descarregar el joc de l&#8217;oca(si no teniu impressora, el podeu dibuixar en un foli) aqu\u00ed: <a href=\"https:\/\/agora.xtec.cat\/ceiptorresjonama\/wp-content\/uploads\/usu279\/2020\/04\/Tauler-joc-oca-P3.pdf\" target=\"_blank\" rel=\"noopener noreferrer\">Tauler joc oca P3<\/a><\/p>\n<p>V\u00eddeo dels alumnes d&#8217;Infantil jugant a casa seva:<\/p>\n<p><iframe loading=\"lazy\" src=\"\/\/www.youtube.com\/embed\/XNbtUpx6X1M\" width=\"200\" height=\"112\"><\/iframe><\/td>\n<\/tr>\n<tr style=\"height: 33px\">\n<td style=\"width: 129px;height: 33px\"><em>Retorn tasques<\/em><\/td>\n<td style=\"width: 395px;height: 33px\"><a href=\"mailto:jullastr@xtec.cat\">jullastr@xtec.cat<\/a><\/td>\n<\/tr>\n<tr style=\"height: 98px\">\n<td style=\"width: 129px;height: 98px\"><strong><u>M\u00fasica<\/u><\/strong><\/p>\n<p>&nbsp;<\/td>\n<td style=\"width: 395px;height: 98px\"><\/td>\n<\/tr>\n<tr style=\"height: 33px\">\n<td style=\"width: 129px;height: 36px\"><em>Retorn tasques<\/em><\/td>\n<td style=\"width: 395px;height: 36px\"><a href=\"mailto:jprats25@xtec.cat\">jprats25@xtec.cat<\/a><\/td>\n<\/tr>\n<\/tbody>\n<\/table>\n","protected":false},"excerpt":{"rendered":"<p>&nbsp;<\/p>\n<p>Setmana 14-17 abril<\/p>\n<p><a href=\"https:\/\/agora.xtec.cat\/ceiptorresjonama\/wp-content\/uploads\/usu279\/2020\/04\/Dm.jpg\"><\/a><\/p>\n<p>Activitats d&#8217;aprenentatge<br \/>\n&nbsp;<br \/>\nAquesta setmana podeu escoltar la can\u00e7\u00f3 de les vocals <a href=\"https:\/\/www.damarisgelabert.com\/video\/les-vocals\/\" target=\"_blank\" rel=\"noopener noreferrer\">https:\/\/www.damarisgelabert.com\/video\/les-vocals\/<\/a><br \/>\nDespr\u00e9s podeu escriure les lletres de la can\u00e7\u00f3. Primer grans com els gegants i despr\u00e9s petites com els nens i nenes. Mireu com ho fa la Mari\u00e0ngels.<\/p>\n<p>Tamb\u00e9 us&hellip;  <a href=\"https:\/\/agora.xtec.cat\/ceiptorresjonama\/infantil\/i5\/tasques-p3-14-17-abril\/\" title=\"Read Tasques P3 14-17 abril\">Llegeix m\u00e9s\u00bb<\/a><\/p>\n","protected":false},"author":4,"featured_media":0,"comment_status":"closed","ping_status":"closed","sticky":false,"template":"","format":"standard","meta":{"_bbp_topic_count":0,"_bbp_reply_count":0,"_bbp_total_topic_count":0,"_bbp_total_reply_count":0,"_bbp_voice_count":0,"_bbp_anonymous_reply_count":0,"_bbp_topic_count_hidden":0,"_bbp_reply_count_hidden":0,"_bbp_forum_subforum_count":0,"footnotes":""},"categories":[3],"tags":[],"class_list":["post-3168","post","type-post","status-publish","format-standard","hentry","category-i5"],"post_mailing_queue_ids":[],"_links":{"self":[{"href":"https:\/\/agora.xtec.cat\/ceiptorresjonama\/wp-json\/wp\/v2\/posts\/3168","targetHints":{"allow":["GET"]}}],"collection":[{"href":"https:\/\/agora.xtec.cat\/ceiptorresjonama\/wp-json\/wp\/v2\/posts"}],"about":[{"href":"https:\/\/agora.xtec.cat\/ceiptorresjonama\/wp-json\/wp\/v2\/types\/post"}],"author":[{"embeddable":true,"href":"https:\/\/agora.xtec.cat\/ceiptorresjonama\/wp-json\/wp\/v2\/users\/4"}],"replies":[{"embeddable":true,"href":"https:\/\/agora.xtec.cat\/ceiptorresjonama\/wp-json\/wp\/v2\/comments?post=3168"}],"version-history":[{"count":3,"href":"https:\/\/agora.xtec.cat\/ceiptorresjonama\/wp-json\/wp\/v2\/posts\/3168\/revisions"}],"predecessor-version":[{"id":3619,"href":"https:\/\/agora.xtec.cat\/ceiptorresjonama\/wp-json\/wp\/v2\/posts\/3168\/revisions\/3619"}],"wp:attachment":[{"href":"https:\/\/agora.xtec.cat\/ceiptorresjonama\/wp-json\/wp\/v2\/media?parent=3168"}],"wp:term":[{"taxonomy":"category","embeddable":true,"href":"https:\/\/agora.xtec.cat\/ceiptorresjonama\/wp-json\/wp\/v2\/categories?post=3168"},{"taxonomy":"post_tag","embeddable":true,"href":"https:\/\/agora.xtec.cat\/ceiptorresjonama\/wp-json\/wp\/v2\/tags?post=3168"}],"curies":[{"name":"wp","href":"https:\/\/api.w.org\/{rel}","templated":true}]}}