{"id":3106,"date":"2020-04-09T17:04:59","date_gmt":"2020-04-09T15:04:59","guid":{"rendered":"https:\/\/agora.xtec.cat\/ceiptorresjonama\/?p=3106"},"modified":"2020-04-17T13:37:44","modified_gmt":"2020-04-17T11:37:44","slug":"tasques-2n-14-17-abril","status":"publish","type":"post","link":"https:\/\/agora.xtec.cat\/ceiptorresjonama\/primaria\/4t\/tasques-2n-14-17-abril\/","title":{"rendered":"Tasques 2n  14-17 abril"},"content":{"rendered":"<p>Hola fam\u00edlia de 2n!<\/p>\n<p>Avui comencem l\u2019\u00faltim trimestre m\u00e9s at\u00edpic que hem viscut mai. Cada dilluns us enviarem<\/p>\n<p>les activitats que haureu de fer durant la setmana.<\/p>\n<p>Una abra\u00e7ada i bona feina!<\/p>\n<table style=\"height: 2268px;width: 649px\">\n<tbody>\n<tr style=\"height: 98px\">\n<td style=\"height: 98px;width: 643px\" colspan=\"2\">\n<h1 style=\"text-align: center\"><strong><span style=\"color: #cc99ff\">Setmana 14-17 abril<\/span><\/strong><a href=\"https:\/\/agora.xtec.cat\/ceiptorresjonama\/wp-content\/uploads\/usu279\/2020\/04\/Dm.jpg\"><img loading=\"lazy\" decoding=\"async\" class=\"aligncenter size-medium wp-image-3142\" src=\"https:\/\/agora.xtec.cat\/ceiptorresjonama\/wp-content\/uploads\/usu279\/2020\/04\/Dm-300x90.jpg\" alt=\"\" width=\"300\" height=\"90\" srcset=\"https:\/\/agora.xtec.cat\/ceiptorresjonama\/wp-content\/uploads\/usu279\/2020\/04\/Dm-300x90.jpg 300w, https:\/\/agora.xtec.cat\/ceiptorresjonama\/wp-content\/uploads\/usu279\/2020\/04\/Dm.jpg 482w\" sizes=\"auto, (max-width: 300px) 100vw, 300px\" \/><\/a><\/h1>\n<\/td>\n<\/tr>\n<tr style=\"height: 99px\">\n<td style=\"height: 99px;width: 105px\"><strong><u>\u00c0mbit ling\u00fc\u00edstic<\/u><\/strong><\/p>\n<p>Catal\u00e0<\/td>\n<td style=\"height: 99px;width: 536px\">La feina de noms comuns i noms propis \u00e9s perqu\u00e8 us fixeu molt b\u00e9 amb les maj\u00fascules!<\/p>\n<ul>\n<li><a href=\"https:\/\/agora.xtec.cat\/ceiptorresjonama\/wp-content\/uploads\/usu279\/2020\/04\/Noms-propis-i-noms-comuns.pdf\" target=\"_blank\" rel=\"noopener noreferrer\">Noms-propis-i-noms-comuns<\/a><\/li>\n<\/ul>\n<p>La invitaci\u00f3 a la festa d&#8217;aniversari podeu decorar-la i fer-hi dibuixos.<\/p>\n<ul>\n<li><a href=\"https:\/\/agora.xtec.cat\/ceiptorresjonama\/wp-content\/uploads\/usu279\/2020\/04\/Invitaci\u00f3-festa-aniversari.pdf\" target=\"_blank\" rel=\"noopener noreferrer\">Invitaci\u00f3-festa-aniversari<\/a><\/li>\n<\/ul>\n<p>La can\u00e7\u00f3 de &#8220;Bon dia vida&#8221; de Gertrudis, que tant us va agradar. Per animar-vos!<\/p>\n<p><iframe loading=\"lazy\" src=\"\/\/www.youtube.com\/embed\/m6AgHyxqyb0?list=RDm6AgHyxqyb0&amp;start_radio=1\" width=\"200\" height=\"112\"><\/iframe><\/td>\n<\/tr>\n<tr style=\"height: 33px\">\n<td style=\"height: 33px;width: 105px\"><em>Retorn tasques<\/em><\/td>\n<td style=\"height: 33px;width: 536px\"><a href=\"mailto:sroura2@xtec.cat\">sroura2<span class=\"\"><span class=\"\">@xtec.cat<\/span><\/span><\/a> a l&#8217;assumpte del correu poseu-hi <strong>SETMANA 1 CATAL\u00c0 + ( el vostre nom)<\/strong>.<\/td>\n<\/tr>\n<tr style=\"height: 97px\">\n<td style=\"height: 97px;width: 105px\"><strong><u>\u00c0mbit ling\u00fc\u00edstic<\/u><\/strong><\/p>\n<p>Angl\u00e8s<\/td>\n<td style=\"height: 97px;width: 536px\"><a href=\"https:\/\/agora.xtec.cat\/ceiptorresjonama\/wp-content\/uploads\/usu279\/2020\/04\/Activity-1-1r-i-2n-4.docx\">ACTIVITY 1 (Word)<\/a><\/p>\n<p><a href=\"https:\/\/agora.xtec.cat\/ceiptorresjonama\/wp-content\/uploads\/usu279\/2020\/04\/Activity-1-1r-i-2n-1.pdf\" target=\"_blank\" rel=\"noopener noreferrer\">ACTIVITY 1 (PDF)<\/a><\/td>\n<\/tr>\n<tr style=\"height: 33px\">\n<td style=\"height: 33px;width: 105px\"><em>Retorn tasques<\/em><\/td>\n<td style=\"height: 33px;width: 536px\"><a href=\"mailto:ebassa@xtec.cat\"><span class=\"gI\"><span data-hovercard-id=\"ebassa@xtec.cat\" data-hovercard-owner-id=\"125\">ebassa<span class=\"\">@xtec.cat<\/span><\/span><\/span><\/a> a l&#8217;assumpte del correu poseu-hi <strong>SETMANA 1 ENGLISH + ( el vostre nom)<\/strong>.<\/td>\n<\/tr>\n<tr style=\"height: 33px\">\n<td style=\"height: 33px;width: 105px\"><strong><u>\u00c0mbit matem\u00e0tic<\/u><\/strong><\/td>\n<td style=\"height: 33px;width: 536px\"><span style=\"color: #000000\">Aquest \u00e9s el video que heu de veure abans de fer la tasca que us proposo. <\/span><\/p>\n<p><span style=\"color: #000000\">Pot ser que l&#8217;enlla\u00e7 que us he posat al document no funcioni, si passa aix\u00f2 aquest \u00e9s el video. <\/span><\/p>\n<p><span style=\"color: #000000\">Nom\u00e9s cal que el cliqueu a sobre i el mireu.<\/span><\/p>\n<p><iframe loading=\"lazy\" src=\"\/\/www.youtube.com\/embed\/eBXEv5Es_ZM\" width=\"200\" height=\"112\"><\/iframe><\/p>\n<p><a style=\"font-family: inherit;font-size: 0.875em;color: #2795b6\" href=\"https:\/\/agora.xtec.cat\/ceiptorresjonama\/wp-content\/uploads\/usu279\/2020\/04\/ELABOREM-UNA-GR\u00c0FICA.pdf\" target=\"_blank\" rel=\"noopener noreferrer\">ELABOREM UNA GR\u00c0FICA!<\/a><span style=\"font-family: inherit;font-size: 0.875em\">( word)<\/span><\/p>\n<p><a href=\"https:\/\/agora.xtec.cat\/ceiptorresjonama\/wp-content\/uploads\/usu279\/2020\/04\/ELABOREM-UNA-GR\u00c0FICA.pdf\" target=\"_blank\" rel=\"noopener noreferrer\">ELABOREM UNA GR\u00c0FICA!<\/a>( pdf )<\/td>\n<\/tr>\n<tr style=\"height: 33px\">\n<td style=\"height: 33px;width: 105px\"><em>Retorn tasques<\/em><\/td>\n<td style=\"height: 33px;width: 536px\"><a href=\"mailto:jdiaz226@xtec.cat\" target=\"_blank\" rel=\"noopener noreferrer\"><span class=\"gI\"><span data-hovercard-id=\"jdiaz226@xtec.cat\" data-hovercard-owner-id=\"125\">jdiaz226<span class=\"\">@xtec.cat<\/span><\/span><\/span><\/a> a l&#8217;assumpte del correu poseu-hi <strong>SETMANA 1 MATEM\u00c0TIQUES + ( el vostre nom)<\/strong>.<\/td>\n<\/tr>\n<tr style=\"height: 33px\">\n<td style=\"height: 33px;width: 105px\"><strong><u>Medi natural<\/u><\/strong><\/td>\n<td style=\"height: 33px;width: 536px\"><strong><span style=\"color: #000000\">AIGUA\u00a0<\/span><\/strong><\/p>\n<p>Us proposo realitzar dos experiments amb aigua . Per fer el primer us enlla\u00e7o un v\u00eddeo de<\/p>\n<p>com fer un vaixell de paper. Espero que us agradi !<\/p>\n<p><iframe loading=\"lazy\" src=\"\/\/www.youtube.com\/embed\/qoijMzRclEw\" width=\"200\" height=\"113\"><\/iframe><\/p>\n<p><a href=\"https:\/\/agora.xtec.cat\/ceiptorresjonama\/wp-content\/uploads\/usu279\/2020\/04\/EXPERIMENT-AIGUA-PDF.pdf\" target=\"_blank\" rel=\"noopener noreferrer\">EXPERIMENT AIGUA pdf<\/a><\/p>\n<p><a href=\"https:\/\/agora.xtec.cat\/ceiptorresjonama\/wp-content\/uploads\/usu279\/2020\/04\/EXPERIMENT-AIGUA-word.docx\">EXPERIMENT AIGUA word<\/a><\/td>\n<\/tr>\n<tr style=\"height: 33px\">\n<td style=\"height: 33px;width: 105px\"><em>Retorn tasques<\/em><\/td>\n<td style=\"height: 33px;width: 536px\"><a href=\"mailto:mtellez@xtec.cat\">mtellez<span class=\"\">@xtec.cat<\/span><\/a>a l&#8217;assumpte del correu poseu-hi <strong>SETMANA 1 MEDI NATURAL + ( el vostre nom)<\/strong>.<\/td>\n<\/tr>\n<tr style=\"height: 48px\">\n<td style=\"height: 48px;width: 105px\"><strong><u>\u00c0mbit art\u00edstic.<\/u><\/strong><\/p>\n<p>M\u00fasica<\/td>\n<td style=\"height: 48px;width: 536px\"><a href=\"https:\/\/agora.xtec.cat\/ceiptorresjonama\/wp-content\/uploads\/usu279\/2020\/04\/M\u00fasica.-CI-setmana1pdf.pdf\" target=\"_blank\" rel=\"noopener noreferrer\">M\u00fasica. CI setmana1(pdf)<\/a><\/p>\n<p><a href=\"https:\/\/agora.xtec.cat\/ceiptorresjonama\/wp-content\/uploads\/usu279\/2020\/04\/M\u00fasica.-CI-setmana1word.docx\">M\u00fasica. CI setmana1(word)<\/a><\/td>\n<\/tr>\n<tr style=\"height: 33px\">\n<td style=\"height: 33px;width: 105px\"><em>Retorn tasques<\/em><\/td>\n<td style=\"height: 33px;width: 536px\"><a href=\"mailto:jprats25@xtec.cat\">jprats25<span class=\"\">@xtec.cat<\/span><\/a> a l&#8217;assumpte del correu poseu-hi <strong>SETMANA 1 M\u00daSICA + ( el vostre nom)<\/strong>.<\/td>\n<\/tr>\n<tr style=\"height: 196px\">\n<td style=\"height: 196px;width: 105px\"><strong><u>\u00c0mbit Ed. F\u00edsica<\/u><\/strong><\/td>\n<td style=\"height: 196px;width: 536px\">\n<ul style=\"list-style-type: disc\">\n<li>Escolteu la can\u00e7\u00f3 de Sant Jordi.<\/li>\n<li>Apareixen diferents personatges. Escolliu el que m\u00e9s us agradi i representeu les seves accions a la can\u00e7\u00f3. Podeu fer-ne m\u00e9s d&#8217;un.<\/li>\n<\/ul>\n<p style=\"text-align: center\"><iframe loading=\"lazy\" src=\"\/\/www.youtube.com\/embed\/___3Vi2xA6Q\" width=\"200\" height=\"112\"><\/iframe><\/p>\n<p style=\"text-align: center\">Clica per accedir a la can\u00e7\u00f3.<\/p>\n<\/td>\n<\/tr>\n<tr style=\"height: 33px\">\n<td style=\"height: 33px;width: 105px\"><em>Retorn tasques<\/em><\/td>\n<td style=\"height: 33px;width: 536px\"><a href=\"mailto:aarenos@xtec.cat\">aarenos<span class=\"\"><span class=\"\">@xtec.cat<\/span><\/span><\/a> a l&#8217;assumpte del correu poseu-hi <strong>SETMANA 1 ED.F\u00cdSICA + ( el vostre nom)<\/strong>.<\/td>\n<\/tr>\n<tr style=\"height: 102px\">\n<td style=\"height: 102px;width: 105px\"><strong><u>Rutines setmanals<\/u><\/strong><\/td>\n<td style=\"height: 102px;width: 536px\"><strong>Jocs matem\u00e0tics.<\/strong> Aprofiteu i gaudiu amb jocs com els que tenim a l&#8217; aula. D\u00f2mino, Tres en ratlla, UNO, parx\u00eds, Oca.<\/p>\n<p>Quan vulgueu conteu-me, al vostre diari, quin joc escoll\u00edreu, quins van ser els<\/p>\n<p>participants, perqu\u00e8 us agrada &#8230;<\/td>\n<\/tr>\n<tr style=\"height: 33px\">\n<td style=\"height: 33px;width: 105px\"><em>Retorn tasques<\/em><\/td>\n<td style=\"height: 33px;width: 536px\">Incloure al diari.<\/td>\n<\/tr>\n<\/tbody>\n<\/table>\n","protected":false},"excerpt":{"rendered":"<p>Hola fam\u00edlia de 2n!<br \/>\nAvui comencem l\u2019\u00faltim trimestre m\u00e9s at\u00edpic que hem viscut mai. Cada dilluns us enviarem<br \/>\nles activitats que haureu de fer durant la setmana.<br \/>\nUna abra\u00e7ada i bona feina!<\/p>\n<p>Setmana 14-17 abril<a href=\"https:\/\/agora.xtec.cat\/ceiptorresjonama\/wp-content\/uploads\/usu279\/2020\/04\/Dm.jpg\"><\/a><\/p>\n<p>\u00c0mbit ling\u00fc\u00edstic<br \/>\nCatal\u00e0<br \/>\nLa feina de noms comuns i noms propis \u00e9s perqu\u00e8 us fixeu molt&hellip;  <a href=\"https:\/\/agora.xtec.cat\/ceiptorresjonama\/primaria\/4t\/tasques-2n-14-17-abril\/\" title=\"Read Tasques 2n  14-17 abril\">Llegeix m\u00e9s\u00bb<\/a><\/p>\n","protected":false},"author":4,"featured_media":3142,"comment_status":"closed","ping_status":"closed","sticky":false,"template":"","format":"standard","meta":{"_bbp_topic_count":0,"_bbp_reply_count":0,"_bbp_total_topic_count":0,"_bbp_total_reply_count":0,"_bbp_voice_count":0,"_bbp_anonymous_reply_count":0,"_bbp_topic_count_hidden":0,"_bbp_reply_count_hidden":0,"_bbp_forum_subforum_count":0,"footnotes":""},"categories":[11],"tags":[],"class_list":["post-3106","post","type-post","status-publish","format-standard","has-post-thumbnail","hentry","category-4t"],"post_mailing_queue_ids":[],"_links":{"self":[{"href":"https:\/\/agora.xtec.cat\/ceiptorresjonama\/wp-json\/wp\/v2\/posts\/3106","targetHints":{"allow":["GET"]}}],"collection":[{"href":"https:\/\/agora.xtec.cat\/ceiptorresjonama\/wp-json\/wp\/v2\/posts"}],"about":[{"href":"https:\/\/agora.xtec.cat\/ceiptorresjonama\/wp-json\/wp\/v2\/types\/post"}],"author":[{"embeddable":true,"href":"https:\/\/agora.xtec.cat\/ceiptorresjonama\/wp-json\/wp\/v2\/users\/4"}],"replies":[{"embeddable":true,"href":"https:\/\/agora.xtec.cat\/ceiptorresjonama\/wp-json\/wp\/v2\/comments?post=3106"}],"version-history":[{"count":3,"href":"https:\/\/agora.xtec.cat\/ceiptorresjonama\/wp-json\/wp\/v2\/posts\/3106\/revisions"}],"predecessor-version":[{"id":3772,"href":"https:\/\/agora.xtec.cat\/ceiptorresjonama\/wp-json\/wp\/v2\/posts\/3106\/revisions\/3772"}],"wp:featuredmedia":[{"embeddable":true,"href":"https:\/\/agora.xtec.cat\/ceiptorresjonama\/wp-json\/wp\/v2\/media\/3142"}],"wp:attachment":[{"href":"https:\/\/agora.xtec.cat\/ceiptorresjonama\/wp-json\/wp\/v2\/media?parent=3106"}],"wp:term":[{"taxonomy":"category","embeddable":true,"href":"https:\/\/agora.xtec.cat\/ceiptorresjonama\/wp-json\/wp\/v2\/categories?post=3106"},{"taxonomy":"post_tag","embeddable":true,"href":"https:\/\/agora.xtec.cat\/ceiptorresjonama\/wp-json\/wp\/v2\/tags?post=3106"}],"curies":[{"name":"wp","href":"https:\/\/api.w.org\/{rel}","templated":true}]}}