{"id":3012,"date":"2020-04-03T19:23:25","date_gmt":"2020-04-03T17:23:25","guid":{"rendered":"https:\/\/agora.xtec.cat\/ceiptorresjonama\/?p=3012"},"modified":"2020-04-03T19:23:25","modified_gmt":"2020-04-03T17:23:25","slug":"cantem-i-ballem-la-cantata-de-3r","status":"publish","type":"post","link":"https:\/\/agora.xtec.cat\/ceiptorresjonama\/primaria\/5e\/cantem-i-ballem-la-cantata-de-3r\/","title":{"rendered":"Cantem i ballem la cantata de 3r"},"content":{"rendered":"<p>Hola !!<\/p>\n<p>Us vull enviar una abra\u00e7ada ben forta per ajudar a que passi aquesta situaci\u00f3 tan complicada i gens agradable.<\/p>\n<p>Ja sabeu que no podrem fer la cantata\u00a0 &#8220;El dof\u00ed i la lluna&#8221; el dia que estava prevista, per\u00f2 no l&#8217;oblidem perque procurarem fer-la !\u00a0 Si ens \u00e9s possible&#8230;, ja us ho direm !! de moment unes can\u00e7ons de la cantata.<\/p>\n<p><iframe loading=\"lazy\" title=\"El dof\u00ed i la lluna\" width=\"500\" height=\"375\" src=\"https:\/\/www.youtube.com\/embed\/b_M3YgEKkGc?feature=oembed\" frameborder=\"0\" allow=\"accelerometer; autoplay; clipboard-write; encrypted-media; gyroscope; picture-in-picture; web-share\" referrerpolicy=\"strict-origin-when-cross-origin\" allowfullscreen><\/iframe><\/p>\n<p><iframe loading=\"lazy\" title=\"El taur\u00f3\" width=\"500\" height=\"375\" src=\"https:\/\/www.youtube.com\/embed\/Qun61ER_NlU?feature=oembed\" frameborder=\"0\" allow=\"accelerometer; autoplay; clipboard-write; encrypted-media; gyroscope; picture-in-picture; web-share\" referrerpolicy=\"strict-origin-when-cross-origin\" allowfullscreen><\/iframe><\/p>\n<p><iframe loading=\"lazy\" title=\"S\u00f3c un pop\" width=\"500\" height=\"375\" src=\"https:\/\/www.youtube.com\/embed\/m2-oisFbch0?feature=oembed\" frameborder=\"0\" allow=\"accelerometer; autoplay; clipboard-write; encrypted-media; gyroscope; picture-in-picture; web-share\" referrerpolicy=\"strict-origin-when-cross-origin\" allowfullscreen><\/iframe><\/p>\n<p><iframe loading=\"lazy\" title=\"La crida de les estrelles\" width=\"500\" height=\"375\" src=\"https:\/\/www.youtube.com\/embed\/M4vfujbjyt4?feature=oembed\" frameborder=\"0\" allow=\"accelerometer; autoplay; clipboard-write; encrypted-media; gyroscope; picture-in-picture; web-share\" referrerpolicy=\"strict-origin-when-cross-origin\" allowfullscreen><\/iframe><\/p>\n<p>I ara que ja heu cantat les podeu practicar quan us vingui de gust ! pareu atenci\u00f3 al ritme i a l&#8217;afinaci\u00f3 !!<br \/>\nAqui teniu la hist\u00f2ria i uns fragments de les can\u00e7ons. \u00e9s una cantata a la vostra mida i molt bonica !!!<\/p>\n<p><iframe loading=\"lazy\" title=\"El dof\u00ed i la lluna (Narraci\u00f3)\" width=\"500\" height=\"375\" src=\"https:\/\/www.youtube.com\/embed\/UFZrB63S2iU?feature=oembed\" frameborder=\"0\" allow=\"accelerometer; autoplay; clipboard-write; encrypted-media; gyroscope; picture-in-picture; web-share\" referrerpolicy=\"strict-origin-when-cross-origin\" allowfullscreen><\/iframe><\/p>\n<p>Ja per acomiadar-me, fins passada la setmana Santa aqui teniu una can\u00e7\u00f3 que ja v\u00e0reu cantar i que us agradava molt ! tamb\u00e9 podeu fer el ball !! la &#8220;Pluja de sons &#8220;&#8221; <\/p>\n<p><iframe loading=\"lazy\" title=\"Pluja de Sons amb lletra Videoclip Oficial (PeTaCa)\" width=\"500\" height=\"281\" src=\"https:\/\/www.youtube.com\/embed\/gp95IEUIFSE?feature=oembed\" frameborder=\"0\" allow=\"accelerometer; autoplay; clipboard-write; encrypted-media; gyroscope; picture-in-picture; web-share\" referrerpolicy=\"strict-origin-when-cross-origin\" allowfullscreen><\/iframe><\/p>\n<p><iframe loading=\"lazy\" title=\"Tutorial Flash Mob Pluja de Sons\" width=\"500\" height=\"281\" src=\"https:\/\/www.youtube.com\/embed\/y6--ZqndwyU?feature=oembed\" frameborder=\"0\" allow=\"accelerometer; autoplay; clipboard-write; encrypted-media; gyroscope; picture-in-picture; web-share\" referrerpolicy=\"strict-origin-when-cross-origin\" allowfullscreen><\/iframe><\/p>\n<p>Si em voleu explicar alguna cosa del que us est\u00e0 passant o senzillament saludar-nos, aqui teniu el meu correu electr\u00f2nic : jprats25@xtec.cat<br \/>\nQue us vagi tot el millor possible !! Fins aviat ! penseu que ens retrobem el dia 14 d&#8217;abril passada la setmana de festa !!<\/p>\n<p>Josep<\/p>\n","protected":false},"excerpt":{"rendered":"<p>Hola !!<br \/>\nUs vull enviar una abra\u00e7ada ben forta per ajudar a que passi aquesta situaci\u00f3 tan complicada i gens agradable.<br \/>\nJa sabeu que no podrem fer la cantata\u00a0 &#8220;El dof\u00ed i la lluna&#8221; el dia que estava prevista, per\u00f2 no l&#8217;oblidem perque procurarem fer-la !\u00a0 Si&hellip;  <a href=\"https:\/\/agora.xtec.cat\/ceiptorresjonama\/primaria\/5e\/cantem-i-ballem-la-cantata-de-3r\/\" title=\"Read Cantem i ballem la cantata de 3r\">Llegeix m\u00e9s\u00bb<\/a><\/p>\n","protected":false},"author":4,"featured_media":3017,"comment_status":"closed","ping_status":"closed","sticky":false,"template":"","format":"standard","meta":{"_bbp_topic_count":0,"_bbp_reply_count":0,"_bbp_total_topic_count":0,"_bbp_total_reply_count":0,"_bbp_voice_count":0,"_bbp_anonymous_reply_count":0,"_bbp_topic_count_hidden":0,"_bbp_reply_count_hidden":0,"_bbp_forum_subforum_count":0,"footnotes":""},"categories":[12],"tags":[],"class_list":["post-3012","post","type-post","status-publish","format-standard","has-post-thumbnail","hentry","category-5e"],"post_mailing_queue_ids":[],"_links":{"self":[{"href":"https:\/\/agora.xtec.cat\/ceiptorresjonama\/wp-json\/wp\/v2\/posts\/3012","targetHints":{"allow":["GET"]}}],"collection":[{"href":"https:\/\/agora.xtec.cat\/ceiptorresjonama\/wp-json\/wp\/v2\/posts"}],"about":[{"href":"https:\/\/agora.xtec.cat\/ceiptorresjonama\/wp-json\/wp\/v2\/types\/post"}],"author":[{"embeddable":true,"href":"https:\/\/agora.xtec.cat\/ceiptorresjonama\/wp-json\/wp\/v2\/users\/4"}],"replies":[{"embeddable":true,"href":"https:\/\/agora.xtec.cat\/ceiptorresjonama\/wp-json\/wp\/v2\/comments?post=3012"}],"version-history":[{"count":4,"href":"https:\/\/agora.xtec.cat\/ceiptorresjonama\/wp-json\/wp\/v2\/posts\/3012\/revisions"}],"predecessor-version":[{"id":3018,"href":"https:\/\/agora.xtec.cat\/ceiptorresjonama\/wp-json\/wp\/v2\/posts\/3012\/revisions\/3018"}],"wp:featuredmedia":[{"embeddable":true,"href":"https:\/\/agora.xtec.cat\/ceiptorresjonama\/wp-json\/wp\/v2\/media\/3017"}],"wp:attachment":[{"href":"https:\/\/agora.xtec.cat\/ceiptorresjonama\/wp-json\/wp\/v2\/media?parent=3012"}],"wp:term":[{"taxonomy":"category","embeddable":true,"href":"https:\/\/agora.xtec.cat\/ceiptorresjonama\/wp-json\/wp\/v2\/categories?post=3012"},{"taxonomy":"post_tag","embeddable":true,"href":"https:\/\/agora.xtec.cat\/ceiptorresjonama\/wp-json\/wp\/v2\/tags?post=3012"}],"curies":[{"name":"wp","href":"https:\/\/api.w.org\/{rel}","templated":true}]}}