{"id":2939,"date":"2020-04-03T09:28:07","date_gmt":"2020-04-03T07:28:07","guid":{"rendered":"https:\/\/agora.xtec.cat\/ceiptorresjonama\/?p=2939"},"modified":"2020-04-03T09:49:32","modified_gmt":"2020-04-03T07:49:32","slug":"als-nens-i-nenes-que-es-fan-grans","status":"publish","type":"post","link":"https:\/\/agora.xtec.cat\/ceiptorresjonama\/infantil\/i5\/als-nens-i-nenes-que-es-fan-grans\/","title":{"rendered":"Als nens i nenes que es fan grans !!"},"content":{"rendered":"<p>Hola eixerits !! us vull enviar un hola musical !!<\/p>\n<p><a href=\"https:\/\/agora.xtec.cat\/ceiptorresjonama\/wp-content\/uploads\/usu279\/2020\/04\/20200402_194725-e1585897984512.jpg\"><img loading=\"lazy\" decoding=\"async\" class=\"aligncenter size-medium wp-image-2944\" src=\"https:\/\/agora.xtec.cat\/ceiptorresjonama\/wp-content\/uploads\/usu279\/2020\/04\/20200402_194725-e1585897984512-225x300.jpg\" alt=\"\" width=\"225\" height=\"300\" srcset=\"https:\/\/agora.xtec.cat\/ceiptorresjonama\/wp-content\/uploads\/usu279\/2020\/04\/20200402_194725-e1585897984512-225x300.jpg 225w, https:\/\/agora.xtec.cat\/ceiptorresjonama\/wp-content\/uploads\/usu279\/2020\/04\/20200402_194725-e1585897984512-768x1024.jpg 768w, https:\/\/agora.xtec.cat\/ceiptorresjonama\/wp-content\/uploads\/usu279\/2020\/04\/20200402_194725-e1585897984512.jpg 1920w\" sizes=\"auto, (max-width: 225px) 100vw, 225px\" \/><\/a><\/p>\n<p>Ja sabeu que mentre tot estem tancats a casa ens ha arribat la primavera !! El dia s&#8217;allarga i les flors comencen a sortir !! ens posaran molts colors al nostre entorn per quan poguem sortir un altre cop !!<\/p>\n<p><iframe loading=\"lazy\" title=\"LA PRIMAVERA \u00c9S AQU\u00cd - Can\u00e7ons Infantils en Catala\" width=\"500\" height=\"281\" src=\"https:\/\/www.youtube.com\/embed\/ev9y62GLJYA?feature=oembed\" frameborder=\"0\" allow=\"accelerometer; autoplay; clipboard-write; encrypted-media; gyroscope; picture-in-picture; web-share\" referrerpolicy=\"strict-origin-when-cross-origin\" allowfullscreen><\/iframe><\/p>\n<p><iframe loading=\"lazy\" title=\"El Pot Petit - El Jard\u00ed (videoclip oficial)\" width=\"500\" height=\"281\" src=\"https:\/\/www.youtube.com\/embed\/di8VXleCyrE?feature=oembed\" frameborder=\"0\" allow=\"accelerometer; autoplay; clipboard-write; encrypted-media; gyroscope; picture-in-picture; web-share\" referrerpolicy=\"strict-origin-when-cross-origin\" allowfullscreen><\/iframe><\/p>\n<p>i tamb\u00e9 per jugar amb les vocals aqui teniu aquesta can\u00e7\u00f3 !!<\/p>\n<p><iframe loading=\"lazy\" title=\"El can\u00e7oner del Mic: Una mosca volava per la llum\" width=\"500\" height=\"281\" src=\"https:\/\/www.youtube.com\/embed\/Q7ghJYU8ZOQ?feature=oembed\" frameborder=\"0\" allow=\"accelerometer; autoplay; clipboard-write; encrypted-media; gyroscope; picture-in-picture; web-share\" referrerpolicy=\"strict-origin-when-cross-origin\" allowfullscreen><\/iframe><\/p>\n<p>Ja per acabar avui un parell de can\u00e7ons que vam cantar a P3 i P4 la genata Marcelina i P5 &#8220;el c\u00e8rvol cervat\u00f3.<\/p>\n<p>https:\/\/youtu.be\/JeZ4jT3XC58<\/p>\n<p><iframe loading=\"lazy\" title=\"El cervat\u00f3.\" width=\"500\" height=\"281\" src=\"https:\/\/www.youtube.com\/embed\/HvCw3G8muag?feature=oembed\" frameborder=\"0\" allow=\"accelerometer; autoplay; clipboard-write; encrypted-media; gyroscope; picture-in-picture; web-share\" referrerpolicy=\"strict-origin-when-cross-origin\" allowfullscreen><\/iframe><\/p>\n<p>AD\u00c8UUUU!! QUE HO PASSEU EN BONA COMPANYIA !!!<br \/>\n&nbsp;<\/p>\n","protected":false},"excerpt":{"rendered":"<p>Hola eixerits !! us vull enviar un hola musical !!<br \/>\n<a href=\"https:\/\/agora.xtec.cat\/ceiptorresjonama\/wp-content\/uploads\/usu279\/2020\/04\/20200402_194725-e1585897984512.jpg\"><\/a><br \/>\nJa sabeu que mentre tot estem tancats a casa ens ha arribat la primavera !! El dia s&#8217;allarga i les flors comencen a sortir !! ens posaran molts colors al nostre entorn per quan poguem&hellip;  <a href=\"https:\/\/agora.xtec.cat\/ceiptorresjonama\/infantil\/i5\/als-nens-i-nenes-que-es-fan-grans\/\" title=\"Read Als nens i nenes que es fan grans !!\">Llegeix m\u00e9s\u00bb<\/a><\/p>\n","protected":false},"author":4,"featured_media":0,"comment_status":"closed","ping_status":"closed","sticky":false,"template":"","format":"standard","meta":{"_bbp_topic_count":0,"_bbp_reply_count":0,"_bbp_total_topic_count":0,"_bbp_total_reply_count":0,"_bbp_voice_count":0,"_bbp_anonymous_reply_count":0,"_bbp_topic_count_hidden":0,"_bbp_reply_count_hidden":0,"_bbp_forum_subforum_count":0,"footnotes":""},"categories":[8,9,3],"tags":[],"class_list":["post-2939","post","type-post","status-publish","format-standard","hentry","category-1r","category-2n","category-i5"],"post_mailing_queue_ids":[],"_links":{"self":[{"href":"https:\/\/agora.xtec.cat\/ceiptorresjonama\/wp-json\/wp\/v2\/posts\/2939","targetHints":{"allow":["GET"]}}],"collection":[{"href":"https:\/\/agora.xtec.cat\/ceiptorresjonama\/wp-json\/wp\/v2\/posts"}],"about":[{"href":"https:\/\/agora.xtec.cat\/ceiptorresjonama\/wp-json\/wp\/v2\/types\/post"}],"author":[{"embeddable":true,"href":"https:\/\/agora.xtec.cat\/ceiptorresjonama\/wp-json\/wp\/v2\/users\/4"}],"replies":[{"embeddable":true,"href":"https:\/\/agora.xtec.cat\/ceiptorresjonama\/wp-json\/wp\/v2\/comments?post=2939"}],"version-history":[{"count":3,"href":"https:\/\/agora.xtec.cat\/ceiptorresjonama\/wp-json\/wp\/v2\/posts\/2939\/revisions"}],"predecessor-version":[{"id":2956,"href":"https:\/\/agora.xtec.cat\/ceiptorresjonama\/wp-json\/wp\/v2\/posts\/2939\/revisions\/2956"}],"wp:attachment":[{"href":"https:\/\/agora.xtec.cat\/ceiptorresjonama\/wp-json\/wp\/v2\/media?parent=2939"}],"wp:term":[{"taxonomy":"category","embeddable":true,"href":"https:\/\/agora.xtec.cat\/ceiptorresjonama\/wp-json\/wp\/v2\/categories?post=2939"},{"taxonomy":"post_tag","embeddable":true,"href":"https:\/\/agora.xtec.cat\/ceiptorresjonama\/wp-json\/wp\/v2\/tags?post=2939"}],"curies":[{"name":"wp","href":"https:\/\/api.w.org\/{rel}","templated":true}]}}