{"id":2906,"date":"2020-04-01T15:20:43","date_gmt":"2020-04-01T13:20:43","guid":{"rendered":"https:\/\/agora.xtec.cat\/ceiptorresjonama\/?p=2906"},"modified":"2020-04-01T18:21:18","modified_gmt":"2020-04-01T16:21:18","slug":"clip-club-tv","status":"publish","type":"post","link":"https:\/\/agora.xtec.cat\/ceiptorresjonama\/primaria\/3r\/clip-club-tv\/","title":{"rendered":"&#8216;Clip Club TV&#8217;"},"content":{"rendered":"<p>Els germans <strong>Thiago y Rafinha Alc\u00e1ntara<\/strong> han iniciat un gran projecte,\u00a0 un <strong>canal de participaci\u00f3 i expressi\u00f3 al servei dels nens i nenes.<\/strong><\/p>\n<p>Clica a <a href=\"https:\/\/www.youtube.com\/channel\/UCerRD02gpw-eInrzkWQBptw\" target=\"_blank\" rel=\"noopener noreferrer\"><span style=\"color: #00ccff;\"><strong>Clip Club TV<\/strong><\/span><\/a>, un canal de<span style=\"color: #00ccff;\"> <strong>Youtube<\/strong><\/span> protagonitzat per <strong>nens i nenes<\/strong> que expliquen com viuen aquests dies de confinament i comparteixen activitats, iniciatives i reflexions&#8230;<\/p>\n<p>Al canal tamb\u00e9 apareixen figures conegudes com <strong>Sergio Busquets<\/strong> , <strong>Ona Carbonell<\/strong> i el youtuber <strong>Miquel Montoro<\/strong> \u00a0que ens ensenyen manualitats o activitats per fer aquests dies.<\/p>\n<p><strong>Cada dia, de<\/strong><strong> dilluns a divendres <\/strong><strong>a les<\/strong><strong> 19 hore<\/strong><strong>s<\/strong><strong> es publicar\u00e0 un nou programa<\/strong> a <strong>Youtube<\/strong>.<\/p>\n<p>Aquesta iniciativa est\u00e0 impulsada per UNICEF Espa\u00f1a i Alc\u00e1ntara Family Foundation.<\/p>\n<p><span style=\"color: #000000;\">Espero que us agradi i m&#8217;envieu comentaris.<\/span><\/p>\n<p><a href=\"https:\/\/www.youtube.com\/channel\/UCerRD02gpw-eInrzkWQBptw\" target=\"_blank\" rel=\"noopener noreferrer\"><strong><span style=\"color: #003366;\">mtellez@xec.cat<\/span><\/strong><\/a><\/p>\n<p style=\"text-align: center;\">Clica a la foto per entrar en el canal<a href=\"https:\/\/www.youtube.com\/channel\/UCerRD02gpw-eInrzkWQBptw\" target=\"_blank\" rel=\"noopener noreferrer\"><br \/>\n<img loading=\"lazy\" decoding=\"async\" class=\"wp-image-2911 aligncenter\" src=\"https:\/\/agora.xtec.cat\/ceiptorresjonama\/wp-content\/uploads\/usu279\/2020\/04\/20200401_clip_club_tv-1.jpg\" alt=\"\" width=\"158\" height=\"96\" srcset=\"https:\/\/agora.xtec.cat\/ceiptorresjonama\/wp-content\/uploads\/usu279\/2020\/04\/20200401_clip_club_tv-1.jpg 600w, https:\/\/agora.xtec.cat\/ceiptorresjonama\/wp-content\/uploads\/usu279\/2020\/04\/20200401_clip_club_tv-1-300x183.jpg 300w\" sizes=\"auto, (max-width: 158px) 100vw, 158px\" \/><\/a><\/p>\n","protected":false},"excerpt":{"rendered":"<p>Els germans Thiago y Rafinha Alc\u00e1ntara han iniciat un gran projecte,\u00a0 un canal de participaci\u00f3 i expressi\u00f3 al servei dels nens i nenes.<br \/>\nClica a <a href=\"https:\/\/www.youtube.com\/channel\/UCerRD02gpw-eInrzkWQBptw\" target=\"_blank\" rel=\"noopener noreferrer\">Clip Club TV<\/a>, un canal de Youtube protagonitzat per nens i nenes que expliquen com viuen aquests&hellip;  <a href=\"https:\/\/agora.xtec.cat\/ceiptorresjonama\/primaria\/3r\/clip-club-tv\/\" title=\"Read &#8216;Clip Club TV&#8217;\">Llegeix m\u00e9s\u00bb<\/a><\/p>\n","protected":false},"author":4,"featured_media":0,"comment_status":"closed","ping_status":"closed","sticky":false,"template":"","format":"standard","meta":{"_bbp_topic_count":0,"_bbp_reply_count":0,"_bbp_total_topic_count":0,"_bbp_total_reply_count":0,"_bbp_voice_count":0,"_bbp_anonymous_reply_count":0,"_bbp_topic_count_hidden":0,"_bbp_reply_count_hidden":0,"_bbp_forum_subforum_count":0,"footnotes":""},"categories":[10,11,12,13,14],"tags":[],"class_list":["post-2906","post","type-post","status-publish","format-standard","hentry","category-3r","category-4t","category-5e","category-6e","category-6e-22-23"],"post_mailing_queue_ids":[],"_links":{"self":[{"href":"https:\/\/agora.xtec.cat\/ceiptorresjonama\/wp-json\/wp\/v2\/posts\/2906","targetHints":{"allow":["GET"]}}],"collection":[{"href":"https:\/\/agora.xtec.cat\/ceiptorresjonama\/wp-json\/wp\/v2\/posts"}],"about":[{"href":"https:\/\/agora.xtec.cat\/ceiptorresjonama\/wp-json\/wp\/v2\/types\/post"}],"author":[{"embeddable":true,"href":"https:\/\/agora.xtec.cat\/ceiptorresjonama\/wp-json\/wp\/v2\/users\/4"}],"replies":[{"embeddable":true,"href":"https:\/\/agora.xtec.cat\/ceiptorresjonama\/wp-json\/wp\/v2\/comments?post=2906"}],"version-history":[{"count":4,"href":"https:\/\/agora.xtec.cat\/ceiptorresjonama\/wp-json\/wp\/v2\/posts\/2906\/revisions"}],"predecessor-version":[{"id":2919,"href":"https:\/\/agora.xtec.cat\/ceiptorresjonama\/wp-json\/wp\/v2\/posts\/2906\/revisions\/2919"}],"wp:attachment":[{"href":"https:\/\/agora.xtec.cat\/ceiptorresjonama\/wp-json\/wp\/v2\/media?parent=2906"}],"wp:term":[{"taxonomy":"category","embeddable":true,"href":"https:\/\/agora.xtec.cat\/ceiptorresjonama\/wp-json\/wp\/v2\/categories?post=2906"},{"taxonomy":"post_tag","embeddable":true,"href":"https:\/\/agora.xtec.cat\/ceiptorresjonama\/wp-json\/wp\/v2\/tags?post=2906"}],"curies":[{"name":"wp","href":"https:\/\/api.w.org\/{rel}","templated":true}]}}