{"id":2902,"date":"2020-04-01T13:58:48","date_gmt":"2020-04-01T11:58:48","guid":{"rendered":"https:\/\/agora.xtec.cat\/ceiptorresjonama\/?p=2902"},"modified":"2020-04-01T13:58:48","modified_gmt":"2020-04-01T11:58:48","slug":"tasca-2-paquita","status":"publish","type":"post","link":"https:\/\/agora.xtec.cat\/ceiptorresjonama\/primaria\/6e-22-23\/tasca-2-paquita\/","title":{"rendered":"Tasca 2 Paquita"},"content":{"rendered":"<p><span style=\"font-weight: 400;\">Bon dia nois i noies de 5\u00e8.<\/span><\/p>\n<p><span style=\"font-weight: 400;\">Ja entrem a la tercera setmana de confinament i recordeu que \u00e9s molt important que no perdeu gaire el ritme de treball ja que el curs no s\u2019ha acabat.<\/span><\/p>\n<p><span style=\"font-weight: 400;\">Felicito a totes les noies i nois que ja m\u2019han fet arribar les tres feines que vaig posar (escrit, horari i pl\u00e0nol) i recordar a\u00a0 qui encara no ho ha fet que fora important que ho f\u00e9ssiu.<\/span><\/p>\n<p><span style=\"font-weight: 400;\">Us proposo tres nous treballs, un de llengua, un altre de matem\u00e0tiques i un de pl\u00e0stica:\u00a0<\/span><\/p>\n<ul>\n<li style=\"font-weight: 400;\"><span style=\"font-weight: 400;\">No hem pogut celebrar el dia de la Poesia i Sant Jordi es probable que tampoc. Recordeu que des de fa uns anys per Sant Jordi celebrem els Jocs Florals.\u00a0 Aquest any ser\u00e0 especial ja que tot indica que continuarem confinats, per tant el g\u00e8nere no ser\u00e0 prosa, us demano que totes i tots presenteu una poesia. El tema us el dono jo, \u201cCoronavirus\u201d, \u201cConfinament\u201d, \u201cEnyoran\u00e7a\u201d . Recomano que torneu a mirar el llibre de text el tema 2 que ja v\u00e0rem fer que est\u00e0 dedicat a la poesia ja que indica\u00a0 els passos que heu de seguir i el recursos po\u00e8tics que podeu utilitzar aix\u00ed com no oblidar-vos de la rima, el ritme, el n\u00famero de versos cada estrofa i les estrofes totals. Aquesta poesia ha de tenir un m\u00ednim tres estrofes i m\u00e0xim quatre.<\/span><\/li>\n<li style=\"font-weight: 400;\"><span style=\"font-weight: 400;\">Matem\u00e0tiques i com a continuaci\u00f3 del treball del pl\u00e0nol, i seguint amb el que est\u00e0vem treballant \u00faltimament, haur\u00edeu d\u2019escriure tots els elements que heu dibuixat i totes les mesures expressar-les en les seg\u00fcents unitats de mesura: metres (m), dec\u00edmetres (dm) i cent\u00edmetres (cm). \u00a0 Exemple: el llit fa\u00a0<\/span>\n<ul>\n<li style=\"list-style-type: none;\">\n<ul>\n<li style=\"list-style-type: none;\">\n<ul>\n<li style=\"list-style-type: none;\">\n<ul>\n<li style=\"font-weight: 400;\"><span style=\"font-weight: 400;\">1\u201990 m de llarg = 19 dm\u00a0 = 190 cm<\/span><\/li>\n<li style=\"font-weight: 400;\"><span style=\"font-weight: 400;\">90 cm\u00a0 d\u2019ample = 0\u201990 m\u00a0 = 9 dm<\/span><\/li>\n<li style=\"font-weight: 400;\"><span style=\"font-weight: 400;\">50 cm d\u2019al\u00e7ada = 0\u201950 m\u00a0 = 5 dm<\/span><\/li>\n<\/ul>\n<\/li>\n<\/ul>\n<\/li>\n<\/ul>\n<\/li>\n<\/ul>\n<\/li>\n<\/ul>\n<p>&nbsp;<\/p>\n<ul>\n<li style=\"font-weight: 400;\"><span style=\"font-weight: 400;\">Continuant amb la teva habitaci\u00f3, has de fer (en un full blanc, no el facis en un quadriculat) el dibuix de l\u2019habitaci\u00f3 per\u00f2 des de tres punts de vista diferents. Pot ser en un \u00fanic full o\u00a0 cada dibuix en un full. Recorda que quan dibuixem del natural primer hem de fer un esb\u00f3s en llapis i molt fluix per situar tots els elements que vols que surtin i que estigui proporcionat. Els elements no cal que siguin figuratius, tamb\u00e9 pots introduir una part abstracte\u00a0 Pot ser en llapis o en color (tot el dibuix o els elements que vulguis), per\u00f2, sobretot, ha d\u2019estar ben treballat, amb cura i polit.\u00a0<\/span><\/li>\n<\/ul>\n<p><span style=\"font-weight: 400;\">Els dos primers treballs els haur\u00edeu de fer en un word o similar per poder-los corregir; el dibuix feu una foto i me\u2019ls aneu entregant fins el 14 d\u2019abril. Recordeu de guardar tots els treballs que aneu fent.<\/span><\/p>\n<p><span style=\"font-weight: 400;\">Una forta abra\u00e7ada a totes i tots.<\/span><\/p>\n<p><span style=\"font-weight: 400;\">Paquita<\/span><\/p>\n","protected":false},"excerpt":{"rendered":"<p>Bon dia nois i noies de 5\u00e8.<br \/>\nJa entrem a la tercera setmana de confinament i recordeu que \u00e9s molt important que no perdeu gaire el ritme de treball ja que el curs no s\u2019ha acabat.<br \/>\nFelicito a totes les noies i nois que ja m\u2019han fet&hellip;  <a href=\"https:\/\/agora.xtec.cat\/ceiptorresjonama\/primaria\/6e-22-23\/tasca-2-paquita\/\" title=\"Read Tasca 2 Paquita\">Llegeix m\u00e9s\u00bb<\/a><\/p>\n","protected":false},"author":3,"featured_media":0,"comment_status":"closed","ping_status":"closed","sticky":false,"template":"","format":"standard","meta":{"_bbp_topic_count":0,"_bbp_reply_count":0,"_bbp_total_topic_count":0,"_bbp_total_reply_count":0,"_bbp_voice_count":0,"_bbp_anonymous_reply_count":0,"_bbp_topic_count_hidden":0,"_bbp_reply_count_hidden":0,"_bbp_forum_subforum_count":0,"footnotes":""},"categories":[14],"tags":[],"class_list":["post-2902","post","type-post","status-publish","format-standard","hentry","category-6e-22-23"],"post_mailing_queue_ids":[],"_links":{"self":[{"href":"https:\/\/agora.xtec.cat\/ceiptorresjonama\/wp-json\/wp\/v2\/posts\/2902","targetHints":{"allow":["GET"]}}],"collection":[{"href":"https:\/\/agora.xtec.cat\/ceiptorresjonama\/wp-json\/wp\/v2\/posts"}],"about":[{"href":"https:\/\/agora.xtec.cat\/ceiptorresjonama\/wp-json\/wp\/v2\/types\/post"}],"author":[{"embeddable":true,"href":"https:\/\/agora.xtec.cat\/ceiptorresjonama\/wp-json\/wp\/v2\/users\/3"}],"replies":[{"embeddable":true,"href":"https:\/\/agora.xtec.cat\/ceiptorresjonama\/wp-json\/wp\/v2\/comments?post=2902"}],"version-history":[{"count":2,"href":"https:\/\/agora.xtec.cat\/ceiptorresjonama\/wp-json\/wp\/v2\/posts\/2902\/revisions"}],"predecessor-version":[{"id":2904,"href":"https:\/\/agora.xtec.cat\/ceiptorresjonama\/wp-json\/wp\/v2\/posts\/2902\/revisions\/2904"}],"wp:attachment":[{"href":"https:\/\/agora.xtec.cat\/ceiptorresjonama\/wp-json\/wp\/v2\/media?parent=2902"}],"wp:term":[{"taxonomy":"category","embeddable":true,"href":"https:\/\/agora.xtec.cat\/ceiptorresjonama\/wp-json\/wp\/v2\/categories?post=2902"},{"taxonomy":"post_tag","embeddable":true,"href":"https:\/\/agora.xtec.cat\/ceiptorresjonama\/wp-json\/wp\/v2\/tags?post=2902"}],"curies":[{"name":"wp","href":"https:\/\/api.w.org\/{rel}","templated":true}]}}