{"id":2852,"date":"2020-03-31T17:30:32","date_gmt":"2020-03-31T15:30:32","guid":{"rendered":"https:\/\/agora.xtec.cat\/ceiptorresjonama\/?p=2852"},"modified":"2020-03-31T17:36:09","modified_gmt":"2020-03-31T15:36:09","slug":"nota-2-benvolgudes-families","status":"publish","type":"post","link":"https:\/\/agora.xtec.cat\/ceiptorresjonama\/primaria\/2n\/nota-2-benvolgudes-families\/","title":{"rendered":"Nota 2 &#8211; Benvolgudes fam\u00edlies!!!"},"content":{"rendered":"<p><a href=\"https:\/\/agora.xtec.cat\/ceiptorresjonama\/wp-content\/uploads\/usu279\/2020\/03\/flors.jpg\"><img loading=\"lazy\" decoding=\"async\" class=\"wp-image-2856 aligncenter\" src=\"https:\/\/agora.xtec.cat\/ceiptorresjonama\/wp-content\/uploads\/usu279\/2020\/03\/flors.jpg\" alt=\"\" width=\"469\" height=\"264\" srcset=\"https:\/\/agora.xtec.cat\/ceiptorresjonama\/wp-content\/uploads\/usu279\/2020\/03\/flors.jpg 1920w, https:\/\/agora.xtec.cat\/ceiptorresjonama\/wp-content\/uploads\/usu279\/2020\/03\/flors-300x169.jpg 300w, https:\/\/agora.xtec.cat\/ceiptorresjonama\/wp-content\/uploads\/usu279\/2020\/03\/flors-768x432.jpg 768w, https:\/\/agora.xtec.cat\/ceiptorresjonama\/wp-content\/uploads\/usu279\/2020\/03\/flors-1024x576.jpg 1024w\" sizes=\"auto, (max-width: 469px) 100vw, 469px\" \/><\/a><\/p>\n<p><span style=\"font-family: Life's A Beach\">Benvolgudes fam\u00edlies!!!<\/span><\/p>\n<p><span style=\"font-family: Life's A Beach\">Encara que el temps aquesta setmana no ens acompanyi gaire us proposo&#8230;<\/span><\/p>\n<p>&nbsp;<\/p>\n<p>&nbsp;<\/p>\n<p><span style=\"font-family: Life's A Beach\">1) Fer una relaxaci\u00f3 que els vostres petitons i petitones coneixen molt b\u00e9! Clica la imatge<\/span><\/p>\n<p><a href=\"https:\/\/youtu.be\/2RaUhbr7Jms\" target=\"_blank\" rel=\"noopener noreferrer\"><img loading=\"lazy\" decoding=\"async\" class=\"wp-image-2855 aligncenter\" src=\"https:\/\/agora.xtec.cat\/ceiptorresjonama\/wp-content\/uploads\/usu279\/2020\/03\/cor.jpg\" alt=\"\" width=\"194\" height=\"194\" srcset=\"https:\/\/agora.xtec.cat\/ceiptorresjonama\/wp-content\/uploads\/usu279\/2020\/03\/cor.jpg 1024w, https:\/\/agora.xtec.cat\/ceiptorresjonama\/wp-content\/uploads\/usu279\/2020\/03\/cor-150x150.jpg 150w, https:\/\/agora.xtec.cat\/ceiptorresjonama\/wp-content\/uploads\/usu279\/2020\/03\/cor-300x300.jpg 300w, https:\/\/agora.xtec.cat\/ceiptorresjonama\/wp-content\/uploads\/usu279\/2020\/03\/cor-768x768.jpg 768w\" sizes=\"auto, (max-width: 194px) 100vw, 194px\" \/><\/a><\/p>\n<p><span style=\"font-family: Life's A Beach\">2) Escoltar l\u2019hora del conte amb el seg\u00fcent v\u00eddeo que us he preparat amb tota la il\u00b7lusi\u00f3 del m\u00f3n.<\/span><a href=\"https:\/\/youtu.be\/ddXdZQGnGIw\" target=\"_blank\" rel=\"noopener noreferrer\"><img loading=\"lazy\" decoding=\"async\" class=\"wp-image-2854 aligncenter\" src=\"https:\/\/agora.xtec.cat\/ceiptorresjonama\/wp-content\/uploads\/usu279\/2020\/03\/conte2.jpg\" alt=\"\" width=\"268\" height=\"209\" srcset=\"https:\/\/agora.xtec.cat\/ceiptorresjonama\/wp-content\/uploads\/usu279\/2020\/03\/conte2.jpg 474w, https:\/\/agora.xtec.cat\/ceiptorresjonama\/wp-content\/uploads\/usu279\/2020\/03\/conte2-300x234.jpg 300w\" sizes=\"auto, (max-width: 268px) 100vw, 268px\" \/><\/a><\/p>\n<p>&nbsp;<\/p>\n<p><span style=\"font-family: Life's A Beach\">&#8211; Podeu escriure una llista d\u2019alguns contes que aneu llegint i fer algun dibuix ben bonic d\u2019aquests contes. Aquest full pot formar part del vostre diari.<\/span><\/p>\n<p>&nbsp;<\/p>\n<p><span style=\"font-family: Life's A Beach\">3) Donar la benvinguda a la primavera, encara que faci alguns dies que est\u00e0 entre nosaltres. Podem construir unes banderoles per decorar l\u2019habitaci\u00f3! Cada banderola podria estar decorada amb la lletra corresponent a la paraula<\/span><\/p>\n<p style=\"text-align: center\"><span style=\"font-family: Life's A Beach\"><span style=\"font-size: x-large\"><b>P R I M A V E R A <\/b> <\/span><\/span><\/p>\n<p style=\"text-align: center\"><span style=\"font-family: inherit;font-size: 1em\">p\u00a0 \u00a0r\u00a0 \u00a0i\u00a0 \u00a0m\u00a0 \u00a0a\u00a0 \u00a0v\u00a0 \u00a0e\u00a0 \u00a0r\u00a0 \u00a0a<\/span><\/p>\n<p><a href=\"https:\/\/agora.xtec.cat\/ceiptorresjonama\/wp-content\/uploads\/usu279\/2020\/03\/banderoles.png\"><img loading=\"lazy\" decoding=\"async\" class=\"wp-image-2853 aligncenter\" src=\"https:\/\/agora.xtec.cat\/ceiptorresjonama\/wp-content\/uploads\/usu279\/2020\/03\/banderoles.png\" alt=\"\" width=\"472\" height=\"242\" srcset=\"https:\/\/agora.xtec.cat\/ceiptorresjonama\/wp-content\/uploads\/usu279\/2020\/03\/banderoles.png 1280w, https:\/\/agora.xtec.cat\/ceiptorresjonama\/wp-content\/uploads\/usu279\/2020\/03\/banderoles-300x154.png 300w, https:\/\/agora.xtec.cat\/ceiptorresjonama\/wp-content\/uploads\/usu279\/2020\/03\/banderoles-768x394.png 768w, https:\/\/agora.xtec.cat\/ceiptorresjonama\/wp-content\/uploads\/usu279\/2020\/03\/banderoles-1024x525.png 1024w\" sizes=\"auto, (max-width: 472px) 100vw, 472px\" \/><\/a><\/p>\n<p><span style=\"font-family: Life's A Beach\">B\u00e9 fam\u00edlia! Una abra\u00e7ada ben dol\u00e7a!!! <\/span><\/p>\n<p><span style=\"font-family: Life's A Beach\">Espero que ho portem tots plegats de la millor manera que podem i que ens retrobem tan aviat com sigui possible. <\/span><\/p>\n<p><span style=\"font-family: Life's A Beach\">Gemma<\/span><\/p>\n<p><span style=\"font-family: Life's A Beach\">PD- Activitats volunt\u00e0ries. Us he penjat a la web algunes fotos m\u00e9s<\/span><\/p>\n","protected":false},"excerpt":{"rendered":"<p><a href=\"https:\/\/agora.xtec.cat\/ceiptorresjonama\/wp-content\/uploads\/usu279\/2020\/03\/flors.jpg\"><\/a><br \/>\nBenvolgudes fam\u00edlies!!!<br \/>\nEncara que el temps aquesta setmana no ens acompanyi gaire us proposo&#8230;<br \/>\n&nbsp;<br \/>\n&nbsp;<br \/>\n1) Fer una relaxaci\u00f3 que els vostres petitons i petitones coneixen molt b\u00e9! Clica la imatge<br \/>\n<a href=\"https:\/\/youtu.be\/2RaUhbr7Jms\" target=\"_blank\" rel=\"noopener noreferrer\"><\/a><br \/>\n2) Escoltar l\u2019hora del conte amb el seg\u00fcent v\u00eddeo que us he preparat&hellip;  <a href=\"https:\/\/agora.xtec.cat\/ceiptorresjonama\/primaria\/2n\/nota-2-benvolgudes-families\/\" title=\"Read Nota 2 &#8211; Benvolgudes fam\u00edlies!!!\">Llegeix m\u00e9s\u00bb<\/a><\/p>\n","protected":false},"author":4,"featured_media":2856,"comment_status":"closed","ping_status":"closed","sticky":false,"template":"","format":"standard","meta":{"_bbp_topic_count":0,"_bbp_reply_count":0,"_bbp_total_topic_count":0,"_bbp_total_reply_count":0,"_bbp_voice_count":0,"_bbp_anonymous_reply_count":0,"_bbp_topic_count_hidden":0,"_bbp_reply_count_hidden":0,"_bbp_forum_subforum_count":0,"footnotes":""},"categories":[9],"tags":[],"class_list":["post-2852","post","type-post","status-publish","format-standard","has-post-thumbnail","hentry","category-2n"],"post_mailing_queue_ids":[],"_links":{"self":[{"href":"https:\/\/agora.xtec.cat\/ceiptorresjonama\/wp-json\/wp\/v2\/posts\/2852","targetHints":{"allow":["GET"]}}],"collection":[{"href":"https:\/\/agora.xtec.cat\/ceiptorresjonama\/wp-json\/wp\/v2\/posts"}],"about":[{"href":"https:\/\/agora.xtec.cat\/ceiptorresjonama\/wp-json\/wp\/v2\/types\/post"}],"author":[{"embeddable":true,"href":"https:\/\/agora.xtec.cat\/ceiptorresjonama\/wp-json\/wp\/v2\/users\/4"}],"replies":[{"embeddable":true,"href":"https:\/\/agora.xtec.cat\/ceiptorresjonama\/wp-json\/wp\/v2\/comments?post=2852"}],"version-history":[{"count":3,"href":"https:\/\/agora.xtec.cat\/ceiptorresjonama\/wp-json\/wp\/v2\/posts\/2852\/revisions"}],"predecessor-version":[{"id":2865,"href":"https:\/\/agora.xtec.cat\/ceiptorresjonama\/wp-json\/wp\/v2\/posts\/2852\/revisions\/2865"}],"wp:featuredmedia":[{"embeddable":true,"href":"https:\/\/agora.xtec.cat\/ceiptorresjonama\/wp-json\/wp\/v2\/media\/2856"}],"wp:attachment":[{"href":"https:\/\/agora.xtec.cat\/ceiptorresjonama\/wp-json\/wp\/v2\/media?parent=2852"}],"wp:term":[{"taxonomy":"category","embeddable":true,"href":"https:\/\/agora.xtec.cat\/ceiptorresjonama\/wp-json\/wp\/v2\/categories?post=2852"},{"taxonomy":"post_tag","embeddable":true,"href":"https:\/\/agora.xtec.cat\/ceiptorresjonama\/wp-json\/wp\/v2\/tags?post=2852"}],"curies":[{"name":"wp","href":"https:\/\/api.w.org\/{rel}","templated":true}]}}