{"id":2786,"date":"2020-03-30T15:45:25","date_gmt":"2020-03-30T13:45:25","guid":{"rendered":"https:\/\/agora.xtec.cat\/ceiptorresjonama\/?p=2786"},"modified":"2020-04-06T17:20:33","modified_gmt":"2020-04-06T15:20:33","slug":"fem-de-booktubers","status":"publish","type":"post","link":"https:\/\/agora.xtec.cat\/ceiptorresjonama\/general\/fem-de-booktubers\/","title":{"rendered":"Fem de booktubers"},"content":{"rendered":"<p>Bon<span style=\"font-weight: 400\"> dia a tots i totes nois i noies de 6\u00e8<\/span><\/p>\n<p><span style=\"font-weight: 400\">Sembla que aix\u00f2 va per llarg, per\u00f2 el m\u00e9s important es que siguem positius i estem amb molts \u00e0nims.\u00a0<\/span><\/p>\n<p><span style=\"font-weight: 400\">Des de la biblioteca us proposo que un cop ens tornem a veure port\u00e9ssiu gravats dos booktubers\u00a0 (recomanacions de llibres) de dos llibres que tinguis a casa, tal com v\u00e0rem fer el curs passat, i els penjar\u00edem a la web de l\u2019escola. Tamb\u00e9 ho podeu enviar al correu de la Paquita <a class=\"Yh1nIb asUmFb AL18ce\" href=\"mailto:fdiaz2@xtec.cat\" target=\"_blank\" rel=\"noopener noreferrer\" data-tooltip=\"Del perfil de l'organitzaci\u00f3 de l'usuari\" data-tooltip-position=\"top\">fdiaz2@xtec.cat<\/a>.<\/span><\/p>\n<p><span style=\"font-weight: 400\">Pots veure booktubers fets per altres alumnes al seg\u00fcent enlla\u00e7 <\/span><a href=\"https:\/\/awesome-table.com\/-KnzEaOC0WO2HDDgQ2Pn\/view\"><span style=\"font-weight: 400\">https:\/\/www.google.com\/url?q=https:\/\/awesome-table.com\/-KnzEaOC0WO2HDDgQ2Pn\/view&amp;sa=D&amp;ust=1585565675348000<\/span><\/a><span style=\"font-weight: 400\">\u00a0<\/span><\/p>\n<p><span style=\"font-weight: 400\">Recorda:\u00a0<\/span><\/p>\n<ul>\n<li style=\"font-weight: 400\"><span style=\"font-weight: 400\">El llibre que recomanes l\u2019has d\u2019ensenyar.\u00a0<\/span><\/li>\n<li style=\"font-weight: 400\"><span style=\"font-weight: 400\">Per que el recomanes<\/span><\/li>\n<li style=\"font-weight: 400\"><span style=\"font-weight: 400\">Busca un bon lloc per gravar-te, s\u2019haurien de veure de altres llibres, bona il\u00b7luminaci\u00f3, se\u2019t vegi b\u00e9<\/span><\/li>\n<li style=\"font-weight: 400\"><span style=\"font-weight: 400\">So: vetllar per la qualitat del so, i sobretot per l\u2019enregistrament en silenci lliure de sorolls de fons.<\/span><\/li>\n<li style=\"font-weight: 400\"><span style=\"font-weight: 400\">Imatge: composici\u00f3 horitzontal, preferiblement enregistrada sobre trespeus.<\/span><\/li>\n<li style=\"font-weight: 400\"><span style=\"font-weight: 400\">Edici\u00f3: Nom\u00e9s edici\u00f3 per tall (sense transicions, sense subt\u00edtols, sense m\u00fasiques, sense efectes, sense altres refer\u00e8ncies)<\/span><\/li>\n<li style=\"font-weight: 400\"><span style=\"font-weight: 400\">Creaci\u00f3 del v\u00eddeo: utilitzeu un format compatible, tipus *.mp4, amb qualitat alta definici\u00f3.<\/span><\/li>\n<li style=\"font-weight: 400\"><span style=\"font-weight: 400\">Bona expressi\u00f3, prepara\u2019t el que vols dir i assaja abans<\/span><\/li>\n<li style=\"font-weight: 400\"><span style=\"font-weight: 400\">Bona vocalitzaci\u00f3, que s\u2019entengui el que dius, no corris<\/span><\/li>\n<li style=\"font-weight: 400\"><span style=\"font-weight: 400\">Digues el t\u00edtol del llibre (a m\u00e9s d\u2019ensenyar-lo), autor o autora, il\u00b7lustrador o il\u00b7lustradora, editorial, col\u00b7lecci\u00f3 (si en t\u00e9)\u00a0<\/span><\/li>\n<li style=\"font-weight: 400\"><span style=\"font-weight: 400\">La gravaci\u00f3 ha de ser de entre 30 segons i 1 minut.<\/span><\/li>\n<\/ul>\n<p><span style=\"font-weight: 400\">A continuaci\u00f3 tens una fitxa que et pot servir per preparar la gravaci\u00f3.\u00a0\u00a0\u00a0<\/span><\/p>\n<p><span style=\"font-weight: 400\">GUI\u00d3\u00a0<\/span><\/p>\n<table>\n<tbody>\n<tr>\n<td><span style=\"font-weight: 400\">Saluda<\/span><\/td>\n<td><\/td>\n<\/tr>\n<tr>\n<td><span style=\"font-weight: 400\">Presenta\u2019t:<\/span><\/p>\n<p><span style=\"font-weight: 400\">Nom i edat<\/span><\/td>\n<td><\/td>\n<\/tr>\n<tr>\n<td><span style=\"font-weight: 400\">Presenta el llibre: T\u00edtol i autor<\/span><\/td>\n<td><\/td>\n<\/tr>\n<tr>\n<td><span style=\"font-weight: 400\">Explica\u2019n alguna cosa<\/span><\/td>\n<td><\/td>\n<\/tr>\n<tr>\n<td><span style=\"font-weight: 400\">Digues per qu\u00e8 t\u2019agrada, o per qu\u00e8 l\u2019has triat. O potser esmenta algun punt que no t\u2019agradi tant.<\/span><\/td>\n<td><\/td>\n<\/tr>\n<tr>\n<td><span style=\"font-weight: 400\">Acomiada\u2019t amb un agra\u00efment<\/span><\/td>\n<td><\/td>\n<\/tr>\n<\/tbody>\n<\/table>\n<p>&nbsp;<\/p>\n<p><span style=\"font-weight: 400\">Qu\u00e8 podem explicar sobre un llibre? Algunes idees&#8230;<\/span><\/p>\n<p><span style=\"font-weight: 400\">&#8211; L\u2019autor. El llibre forma part d\u2019una saga, una col\u00b7lecci\u00f3? Hi ha alguna caracter\u00edstica de l\u2019autor que sigui interessant de comentar?<\/span><\/p>\n<p><span style=\"font-weight: 400\">&#8211; El g\u00e8nere: novel\u00b7la, novel\u00b7la gr\u00e0fica, c\u00f2mic, poesia, contes curts, \u00e0lbum il\u00b7lustrat? D\u2019humor, de misteri, rom\u00e0ntic, d\u2019aventures, drama&#8230;?<\/span><\/p>\n<p><span style=\"font-weight: 400\">&#8211; El to: l\u00edric (expressa els sentiments), \u00e8pic (heroic), humor\u00edstic?<\/span><\/p>\n<p><span style=\"font-weight: 400\">&#8211; El punt de vista: Qui \u00e9s la veu del llibre, el narrador? Un narrador omniscient? Un dels personatges del llibre, que parla en primera persona? Alg\u00fa que explica records? Hi ha canvis de veu narrativa?<\/span><\/p>\n<p><span style=\"font-weight: 400\">&#8211; La trama: T\u00e9 un ritme trepidant, suau, pausat? Hi ha girs argumentals sorprenents?<\/span><\/p>\n<p><span style=\"font-weight: 400\">&#8211; Els personatges i les relacions que tenen entre ells: s\u00f3n personatges realistes, profunds, contradictoris, caricaturitzats? Estereotipats?<\/span><\/p>\n<p><span style=\"font-weight: 400\">&#8211; Comparacions amb altres llibres: amb quines lectures et fan pensar?<\/span><\/p>\n<p><span style=\"font-weight: 400\">-&#8230;<\/span><\/p>\n<p><span style=\"font-weight: 400\">Una forta abra\u00e7ada per vosaltres i les vostres fam\u00edlies.<\/span><\/p>\n<p><span style=\"font-weight: 400\">Paquita\u00a0<\/span><\/p>\n<p>&nbsp;<\/p>\n","protected":false},"excerpt":{"rendered":"<p>Bon dia a tots i totes nois i noies de 6\u00e8<br \/>\nSembla que aix\u00f2 va per llarg, per\u00f2 el m\u00e9s important es que siguem positius i estem amb molts \u00e0nims.\u00a0<br \/>\nDes de la biblioteca us proposo que un cop ens tornem a veure port\u00e9ssiu gravats dos booktubers\u00a0&hellip;  <a href=\"https:\/\/agora.xtec.cat\/ceiptorresjonama\/general\/fem-de-booktubers\/\" title=\"Read Fem de booktubers\">Llegeix m\u00e9s\u00bb<\/a><\/p>\n","protected":false},"author":4,"featured_media":0,"comment_status":"closed","ping_status":"closed","sticky":false,"template":"","format":"standard","meta":{"_bbp_topic_count":0,"_bbp_reply_count":0,"_bbp_total_topic_count":0,"_bbp_total_reply_count":0,"_bbp_voice_count":0,"_bbp_anonymous_reply_count":0,"_bbp_topic_count_hidden":0,"_bbp_reply_count_hidden":0,"_bbp_forum_subforum_count":0,"footnotes":""},"categories":[1],"tags":[],"class_list":["post-2786","post","type-post","status-publish","format-standard","hentry","category-general"],"post_mailing_queue_ids":[],"_links":{"self":[{"href":"https:\/\/agora.xtec.cat\/ceiptorresjonama\/wp-json\/wp\/v2\/posts\/2786","targetHints":{"allow":["GET"]}}],"collection":[{"href":"https:\/\/agora.xtec.cat\/ceiptorresjonama\/wp-json\/wp\/v2\/posts"}],"about":[{"href":"https:\/\/agora.xtec.cat\/ceiptorresjonama\/wp-json\/wp\/v2\/types\/post"}],"author":[{"embeddable":true,"href":"https:\/\/agora.xtec.cat\/ceiptorresjonama\/wp-json\/wp\/v2\/users\/4"}],"replies":[{"embeddable":true,"href":"https:\/\/agora.xtec.cat\/ceiptorresjonama\/wp-json\/wp\/v2\/comments?post=2786"}],"version-history":[{"count":3,"href":"https:\/\/agora.xtec.cat\/ceiptorresjonama\/wp-json\/wp\/v2\/posts\/2786\/revisions"}],"predecessor-version":[{"id":3045,"href":"https:\/\/agora.xtec.cat\/ceiptorresjonama\/wp-json\/wp\/v2\/posts\/2786\/revisions\/3045"}],"wp:attachment":[{"href":"https:\/\/agora.xtec.cat\/ceiptorresjonama\/wp-json\/wp\/v2\/media?parent=2786"}],"wp:term":[{"taxonomy":"category","embeddable":true,"href":"https:\/\/agora.xtec.cat\/ceiptorresjonama\/wp-json\/wp\/v2\/categories?post=2786"},{"taxonomy":"post_tag","embeddable":true,"href":"https:\/\/agora.xtec.cat\/ceiptorresjonama\/wp-json\/wp\/v2\/tags?post=2786"}],"curies":[{"name":"wp","href":"https:\/\/api.w.org\/{rel}","templated":true}]}}