{"id":2592,"date":"2020-03-26T10:58:08","date_gmt":"2020-03-26T09:58:08","guid":{"rendered":"https:\/\/agora.xtec.cat\/ceiptorresjonama\/?p=2592"},"modified":"2020-03-26T11:43:09","modified_gmt":"2020-03-26T10:43:09","slug":"activitat-2-asterix","status":"publish","type":"post","link":"https:\/\/agora.xtec.cat\/ceiptorresjonama\/general\/activitat-2-asterix\/","title":{"rendered":"Activitat 2. Ast\u00e8rix"},"content":{"rendered":"<p><a href=\"https:\/\/agora.xtec.cat\/ceiptorresjonama\/wp-content\/uploads\/usu279\/2020\/03\/20200326_104920.jpg\"><img loading=\"lazy\" decoding=\"async\" class=\"aligncenter size-medium wp-image-2593\" src=\"https:\/\/agora.xtec.cat\/ceiptorresjonama\/wp-content\/uploads\/usu279\/2020\/03\/20200326_104920-225x300.jpg\" alt=\"\" width=\"225\" height=\"300\" srcset=\"https:\/\/agora.xtec.cat\/ceiptorresjonama\/wp-content\/uploads\/usu279\/2020\/03\/20200326_104920-225x300.jpg 225w, https:\/\/agora.xtec.cat\/ceiptorresjonama\/wp-content\/uploads\/usu279\/2020\/03\/20200326_104920.jpg 543w\" sizes=\"auto, (max-width: 225px) 100vw, 225px\" \/><\/a><\/p>\n<p><span style=\"font-weight: 400;\">Bon dia,<\/span><\/p>\n<p>&nbsp;<\/p>\n<p><span style=\"font-weight: 400;\">Ahir ens v\u00e0rem aixecar amb la not\u00edcia que l\u2019Ast\u00e8rix ha quedat orfe. Per\u00f2 sabeu tots qui \u00e9s Ast\u00e8rix? Aprofitant que el tema 8 que esteu treballant des de casa est\u00e0 relacionat amb el c\u00f2mic, vull proposar-vos unes activitats per poder saber m\u00e9s de l\u2019Ast\u00e8rix i dels c\u00f2mics.<\/span><\/p>\n<p>&nbsp;<\/p>\n<ol>\n<li style=\"font-weight: 400;\"><span style=\"font-weight: 400;\">Llegeix la p\u00e0gina 102 del llibre.<\/span><\/li>\n<li style=\"font-weight: 400;\"><span style=\"font-weight: 400;\">Llegeix aquests 2 articles que parlen d\u2019Ast\u00e8rix.\u00a0<\/span><\/li>\n<\/ol>\n<p><span style=\"font-weight: 400;\">Articles<\/span><\/p>\n<ul>\n<li style=\"font-weight: 400;\"><a href=\"https:\/\/www.ara.cat\/cultura\/Mor-Albert-Uderzo-pare-Asterix_0_2422557791.html\"><span style=\"font-weight: 400;\">Mor Albert Uderzo, el pare d&#8217;Ast\u00e8rix<\/span><\/a><span style=\"font-weight: 400;\"> (llegeix la primera part, fins el t\u00edtol \u201cun fen\u00f2men imparable\u201d)<\/span><\/li>\n<li style=\"font-weight: 400;\"><a href=\"https:\/\/www.ara.cat\/suplements\/diumenge\/SEXAGENARI-BONA-SALUT-Asterix_0_2328967095.html\"><span style=\"font-weight: 400;\">Ast\u00e8rix, un sexagenari amb molt bona salut<\/span><\/a><span style=\"font-weight: 400;\">\u00a0<\/span><\/li>\n<\/ul>\n<p><span style=\"font-weight: 400;\">Si vols llegir-ho tot tamb\u00e9 pots, \u00e9s molt interessant!<\/span><\/p>\n<p><span style=\"font-weight: 400;\">3. Contesta les seg\u00fcents preguntes:<\/span><\/p>\n<ul>\n<li style=\"font-weight: 400;\"><span style=\"font-weight: 400;\">Saps qu\u00e8 vol dir Orfe? Per qu\u00e8 creus que diu que Ast\u00e8rix ha quedat orfe?<\/span><\/li>\n<li style=\"font-weight: 400;\"><span style=\"font-weight: 400;\">Qui\u00a0 era l\u2019il\u00b7lustrador i qui era el guionista d\u2019Ast\u00e8rix?<\/span><\/li>\n<li style=\"font-weight: 400;\"><span style=\"font-weight: 400;\">Quin va ser el primer t\u00edtol d\u2019Ast\u00e8rix i Ob\u00e8lix?\u00a0<\/span><\/li>\n<li style=\"font-weight: 400;\"><span style=\"font-weight: 400;\">Com es diu la revista en qu\u00e8 Ast\u00e8rix apareix per primera vegada?<\/span><\/li>\n<li style=\"font-weight: 400;\"><span style=\"font-weight: 400;\">Qu\u00e8 vol dir la paraula sexagenari?<\/span><\/li>\n<li style=\"font-weight: 400;\"><span style=\"font-weight: 400;\">On creus que pot ser la G\u00e0l\u00b7lia?<\/span><\/li>\n<li style=\"font-weight: 400;\"><span style=\"font-weight: 400;\">Quin \u00e9s el teu personatge preferit d\u2019Ast\u00e8rix i Ob\u00e8lix?<\/span><\/li>\n<li style=\"font-weight: 400;\"><span style=\"font-weight: 400;\">Si has llegit o mirat Ast\u00e8rix i Ob\u00e8lix, quin \u00e9s el teu t\u00edtol preferit?<\/span><\/li>\n<\/ul>\n<p><span style=\"font-weight: 400;\">4. Per internet pots trobar diverses pel\u00b7l\u00edcules, t\u2019animo a mirar-ne alguna.<\/span><\/p>\n<ul>\n<li style=\"font-weight: 400;\"><a href=\"https:\/\/www.youtube.com\/watch?v=x0EC5gU2PfA&amp;t=550s\"><span style=\"font-weight: 400;\">Ast\u00e8rix i Cleopatra<\/span><\/a><\/li>\n<li style=\"font-weight: 400;\"><a href=\"https:\/\/www.youtube.com\/watch?v=CGbHYR4ZrGk&amp;t=\"><span style=\"font-weight: 400;\">Ast\u00e8rix el gal<\/span><\/a><\/li>\n<li style=\"font-weight: 400;\"><a href=\"https:\/\/www.youtube.com\/watch?v=lSCS001MoZg\"><span style=\"font-weight: 400;\">Ast\u00e8rix i la sorpresa del C\u00e8sar<\/span><\/a><\/li>\n<li style=\"font-weight: 400;\"><a href=\"https:\/\/www.youtube.com\/watch?v=_jFl2hZaPlc\"><span style=\"font-weight: 400;\">Ast\u00e8rix i les dotze proves<\/span><\/a><\/li>\n<\/ul>\n<p>&nbsp;<\/p>\n<p><span style=\"font-weight: 400;\">5. Crea el teu propi c\u00f2mic a m\u00e0. Fes un m\u00ednim de 12 vinyetes (2 p\u00e0gines amb 6 vinyetes). Inventa els teus personatges. Aqu\u00ed et deixo un <\/span><a href=\"http:\/\/www.xtec.cat\/~pribas\/projecte\/text.htm\"><span style=\"font-weight: 400;\">enlla\u00e7 d\u2019ajuda per fer un c\u00f2mic<\/span><\/a><\/p>\n<p>&nbsp;<\/p>\n<p><span style=\"font-weight: 400;\">B\u00e9, ja teniu feina per uns quants dies. Espero que la gaudiu i que us faci passar millor les estones. Pel que fa l&#8217;enviament, envieu un document amb les preguntes contestades. Pel que fa el c\u00f2mic, quan el tingueu acabat feu-ne una foto i ens l&#8217;envieu.<\/span><\/p>\n<p><span style=\"font-weight: 400;\">Com sempre, per enviar les feines i per qualsevol dubte:<\/span><\/p>\n<p><span style=\"font-weight: 400;\">Anna Maria 6\u00e8 A: <\/span><a href=\"mailto:asaballs@xtec.cat\"><span style=\"font-weight: 400;\">asaballs@xtec.cat<\/span><\/a><span style=\"font-weight: 400;\">\u00a0<\/span><\/p>\n<p><span style=\"font-weight: 400;\">Biel 6\u00e8 B : <\/span><a href=\"mailto:bgil5@xtec.cat\"><span style=\"font-weight: 400;\">bgil5@xtec.cat<\/span><\/a><\/p>\n<p>&nbsp;<\/p>\n<p>Desitjant que estigueu tots i totes molt b\u00e9.\u00a0 Esperem les vostres feinetes amb il\u00b7lusi\u00f3.<\/p>\n<p>&nbsp;<\/p>\n","protected":false},"excerpt":{"rendered":"<p><a href=\"https:\/\/agora.xtec.cat\/ceiptorresjonama\/wp-content\/uploads\/usu279\/2020\/03\/20200326_104920.jpg\"><\/a><br \/>\nBon dia,<br \/>\n&nbsp;<br \/>\nAhir ens v\u00e0rem aixecar amb la not\u00edcia que l\u2019Ast\u00e8rix ha quedat orfe. Per\u00f2 sabeu tots qui \u00e9s Ast\u00e8rix? Aprofitant que el tema 8 que esteu treballant des de casa est\u00e0 relacionat amb el c\u00f2mic, vull proposar-vos unes activitats per poder saber m\u00e9s de&hellip;  <a href=\"https:\/\/agora.xtec.cat\/ceiptorresjonama\/general\/activitat-2-asterix\/\" title=\"Read Activitat 2. Ast\u00e8rix\">Llegeix m\u00e9s\u00bb<\/a><\/p>\n","protected":false},"author":4,"featured_media":0,"comment_status":"closed","ping_status":"closed","sticky":false,"template":"","format":"standard","meta":{"_bbp_topic_count":0,"_bbp_reply_count":0,"_bbp_total_topic_count":0,"_bbp_total_reply_count":0,"_bbp_voice_count":0,"_bbp_anonymous_reply_count":0,"_bbp_topic_count_hidden":0,"_bbp_reply_count_hidden":0,"_bbp_forum_subforum_count":0,"footnotes":""},"categories":[1],"tags":[],"class_list":["post-2592","post","type-post","status-publish","format-standard","hentry","category-general"],"post_mailing_queue_ids":[],"_links":{"self":[{"href":"https:\/\/agora.xtec.cat\/ceiptorresjonama\/wp-json\/wp\/v2\/posts\/2592","targetHints":{"allow":["GET"]}}],"collection":[{"href":"https:\/\/agora.xtec.cat\/ceiptorresjonama\/wp-json\/wp\/v2\/posts"}],"about":[{"href":"https:\/\/agora.xtec.cat\/ceiptorresjonama\/wp-json\/wp\/v2\/types\/post"}],"author":[{"embeddable":true,"href":"https:\/\/agora.xtec.cat\/ceiptorresjonama\/wp-json\/wp\/v2\/users\/4"}],"replies":[{"embeddable":true,"href":"https:\/\/agora.xtec.cat\/ceiptorresjonama\/wp-json\/wp\/v2\/comments?post=2592"}],"version-history":[{"count":2,"href":"https:\/\/agora.xtec.cat\/ceiptorresjonama\/wp-json\/wp\/v2\/posts\/2592\/revisions"}],"predecessor-version":[{"id":2601,"href":"https:\/\/agora.xtec.cat\/ceiptorresjonama\/wp-json\/wp\/v2\/posts\/2592\/revisions\/2601"}],"wp:attachment":[{"href":"https:\/\/agora.xtec.cat\/ceiptorresjonama\/wp-json\/wp\/v2\/media?parent=2592"}],"wp:term":[{"taxonomy":"category","embeddable":true,"href":"https:\/\/agora.xtec.cat\/ceiptorresjonama\/wp-json\/wp\/v2\/categories?post=2592"},{"taxonomy":"post_tag","embeddable":true,"href":"https:\/\/agora.xtec.cat\/ceiptorresjonama\/wp-json\/wp\/v2\/tags?post=2592"}],"curies":[{"name":"wp","href":"https:\/\/api.w.org\/{rel}","templated":true}]}}