{"id":2564,"date":"2020-03-26T11:37:16","date_gmt":"2020-03-26T10:37:16","guid":{"rendered":"https:\/\/agora.xtec.cat\/ceiptorresjonama\/?p=2564"},"modified":"2020-03-26T11:39:12","modified_gmt":"2020-03-26T10:39:12","slug":"cantem","status":"publish","type":"post","link":"https:\/\/agora.xtec.cat\/ceiptorresjonama\/primaria\/3r\/cantem\/","title":{"rendered":"Cantem!!!!!"},"content":{"rendered":"<p style=\"text-align: justify;\"><span style=\"font-weight: 400;\">Hola alumnes de PRIMER I SEGON, com fer passar el temps mentre estem confinats?\u00a0<\/span><\/p>\n<p style=\"text-align: justify;\"><span style=\"font-weight: 400;\">Vull saludar-vos !! Tamb\u00e9 fer-vos una proposta !! Continuar aprenent i recordant all\u00f2 que hem estat fent a l\u2019escola. Ja sabeu que quan arriba la primavera cantem aquella can\u00e7\u00f3 que diu :\u00a0<\/span><\/p>\n<p style=\"text-align: center;\"><span style=\"font-weight: 400;\">Et dir\u00e9 un secret molt fi,<\/span><\/p>\n<p style=\"text-align: center;\"><span style=\"font-weight: 400;\">la primavera \u00e9s aqu\u00ed\u00a0<\/span><\/p>\n<p style=\"text-align: center;\"><span style=\"font-weight: 400;\">ha cantat una can\u00e7\u00f3,\u00a0<\/span><\/p>\n<p style=\"text-align: center;\"><span style=\"font-weight: 400;\">i ha florit el teu balc\u00f3 !<\/span><\/p>\n<p style=\"text-align: justify;\"><span style=\"font-weight: 400;\">La podeu cantar fent fluix la primera frase\u00a0 i mig fort la segona. Si recordeu la segona estrofa la pots copiar. Tamb\u00e9 podeu cantar amb el v\u00eddeo la can\u00e7\u00f3 del Sr. Greu i el Sr. Agut.<\/span><\/p>\n<p style=\"text-align: center;\"><iframe loading=\"lazy\" title=\"GREU I AGUT\" width=\"500\" height=\"281\" src=\"https:\/\/www.youtube.com\/embed\/aDicETzBbIo?feature=oembed\" frameborder=\"0\" allow=\"accelerometer; autoplay; clipboard-write; encrypted-media; gyroscope; picture-in-picture; web-share\" referrerpolicy=\"strict-origin-when-cross-origin\" allowfullscreen><\/iframe><\/p>\n<p style=\"text-align: justify;\"><span style=\"font-weight: 400;\">Podeu buscar el v\u00eddeo que tamb\u00e9 posem quan arriba la primavera ! l\u2019ocell de foc amb la m\u00fasica de\u00a0 \u201c La consagraci\u00f3 de la primavera\u201d d\u2019 Igor Stravinsky.<\/span><\/p>\n<p style=\"text-align: center;\"><iframe loading=\"lazy\" title=\"L&#039;oiseau de feu.wmv\" width=\"500\" height=\"375\" src=\"https:\/\/www.youtube.com\/embed\/3eG_O1wEJ40?feature=oembed\" frameborder=\"0\" allow=\"accelerometer; autoplay; clipboard-write; encrypted-media; gyroscope; picture-in-picture; web-share\" referrerpolicy=\"strict-origin-when-cross-origin\" allowfullscreen><\/iframe><\/p>\n<p>&nbsp;<\/p>\n<p>Josep<\/p>\n","protected":false},"excerpt":{"rendered":"<p>Hola alumnes de PRIMER I SEGON, com fer passar el temps mentre estem confinats?\u00a0<br \/>\nVull saludar-vos !! Tamb\u00e9 fer-vos una proposta !! Continuar aprenent i recordant all\u00f2 que hem estat fent a l\u2019escola. Ja sabeu que quan arriba la primavera cantem aquella can\u00e7\u00f3 que diu :\u00a0<br \/>\nEt&hellip;  <a href=\"https:\/\/agora.xtec.cat\/ceiptorresjonama\/primaria\/3r\/cantem\/\" title=\"Read Cantem!!!!!\">Llegeix m\u00e9s\u00bb<\/a><\/p>\n","protected":false},"author":3,"featured_media":2599,"comment_status":"closed","ping_status":"closed","sticky":false,"template":"","format":"standard","meta":{"_bbp_topic_count":0,"_bbp_reply_count":0,"_bbp_total_topic_count":0,"_bbp_total_reply_count":0,"_bbp_voice_count":0,"_bbp_anonymous_reply_count":0,"_bbp_topic_count_hidden":0,"_bbp_reply_count_hidden":0,"_bbp_forum_subforum_count":0,"footnotes":""},"categories":[10,11],"tags":[],"class_list":["post-2564","post","type-post","status-publish","format-standard","has-post-thumbnail","hentry","category-3r","category-4t"],"post_mailing_queue_ids":[],"_links":{"self":[{"href":"https:\/\/agora.xtec.cat\/ceiptorresjonama\/wp-json\/wp\/v2\/posts\/2564","targetHints":{"allow":["GET"]}}],"collection":[{"href":"https:\/\/agora.xtec.cat\/ceiptorresjonama\/wp-json\/wp\/v2\/posts"}],"about":[{"href":"https:\/\/agora.xtec.cat\/ceiptorresjonama\/wp-json\/wp\/v2\/types\/post"}],"author":[{"embeddable":true,"href":"https:\/\/agora.xtec.cat\/ceiptorresjonama\/wp-json\/wp\/v2\/users\/3"}],"replies":[{"embeddable":true,"href":"https:\/\/agora.xtec.cat\/ceiptorresjonama\/wp-json\/wp\/v2\/comments?post=2564"}],"version-history":[{"count":3,"href":"https:\/\/agora.xtec.cat\/ceiptorresjonama\/wp-json\/wp\/v2\/posts\/2564\/revisions"}],"predecessor-version":[{"id":2600,"href":"https:\/\/agora.xtec.cat\/ceiptorresjonama\/wp-json\/wp\/v2\/posts\/2564\/revisions\/2600"}],"wp:featuredmedia":[{"embeddable":true,"href":"https:\/\/agora.xtec.cat\/ceiptorresjonama\/wp-json\/wp\/v2\/media\/2599"}],"wp:attachment":[{"href":"https:\/\/agora.xtec.cat\/ceiptorresjonama\/wp-json\/wp\/v2\/media?parent=2564"}],"wp:term":[{"taxonomy":"category","embeddable":true,"href":"https:\/\/agora.xtec.cat\/ceiptorresjonama\/wp-json\/wp\/v2\/categories?post=2564"},{"taxonomy":"post_tag","embeddable":true,"href":"https:\/\/agora.xtec.cat\/ceiptorresjonama\/wp-json\/wp\/v2\/tags?post=2564"}],"curies":[{"name":"wp","href":"https:\/\/api.w.org\/{rel}","templated":true}]}}