{"id":2548,"date":"2020-03-24T20:52:53","date_gmt":"2020-03-24T19:52:53","guid":{"rendered":"https:\/\/agora.xtec.cat\/ceiptorresjonama\/?p=2548"},"modified":"2020-03-24T20:52:53","modified_gmt":"2020-03-24T19:52:53","slug":"bona-tarda-nenes-i-nens-de-5e","status":"publish","type":"post","link":"https:\/\/agora.xtec.cat\/ceiptorresjonama\/primaria\/6e-22-23\/bona-tarda-nenes-i-nens-de-5e\/","title":{"rendered":"Bona tarda nenes i nens de 5\u00e8"},"content":{"rendered":"<p style=\"text-align: justify;\">Hola a totes i tots les noies i els nois de 5\u00e8. <a href=\"https:\/\/agora.xtec.cat\/ceiptorresjonama\/wp-content\/uploads\/usu279\/2020\/03\/Casa.gif\"><img loading=\"lazy\" decoding=\"async\" class=\"wp-image-2527 alignright\" src=\"https:\/\/agora.xtec.cat\/ceiptorresjonama\/wp-content\/uploads\/usu279\/2020\/03\/Casa-150x150.gif\" alt=\"\" width=\"167\" height=\"167\" srcset=\"https:\/\/agora.xtec.cat\/ceiptorresjonama\/wp-content\/uploads\/usu279\/2020\/03\/Casa-150x150.gif 150w, https:\/\/agora.xtec.cat\/ceiptorresjonama\/wp-content\/uploads\/usu279\/2020\/03\/Casa-300x300.gif 300w\" sizes=\"auto, (max-width: 167px) 100vw, 167px\" \/><\/a><\/p>\n<p style=\"text-align: justify;\">\nSembla que aix\u00f2 no era un virus d\u2019\u00c0sia i que poc arribaria a afectar les nostres vides com ens est\u00e0 afectant. Espero que totes i totsvosaltres i els vostres familiars esteu b\u00e9 de salut. Amb el mes de mar\u00e7 tant ple d\u2019activitats com ten\u00edem (el Dia Mundialde la poesia, l\u2019excursi\u00f3 a Girona i les seves llegendes, la visita d\u2019en Joan de D\u00e9u Prats, les proves Cangur, el teatre&#8230;i les col\u00f2nies). Per\u00f2 la vida a vegades ens obliga a parar tot el que ten\u00edem pensat fer i replantejar-nos les coses de nou. Aix\u00f2 \u00e9s el que farem quan ens puguem tornar a veure que desitjo que sigui aviat i espero que vosaltres tamb\u00e9. Mentre no sigui aix\u00ed ens podem posar en contacte a trav\u00e9s del meu correu electr\u00f2nic: <span style=\"color: #0000ff;\"><strong>fdiaz2<span class=\"atwho-query\">@xtec.cat<\/span><\/strong><\/span><\/p>\n<p style=\"text-align: justify;\">\nB\u00e9, anem per feina. L\u2019\u00faltim dia ja vam quedar que les comunicacions les faria l\u2019escola a trav\u00e9s de la p\u00e0gina web i per aquest motiu era molt important que totes les vostres fam\u00edlies es fessin seguidores i seguidors ja que aix\u00ed els hi arribaria directament l\u2019av\u00eds de les novetats que an\u00e9ssim penjant. Per tant ja deveu estar informats de totes les possibles activitats que recomanem que feu durant aquests dies de confinament. A m\u00e9s tamb\u00e9 us vaig donar feina de llengua i de socials per fer. Ja ho teniu acabat? Si ho heu fet, molt b\u00e9. Si encara no, no us adormiu i aneu acabant (aquesta si era feina obligat\u00f2ria).<br \/>\nRecordeu que el m\u00e9s important \u00e9s no deixar de llegir, llegir, llegir&#8230; ens ajuda a expressar-nos millor, a escriure millor, amb les faltes d\u2019ortografia, amb la imaginaci\u00f3, a no avorrir-nos&#8230;<br \/>\nEl primer que m\u2019agradaria que m\u2019envi\u00e9ssiu \u00e9s un petit escrit, unes 100 paraules com a m\u00e0xim, on expresseu com ho esteu passant, quins sentiments us provoca tota aquesta situaci\u00f3, com viviu el dia a dia, quins son els vostres desitjos&#8230; acompanyat del vostre horari. Un horari com us va ensenyar en Jaume a fer, amb totes les tasques que feu al llarg de la setmana. Per tant un horari setmanal amb dues franges hor\u00e0ries important: una de mat\u00ed i una altra de<br \/>\ntarda de &#8230;.. hora a &#8230;.. hora. En aquestes franges vull saber les estones i a quines hores dediques a: llegir, fer les activitats proposades per l\u2019escola, activitats recomanades per les p\u00e0gines web, activitats familiars i activitats l\u00fadiques (quines?, jocs, internet, manualitats, tv&#8230;).<\/p>\n<p style=\"text-align: justify;\">Com que de matem\u00e0tiques no us vaig posar res concret a fer, si m\u2019agradaria que f\u00e9ssiu el pl\u00e0nol de la vostra habitaci\u00f3, a escala. L\u2019escala la podeu decidir vosaltres, el m\u00e9s f\u00e0cil \u00e9s que 1 metre representi 8 cm; o si teniu paper quadriculat 1 m representi el n\u00famero de quadrats que decidiu. Recordeu que els mobles tamb\u00e9 han de ser a escala. En el full heu de posar el vostre nom i m\u00e9s mesures reals de tots els espais dibuixats. Quan el tingueu acabat li podeu fer una foto i enviar-me\u2019l per correu.<\/p>\n<p style=\"text-align: justify;\">\nRecordeu que tots els treballs que m\u2019aneu enviant no deixar-vos de posar el nom, i que \u00e9s molt important no que ho feu sin\u00f3 que estigui<br \/>\nben fet i sobretot que repasseu, que us prengueu el temps en fer la feina ben feta. Per aquesta setmana em sembla que ja n\u2019hi ha prou. La propera<br \/>\nsetmana us enviar\u00e9 altres tasques a fer. No son feines obligat\u00f2ries per\u00f2 fora bo que ho f\u00e9ssiu, seran tasques f\u00e0cils i recordatori de<br \/>\ntreballs i conceptes ja apresos.<\/p>\n<p style=\"text-align: justify;\">\nBona setmana i \u00e0nims!!!! Una forta abra\u00e7ada.<br \/>\nPaquita<\/p>\n","protected":false},"excerpt":{"rendered":"<p>Hola a totes i tots les noies i els nois de 5\u00e8. <a href=\"https:\/\/agora.xtec.cat\/ceiptorresjonama\/wp-content\/uploads\/usu279\/2020\/03\/Casa.gif\"><\/a><\/p>\n<p>Sembla que aix\u00f2 no era un virus d\u2019\u00c0sia i que poc arribaria a afectar les nostres vides com ens est\u00e0 afectant. Espero que totes i totsvosaltres i els vostres familiars esteu b\u00e9&hellip;  <a href=\"https:\/\/agora.xtec.cat\/ceiptorresjonama\/primaria\/6e-22-23\/bona-tarda-nenes-i-nens-de-5e\/\" title=\"Read Bona tarda nenes i nens de 5\u00e8\">Llegeix m\u00e9s\u00bb<\/a><\/p>\n","protected":false},"author":3,"featured_media":1675,"comment_status":"closed","ping_status":"closed","sticky":false,"template":"","format":"standard","meta":{"_bbp_topic_count":0,"_bbp_reply_count":0,"_bbp_total_topic_count":0,"_bbp_total_reply_count":0,"_bbp_voice_count":0,"_bbp_anonymous_reply_count":0,"_bbp_topic_count_hidden":0,"_bbp_reply_count_hidden":0,"_bbp_forum_subforum_count":0,"footnotes":""},"categories":[14],"tags":[],"class_list":["post-2548","post","type-post","status-publish","format-standard","has-post-thumbnail","hentry","category-6e-22-23"],"post_mailing_queue_ids":[],"_links":{"self":[{"href":"https:\/\/agora.xtec.cat\/ceiptorresjonama\/wp-json\/wp\/v2\/posts\/2548","targetHints":{"allow":["GET"]}}],"collection":[{"href":"https:\/\/agora.xtec.cat\/ceiptorresjonama\/wp-json\/wp\/v2\/posts"}],"about":[{"href":"https:\/\/agora.xtec.cat\/ceiptorresjonama\/wp-json\/wp\/v2\/types\/post"}],"author":[{"embeddable":true,"href":"https:\/\/agora.xtec.cat\/ceiptorresjonama\/wp-json\/wp\/v2\/users\/3"}],"replies":[{"embeddable":true,"href":"https:\/\/agora.xtec.cat\/ceiptorresjonama\/wp-json\/wp\/v2\/comments?post=2548"}],"version-history":[{"count":3,"href":"https:\/\/agora.xtec.cat\/ceiptorresjonama\/wp-json\/wp\/v2\/posts\/2548\/revisions"}],"predecessor-version":[{"id":2552,"href":"https:\/\/agora.xtec.cat\/ceiptorresjonama\/wp-json\/wp\/v2\/posts\/2548\/revisions\/2552"}],"wp:featuredmedia":[{"embeddable":true,"href":"https:\/\/agora.xtec.cat\/ceiptorresjonama\/wp-json\/wp\/v2\/media\/1675"}],"wp:attachment":[{"href":"https:\/\/agora.xtec.cat\/ceiptorresjonama\/wp-json\/wp\/v2\/media?parent=2548"}],"wp:term":[{"taxonomy":"category","embeddable":true,"href":"https:\/\/agora.xtec.cat\/ceiptorresjonama\/wp-json\/wp\/v2\/categories?post=2548"},{"taxonomy":"post_tag","embeddable":true,"href":"https:\/\/agora.xtec.cat\/ceiptorresjonama\/wp-json\/wp\/v2\/tags?post=2548"}],"curies":[{"name":"wp","href":"https:\/\/api.w.org\/{rel}","templated":true}]}}