{"id":2479,"date":"2020-03-23T15:31:48","date_gmt":"2020-03-23T14:31:48","guid":{"rendered":"https:\/\/agora.xtec.cat\/ceiptorresjonama\/?p=2479"},"modified":"2020-03-25T15:08:56","modified_gmt":"2020-03-25T14:08:56","slug":"activitat-1-reflexions-des-de-casa","status":"publish","type":"post","link":"https:\/\/agora.xtec.cat\/ceiptorresjonama\/general\/activitat-1-reflexions-des-de-casa\/","title":{"rendered":"Activitat 1. Reflexions des de casa."},"content":{"rendered":"<p><span style=\"font-weight: 400\">REFLEXIONS DES DE CASA<\/span><\/p>\n<p><span style=\"font-weight: 400\">S\u00ed, ens han allargat dues setmanes m\u00e9s el confinament. Estic segur que tots i totes vosaltres n&#8217;esteu al cas, perqu\u00e8 durant tot el curs m&#8217;heu demostrat que seguiu l&#8217;actualitat.\u00a0<\/span><\/p>\n<p><span style=\"font-weight: 400\">Ho reconec,\u00a0 no \u00e9s una bona not\u00edcia. Crec que a ning\u00fa li agrada estar a casa tancat tot el dia, sense poder sortir al carrer, ni poder veure els amics i amigues que veig a diari, ni anar a futbol, angl\u00e8s, anar a la platja, al bosc o a la pla\u00e7a. Tampoc crec que agradi a ning\u00fa sentir a les not\u00edcies que hi ha un virus que est\u00e0 afectant a molta gent i que a m\u00e9s, hi ha gent que es mor\u2026 tot plegat \u00e9s molt trist.<\/span><\/p>\n<p><span style=\"font-weight: 400\">Per\u00f2 com ja sabeu, m&#8217;agrada sempre veure el costat positiu de les coses, o si m\u00e9s no, veure el que en podem aprendre de tot plegat.<\/span><\/p>\n<p><span style=\"font-weight: 400\">Us proposo unes quantes reflexions en positiu:<\/span><\/p>\n<ul>\n<li style=\"font-weight: 400\"><span style=\"font-weight: 400\">La contaminaci\u00f3 es reduir\u00e0 i el planeta ho necessita, i molt. Potser \u00e9s un av\u00eds?<\/span><\/li>\n<li style=\"font-weight: 400\"><span style=\"font-weight: 400\">Les noves tecnologies ens ajuden a distreure&#8217; ns,\u00a0 per\u00f2 les relacions personals s\u00f3n insubstitu\u00efbles. Les hem de cuidar.<\/span><\/li>\n<li style=\"font-weight: 400\"><span style=\"font-weight: 400\">L&#8217;activitat a l&#8217;aire lliure \u00e9s molt gratificant. Segurament m\u00e9s que a interior.<\/span><\/li>\n<li style=\"font-weight: 400\"><span style=\"font-weight: 400\">La situaci\u00f3 \u00e9s cosa de tots i totes. Aix\u00f2 vol dir que hem de deixar les individualitats de banda. La cooperaci\u00f3 \u00e9s el cam\u00ed per sortir-se&#8217;n<\/span><\/li>\n<li style=\"font-weight: 400\"><span style=\"font-weight: 400\">Aquest virus ataca a tothom, no hi ent\u00e9n de races, cultures, idiomes, pa\u00efsos, religions, som pobres o rics \u2026 ser\u00e0 que no som tant diferents no?<\/span><\/li>\n<\/ul>\n<p><span style=\"font-weight: 400\">Et proposo dues activitats.<\/span><\/p>\n<ol>\n<li style=\"font-weight: 400\"><span style=\"font-weight: 400\">Explica&#8217;m qu\u00e8 fas el teu dia a dia en aquest confinament, qu\u00e8 sents, qu\u00e8 penses, com passes el temps, qu\u00e8 t&#8217;agrada, qu\u00e8 no t&#8217;agrada, qu\u00e8 trobes a faltar, etc. <\/span><\/li>\n<li style=\"font-weight: 400\">Pots allargar la llista que he comen\u00e7at jo? Com creus que aquesta situaci\u00f3 pot afectar en positiu en la teva vida o en la de tothom? Tamb\u00e9 pots comentar algun dels punts que t&#8217;he proposat.<\/li>\n<\/ol>\n<p><span style=\"font-weight: 400\">Posa un t\u00edtol a cada un dels escrits. Recorda els 3 passos per redactar: <\/span><b>pensar, escriure i revisar<\/b><span style=\"font-weight: 400\">!<\/span><\/p>\n<p><span style=\"font-weight: 400\">Pren-te el temps que necessitis, pensa que \u00e9s una situaci\u00f3 \u00fanica que esperem no tornar a viure. L&#8217;escrit que facis, t&#8217;agradar\u00e0 llegir-lo quan siguis gran.<\/span><\/p>\n<p><span style=\"font-weight: 400\">Pots fer l&#8217;activitat en un word i enviar-me&#8217;l, o b\u00e9 escriure directament al mail.<\/span><\/p>\n<p>Pels de 6\u00e8 A: asaballs@xtec.cat<\/p>\n<p><span style=\"font-weight: 400\">Pels de 6\u00e8 B: <\/span><span style=\"font-weight: 400\">bgil5@xtec.cat<\/span><\/p>\n<p>Biel<\/p>\n<p>&nbsp;<\/p>\n","protected":false},"excerpt":{"rendered":"<p>REFLEXIONS DES DE CASA<br \/>\nS\u00ed, ens han allargat dues setmanes m\u00e9s el confinament. Estic segur que tots i totes vosaltres n&#8217;esteu al cas, perqu\u00e8 durant tot el curs m&#8217;heu demostrat que seguiu l&#8217;actualitat.\u00a0<br \/>\nHo reconec,\u00a0 no \u00e9s una bona not\u00edcia. Crec que a ning\u00fa li agrada estar&hellip;  <a href=\"https:\/\/agora.xtec.cat\/ceiptorresjonama\/general\/activitat-1-reflexions-des-de-casa\/\" title=\"Read Activitat 1. Reflexions des de casa.\">Llegeix m\u00e9s\u00bb<\/a><\/p>\n","protected":false},"author":4,"featured_media":0,"comment_status":"closed","ping_status":"closed","sticky":false,"template":"","format":"standard","meta":{"_bbp_topic_count":0,"_bbp_reply_count":0,"_bbp_total_topic_count":0,"_bbp_total_reply_count":0,"_bbp_voice_count":0,"_bbp_anonymous_reply_count":0,"_bbp_topic_count_hidden":0,"_bbp_reply_count_hidden":0,"_bbp_forum_subforum_count":0,"footnotes":""},"categories":[1],"tags":[],"class_list":["post-2479","post","type-post","status-publish","format-standard","hentry","category-general"],"post_mailing_queue_ids":[],"_links":{"self":[{"href":"https:\/\/agora.xtec.cat\/ceiptorresjonama\/wp-json\/wp\/v2\/posts\/2479","targetHints":{"allow":["GET"]}}],"collection":[{"href":"https:\/\/agora.xtec.cat\/ceiptorresjonama\/wp-json\/wp\/v2\/posts"}],"about":[{"href":"https:\/\/agora.xtec.cat\/ceiptorresjonama\/wp-json\/wp\/v2\/types\/post"}],"author":[{"embeddable":true,"href":"https:\/\/agora.xtec.cat\/ceiptorresjonama\/wp-json\/wp\/v2\/users\/4"}],"replies":[{"embeddable":true,"href":"https:\/\/agora.xtec.cat\/ceiptorresjonama\/wp-json\/wp\/v2\/comments?post=2479"}],"version-history":[{"count":3,"href":"https:\/\/agora.xtec.cat\/ceiptorresjonama\/wp-json\/wp\/v2\/posts\/2479\/revisions"}],"predecessor-version":[{"id":2571,"href":"https:\/\/agora.xtec.cat\/ceiptorresjonama\/wp-json\/wp\/v2\/posts\/2479\/revisions\/2571"}],"wp:attachment":[{"href":"https:\/\/agora.xtec.cat\/ceiptorresjonama\/wp-json\/wp\/v2\/media?parent=2479"}],"wp:term":[{"taxonomy":"category","embeddable":true,"href":"https:\/\/agora.xtec.cat\/ceiptorresjonama\/wp-json\/wp\/v2\/categories?post=2479"},{"taxonomy":"post_tag","embeddable":true,"href":"https:\/\/agora.xtec.cat\/ceiptorresjonama\/wp-json\/wp\/v2\/tags?post=2479"}],"curies":[{"name":"wp","href":"https:\/\/api.w.org\/{rel}","templated":true}]}}