{"id":2385,"date":"2020-03-18T15:23:51","date_gmt":"2020-03-18T14:23:51","guid":{"rendered":"https:\/\/agora.xtec.cat\/ceiptorresjonama\/?p=2385"},"modified":"2020-03-18T15:24:15","modified_gmt":"2020-03-18T14:24:15","slug":"sajorna-la-preinscripcio","status":"publish","type":"post","link":"https:\/\/agora.xtec.cat\/ceiptorresjonama\/general\/sajorna-la-preinscripcio\/","title":{"rendered":"S&#8217;ajorna la preinscripci\u00f3"},"content":{"rendered":"<p>El Departament d&#8217;Educaci\u00f3 ens ha comunicat que s&#8217;ajorna la preinscripci\u00f3 de segon cicle d&#8217;infantil, de prim\u00e0ria i de secund\u00e0ria obligat\u00f2ria. Quan es concreti el nou calendari se n&#8217;informar\u00e0.<\/p>\n<p>La direcci\u00f3.<\/p>\n","protected":false},"excerpt":{"rendered":"<p>El Departament d&#8217;Educaci\u00f3 ens ha comunicat que s&#8217;ajorna la preinscripci\u00f3 de segon cicle d&#8217;infantil, de prim\u00e0ria i de secund\u00e0ria obligat\u00f2ria. Quan es concreti el nou calendari se n&#8217;informar\u00e0.<br \/>\nLa direcci\u00f3.<\/p>\n","protected":false},"author":4,"featured_media":0,"comment_status":"closed","ping_status":"closed","sticky":false,"template":"","format":"standard","meta":{"_bbp_topic_count":0,"_bbp_reply_count":0,"_bbp_total_topic_count":0,"_bbp_total_reply_count":0,"_bbp_voice_count":0,"_bbp_anonymous_reply_count":0,"_bbp_topic_count_hidden":0,"_bbp_reply_count_hidden":0,"_bbp_forum_subforum_count":0,"footnotes":""},"categories":[1],"tags":[],"class_list":["post-2385","post","type-post","status-publish","format-standard","hentry","category-general"],"post_mailing_queue_ids":[],"_links":{"self":[{"href":"https:\/\/agora.xtec.cat\/ceiptorresjonama\/wp-json\/wp\/v2\/posts\/2385","targetHints":{"allow":["GET"]}}],"collection":[{"href":"https:\/\/agora.xtec.cat\/ceiptorresjonama\/wp-json\/wp\/v2\/posts"}],"about":[{"href":"https:\/\/agora.xtec.cat\/ceiptorresjonama\/wp-json\/wp\/v2\/types\/post"}],"author":[{"embeddable":true,"href":"https:\/\/agora.xtec.cat\/ceiptorresjonama\/wp-json\/wp\/v2\/users\/4"}],"replies":[{"embeddable":true,"href":"https:\/\/agora.xtec.cat\/ceiptorresjonama\/wp-json\/wp\/v2\/comments?post=2385"}],"version-history":[{"count":1,"href":"https:\/\/agora.xtec.cat\/ceiptorresjonama\/wp-json\/wp\/v2\/posts\/2385\/revisions"}],"predecessor-version":[{"id":2386,"href":"https:\/\/agora.xtec.cat\/ceiptorresjonama\/wp-json\/wp\/v2\/posts\/2385\/revisions\/2386"}],"wp:attachment":[{"href":"https:\/\/agora.xtec.cat\/ceiptorresjonama\/wp-json\/wp\/v2\/media?parent=2385"}],"wp:term":[{"taxonomy":"category","embeddable":true,"href":"https:\/\/agora.xtec.cat\/ceiptorresjonama\/wp-json\/wp\/v2\/categories?post=2385"},{"taxonomy":"post_tag","embeddable":true,"href":"https:\/\/agora.xtec.cat\/ceiptorresjonama\/wp-json\/wp\/v2\/tags?post=2385"}],"curies":[{"name":"wp","href":"https:\/\/api.w.org\/{rel}","templated":true}]}}