{"id":2325,"date":"2020-02-17T12:51:53","date_gmt":"2020-02-17T11:51:53","guid":{"rendered":"https:\/\/agora.xtec.cat\/ceiptorresjonama\/?p=2325"},"modified":"2020-02-17T12:52:58","modified_gmt":"2020-02-17T11:52:58","slug":"ha-arribat-el-rei-carnestoltes-2","status":"publish","type":"post","link":"https:\/\/agora.xtec.cat\/ceiptorresjonama\/general\/ha-arribat-el-rei-carnestoltes-2\/","title":{"rendered":"Ha arribat el Rei Carnestoltes!"},"content":{"rendered":"<p>Les nenes i els nens de cicle mitj\u00e0 han donat la benvinguda al Rei Carnestoltes i tota l&#8217;escola l&#8217;ha vingut a rebre amb una m\u00e0scara, una perruca o un barret. Amb el preg\u00f3 i un ball hem donat el tret de sortida a la gresca i la disbauxa!<\/p>\n<p style=\"text-align: center\">Que comenci la festa!<\/p>\n<p style=\"text-align: center\">Que comenci el carnaval!<\/p>\n<p style=\"text-align: center\">Que comenci la gresca i el terrabastall!<\/p>\n<p style=\"text-align: center\">( podeu veure les fotos de la festa fent clic a la foto)<\/p>\n<p><a href=\"https:\/\/photos.app.goo.gl\/fTAaP52GfGhL8cLa8\"><img loading=\"lazy\" decoding=\"async\" class=\"aligncenter size-medium wp-image-2326\" src=\"https:\/\/agora.xtec.cat\/ceiptorresjonama\/wp-content\/uploads\/usu279\/2020\/02\/IMG_1035-300x225.jpg\" alt=\"\" width=\"300\" height=\"225\" srcset=\"https:\/\/agora.xtec.cat\/ceiptorresjonama\/wp-content\/uploads\/usu279\/2020\/02\/IMG_1035-300x225.jpg 300w, https:\/\/agora.xtec.cat\/ceiptorresjonama\/wp-content\/uploads\/usu279\/2020\/02\/IMG_1035-200x150.jpg 200w, https:\/\/agora.xtec.cat\/ceiptorresjonama\/wp-content\/uploads\/usu279\/2020\/02\/IMG_1035.jpg 640w\" sizes=\"auto, (max-width: 300px) 100vw, 300px\" \/><\/a><\/p>\n","protected":false},"excerpt":{"rendered":"<p>Les nenes i els nens de cicle mitj\u00e0 han donat la benvinguda al Rei Carnestoltes i tota l&#8217;escola l&#8217;ha vingut a rebre amb una m\u00e0scara, una perruca o un barret. Amb el preg\u00f3 i un ball hem donat el tret de sortida a la gresca&hellip;  <a href=\"https:\/\/agora.xtec.cat\/ceiptorresjonama\/general\/ha-arribat-el-rei-carnestoltes-2\/\" title=\"Read Ha arribat el Rei Carnestoltes!\">Llegeix m\u00e9s\u00bb<\/a><\/p>\n","protected":false},"author":4,"featured_media":2329,"comment_status":"closed","ping_status":"closed","sticky":false,"template":"","format":"standard","meta":{"_bbp_topic_count":0,"_bbp_reply_count":0,"_bbp_total_topic_count":0,"_bbp_total_reply_count":0,"_bbp_voice_count":0,"_bbp_anonymous_reply_count":0,"_bbp_topic_count_hidden":0,"_bbp_reply_count_hidden":0,"_bbp_forum_subforum_count":0,"footnotes":""},"categories":[12,13,1],"tags":[],"class_list":["post-2325","post","type-post","status-publish","format-standard","has-post-thumbnail","hentry","category-5e","category-6e","category-general"],"post_mailing_queue_ids":[],"_links":{"self":[{"href":"https:\/\/agora.xtec.cat\/ceiptorresjonama\/wp-json\/wp\/v2\/posts\/2325","targetHints":{"allow":["GET"]}}],"collection":[{"href":"https:\/\/agora.xtec.cat\/ceiptorresjonama\/wp-json\/wp\/v2\/posts"}],"about":[{"href":"https:\/\/agora.xtec.cat\/ceiptorresjonama\/wp-json\/wp\/v2\/types\/post"}],"author":[{"embeddable":true,"href":"https:\/\/agora.xtec.cat\/ceiptorresjonama\/wp-json\/wp\/v2\/users\/4"}],"replies":[{"embeddable":true,"href":"https:\/\/agora.xtec.cat\/ceiptorresjonama\/wp-json\/wp\/v2\/comments?post=2325"}],"version-history":[{"count":2,"href":"https:\/\/agora.xtec.cat\/ceiptorresjonama\/wp-json\/wp\/v2\/posts\/2325\/revisions"}],"predecessor-version":[{"id":2328,"href":"https:\/\/agora.xtec.cat\/ceiptorresjonama\/wp-json\/wp\/v2\/posts\/2325\/revisions\/2328"}],"wp:featuredmedia":[{"embeddable":true,"href":"https:\/\/agora.xtec.cat\/ceiptorresjonama\/wp-json\/wp\/v2\/media\/2329"}],"wp:attachment":[{"href":"https:\/\/agora.xtec.cat\/ceiptorresjonama\/wp-json\/wp\/v2\/media?parent=2325"}],"wp:term":[{"taxonomy":"category","embeddable":true,"href":"https:\/\/agora.xtec.cat\/ceiptorresjonama\/wp-json\/wp\/v2\/categories?post=2325"},{"taxonomy":"post_tag","embeddable":true,"href":"https:\/\/agora.xtec.cat\/ceiptorresjonama\/wp-json\/wp\/v2\/tags?post=2325"}],"curies":[{"name":"wp","href":"https:\/\/api.w.org\/{rel}","templated":true}]}}