{"id":2312,"date":"2020-02-16T23:16:59","date_gmt":"2020-02-16T22:16:59","guid":{"rendered":"https:\/\/agora.xtec.cat\/ceiptorresjonama\/?p=2312"},"modified":"2020-02-16T23:17:06","modified_gmt":"2020-02-16T22:17:06","slug":"a-lhora-del-pati-un-conte-9","status":"publish","type":"post","link":"https:\/\/agora.xtec.cat\/ceiptorresjonama\/activitats-biblioteca-escola\/a-lhora-del-pati-un-conte-9\/","title":{"rendered":"A l&#8217;hora del pati: un conte!"},"content":{"rendered":"<p>A 1r, 2n, i 3r. la Isabel ens ha explicat aquests contes:<\/p>\n<p><a href=\"https:\/\/agora.xtec.cat\/ceiptorresjonama\/wp-content\/uploads\/usu279\/2020\/02\/gatsplat.jpg\"><img loading=\"lazy\" decoding=\"async\" class=\" wp-image-2313 alignleft\" src=\"https:\/\/agora.xtec.cat\/ceiptorresjonama\/wp-content\/uploads\/usu279\/2020\/02\/gatsplat-300x300.jpg\" alt=\"\" width=\"225\" height=\"225\" srcset=\"https:\/\/agora.xtec.cat\/ceiptorresjonama\/wp-content\/uploads\/usu279\/2020\/02\/gatsplat-300x300.jpg 300w, https:\/\/agora.xtec.cat\/ceiptorresjonama\/wp-content\/uploads\/usu279\/2020\/02\/gatsplat-150x150.jpg 150w, https:\/\/agora.xtec.cat\/ceiptorresjonama\/wp-content\/uploads\/usu279\/2020\/02\/gatsplat.jpg 500w\" sizes=\"auto, (max-width: 225px) 100vw, 225px\" \/><\/a><span style=\"color: #33cccc\"><strong>Sinopsi<\/strong><\/span>: Era molt aviat quan l&#8217;Splat es va despertar aquell mat\u00ed. Era el seu primer dia a l&#8217;escola per a gats i movia la cua com un boig, amb preocupaci\u00f3.Si m&#8217;amago potser el dia passa de llarg&#8230; ell no sabia totes les agradables sorpreses que tindria a l&#8217;escola!<\/p>\n<p>&nbsp;<\/p>\n<p>&nbsp;<\/p>\n<p>&nbsp;<\/p>\n<p><a href=\"https:\/\/agora.xtec.cat\/ceiptorresjonama\/wp-content\/uploads\/usu279\/2020\/02\/lamorsplat.png\"><img loading=\"lazy\" decoding=\"async\" class=\" wp-image-2314 alignleft\" src=\"https:\/\/agora.xtec.cat\/ceiptorresjonama\/wp-content\/uploads\/usu279\/2020\/02\/lamorsplat-300x300.png\" alt=\"\" width=\"225\" height=\"225\" srcset=\"https:\/\/agora.xtec.cat\/ceiptorresjonama\/wp-content\/uploads\/usu279\/2020\/02\/lamorsplat-300x300.png 300w, https:\/\/agora.xtec.cat\/ceiptorresjonama\/wp-content\/uploads\/usu279\/2020\/02\/lamorsplat-150x150.png 150w, https:\/\/agora.xtec.cat\/ceiptorresjonama\/wp-content\/uploads\/usu279\/2020\/02\/lamorsplat-768x768.png 768w, https:\/\/agora.xtec.cat\/ceiptorresjonama\/wp-content\/uploads\/usu279\/2020\/02\/lamorsplat-1024x1024.png 1024w, https:\/\/agora.xtec.cat\/ceiptorresjonama\/wp-content\/uploads\/usu279\/2020\/02\/lamorsplat.png 1050w\" sizes=\"auto, (max-width: 225px) 100vw, 225px\" \/><\/a><\/p>\n<p><strong><span style=\"color: #ffff00\">\u00a0<span style=\"color: #ff0000\">Sinopsi<\/span><\/span><\/strong>: \u00c9s Sant Valent\u00ed i l&#8217;Splat t\u00e9 una targeta especial per a alg\u00fa que li agrada m\u00e9s que les varetes de peix. Es diu Kitten, per\u00f2 sembla que a ella no li agrada tant Perqu\u00e8 sempre el fa empipar. A m\u00e9s a m\u00e9s, hi ha un dur competidor. Aconseguir\u00e0 l&#8217;Splat conquistar finalment la Kitten?<\/p>\n<p>&nbsp;<\/p>\n<p>&nbsp;<\/p>\n","protected":false},"excerpt":{"rendered":"<p>A 1r, 2n, i 3r. la Isabel ens ha explicat aquests contes:<br \/>\n<a href=\"https:\/\/agora.xtec.cat\/ceiptorresjonama\/wp-content\/uploads\/usu279\/2020\/02\/gatsplat.jpg\"><\/a>Sinopsi: Era molt aviat quan l&#8217;Splat es va despertar aquell mat\u00ed. Era el seu primer dia a l&#8217;escola per a gats i movia la cua com un boig, amb preocupaci\u00f3.Si m&#8217;amago potser el&hellip;  <a href=\"https:\/\/agora.xtec.cat\/ceiptorresjonama\/activitats-biblioteca-escola\/a-lhora-del-pati-un-conte-9\/\" title=\"Read A l&#8217;hora del pati: un conte!\">Llegeix m\u00e9s\u00bb<\/a><\/p>\n","protected":false},"author":4,"featured_media":0,"comment_status":"closed","ping_status":"closed","sticky":false,"template":"","format":"standard","meta":{"_bbp_topic_count":0,"_bbp_reply_count":0,"_bbp_total_topic_count":0,"_bbp_total_reply_count":0,"_bbp_voice_count":0,"_bbp_anonymous_reply_count":0,"_bbp_topic_count_hidden":0,"_bbp_reply_count_hidden":0,"_bbp_forum_subforum_count":0,"footnotes":""},"categories":[65],"tags":[],"class_list":["post-2312","post","type-post","status-publish","format-standard","hentry","category-activitats-biblioteca-escola"],"post_mailing_queue_ids":[],"_links":{"self":[{"href":"https:\/\/agora.xtec.cat\/ceiptorresjonama\/wp-json\/wp\/v2\/posts\/2312","targetHints":{"allow":["GET"]}}],"collection":[{"href":"https:\/\/agora.xtec.cat\/ceiptorresjonama\/wp-json\/wp\/v2\/posts"}],"about":[{"href":"https:\/\/agora.xtec.cat\/ceiptorresjonama\/wp-json\/wp\/v2\/types\/post"}],"author":[{"embeddable":true,"href":"https:\/\/agora.xtec.cat\/ceiptorresjonama\/wp-json\/wp\/v2\/users\/4"}],"replies":[{"embeddable":true,"href":"https:\/\/agora.xtec.cat\/ceiptorresjonama\/wp-json\/wp\/v2\/comments?post=2312"}],"version-history":[{"count":1,"href":"https:\/\/agora.xtec.cat\/ceiptorresjonama\/wp-json\/wp\/v2\/posts\/2312\/revisions"}],"predecessor-version":[{"id":2315,"href":"https:\/\/agora.xtec.cat\/ceiptorresjonama\/wp-json\/wp\/v2\/posts\/2312\/revisions\/2315"}],"wp:attachment":[{"href":"https:\/\/agora.xtec.cat\/ceiptorresjonama\/wp-json\/wp\/v2\/media?parent=2312"}],"wp:term":[{"taxonomy":"category","embeddable":true,"href":"https:\/\/agora.xtec.cat\/ceiptorresjonama\/wp-json\/wp\/v2\/categories?post=2312"},{"taxonomy":"post_tag","embeddable":true,"href":"https:\/\/agora.xtec.cat\/ceiptorresjonama\/wp-json\/wp\/v2\/tags?post=2312"}],"curies":[{"name":"wp","href":"https:\/\/api.w.org\/{rel}","templated":true}]}}